{"id":603022,"date":"2025-12-16T13:03:11","date_gmt":"2025-12-16T13:03:11","guid":{"rendered":"https:\/\/www.europesays.com\/fr\/603022\/"},"modified":"2025-12-16T13:03:11","modified_gmt":"2025-12-16T13:03:11","slug":"un-mineur-de-16-ans-interpelle-avec-une-arme-a-feu-a-la-gare-de-nantes","status":"publish","type":"post","link":"https:\/\/www.europesays.com\/fr\/603022\/","title":{"rendered":"Un mineur de 16\u00a0ans interpell\u00e9 avec une arme \u00e0 feu \u00e0 la gare de Nantes"},"content":{"rendered":"<p>Les agents de la s\u00fbret\u00e9 ferroviaire \u00e9taient en mission de s\u00e9curisation, lundi 15\u00a0d\u00e9cembre 2025 \u00e0 19\u00a0h\u00a040, quand ils contr\u00f4lent un mineur isol\u00e9 \u00e0 la gare de Nantes. L\u2019adolescent, qui dit avoir 16\u00a0ans, est en possession d\u2019une arme de calibre 7,65\u00a0mm dont le chargeur est vide.<\/p>\n<p>Il a \u00e9t\u00e9 remis \u00e0 la police<\/p>\n<p>Le mis en cause a \u00e9t\u00e9 interpell\u00e9 puis remis \u00e0 la police nationale et plac\u00e9 en garde \u00e0 vue pour port d\u2019arme de cat\u00e9gorie B.<\/p>\n<p>\u00a0<\/p>\n","protected":false},"excerpt":{"rendered":"Les agents de la s\u00fbret\u00e9 ferroviaire \u00e9taient en mission de s\u00e9curisation, lundi 15\u00a0d\u00e9cembre 2025 \u00e0 19\u00a0h\u00a040, quand ils&hellip;\n","protected":false},"author":2,"featured_media":603023,"comment_status":"","ping_status":"","sticky":false,"template":"","format":"standard","meta":{"footnotes":""},"categories":[2818],"tags":[11707,1111,11,1764,10268,1777,674,1312,1011,27,7533,9817,1123,766,12,2636,25,6689,9693],"class_list":{"0":"post-603022","1":"post","2":"type-post","3":"status-publish","4":"format-standard","5":"has-post-thumbnail","7":"category-nantes","8":"tag-11707","9":"tag-actu","10":"tag-actualites","11":"tag-ans","12":"tag-arme","13":"tag-eu","14":"tag-europe","15":"tag-feu","16":"tag-fr","17":"tag-france","18":"tag-gare","19":"tag-interpelle","20":"tag-mineur","21":"tag-nantes","22":"tag-news","23":"tag-pays-de-la-loire","24":"tag-republique-francaise","25":"tag-roche","26":"tag-yon"},"share_on_mastodon":{"url":"https:\/\/pubeurope.com\/@fr\/115729386850871441","error":""},"_links":{"self":[{"href":"https:\/\/www.europesays.com\/fr\/wp-json\/wp\/v2\/posts\/603022","targetHints":{"allow":["GET"]}}],"collection":[{"href":"https:\/\/www.europesays.com\/fr\/wp-json\/wp\/v2\/posts"}],"about":[{"href":"https:\/\/www.europesays.com\/fr\/wp-json\/wp\/v2\/types\/post"}],"author":[{"embeddable":true,"href":"https:\/\/www.europesays.com\/fr\/wp-json\/wp\/v2\/users\/2"}],"replies":[{"embeddable":true,"href":"https:\/\/www.europesays.com\/fr\/wp-json\/wp\/v2\/comments?post=603022"}],"version-history":[{"count":0,"href":"https:\/\/www.europesays.com\/fr\/wp-json\/wp\/v2\/posts\/603022\/revisions"}],"wp:featuredmedia":[{"embeddable":true,"href":"https:\/\/www.europesays.com\/fr\/wp-json\/wp\/v2\/media\/603023"}],"wp:attachment":[{"href":"https:\/\/www.europesays.com\/fr\/wp-json\/wp\/v2\/media?parent=603022"}],"wp:term":[{"taxonomy":"category","embeddable":true,"href":"https:\/\/www.europesays.com\/fr\/wp-json\/wp\/v2\/categories?post=603022"},{"taxonomy":"post_tag","embeddable":true,"href":"https:\/\/www.europesays.com\/fr\/wp-json\/wp\/v2\/tags?post=603022"}],"curies":[{"name":"wp","href":"https:\/\/api.w.org\/{rel}","templated":true}]}}