{"id":603028,"date":"2025-12-16T13:06:13","date_gmt":"2025-12-16T13:06:13","guid":{"rendered":"https:\/\/www.europesays.com\/fr\/603028\/"},"modified":"2025-12-16T13:06:13","modified_gmt":"2025-12-16T13:06:13","slug":"les-25-40-ans-nouvelle-cible-marketing-des-vins-de-bordeaux","status":"publish","type":"post","link":"https:\/\/www.europesays.com\/fr\/603028\/","title":{"rendered":"Les 25-40\u00a0ans, nouvelle cible marketing des vins de Bordeaux"},"content":{"rendered":"<p>\u00ab Il faut remettre la bouteille de vin de Bordeaux \u00e0 table \u00bb, lance Philippe Tapie, le pr\u00e9sident de Bordeaux N\u00e9goce et futur copr\u00e9sident du Conseil Interprofessionnel du Vin de Bordeaux (CIVB). \u00ab Nous devons faire \u00e9voluer nos produits vers des vins plus l\u00e9gers, frais et digestes tout en \u00e9duquant les jeunes g\u00e9n\u00e9rations. Mais il faut aussi cibler les trentenaires et quadrag\u00e9naires qui sont d\u00e9j\u00e0 consommateurs de vins \u00bb, poursuit le n\u00e9gociant bordelais alors que l\u2019interprofession a adopt\u00e9 le 15 d\u00e9cembre sa nouvelle feuille de route marketing 2026-2029.<\/p>\n<p>\u00ab L\u2019urgence, c\u2019est de faire des ventes \u00bb&#13;\n<\/p>\n<p>Et ce document, qui doit faire avec un budget en baisse, assume de faire le tri dans ses objectifs. \u00ab\u00a0Bordeaux est tr\u00e8s connu mais pas suffisamment d\u00e9sir\u00e9. La commercialisation n\u2019est pas au rendez-vous. Il faut donc prioriser notre action pour \u00e9viter le saupoudrage\u00a0\u00bb, pr\u00e9sente Florence Bossard, la directrice marketing du CIVB. \u00ab L\u2019urgence, c\u2019est de faire des ventes \u00e0 des prix r\u00e9mun\u00e9rateurs pour tous les acteurs ! \u00bb, ajoute-t-elle alors que les stocks sont pleins et les prix au plus bas.<\/p>\n<p>\u00c0 l\u2019export, les efforts porteront donc sur les march\u00e9s o\u00f9 Bordeaux est traditionnellement fort &#8211; \u00c9tats-Unis, Chine, Japon, Royaume-Uni et Belgique &#8211; sans s\u2019interdire des campagnes d\u2019opportunit\u00e9 comme au Canada o\u00f9 le bannissement des vins californiens a ouvert des parts de march\u00e9.<\/p>\n<p>Cibler les 25-40\u00a0ans&#13;\n<\/p>\n<p>Mais la France, qui p\u00e8se 55 % des volumes de Bordeaux et 40 % de la valeur, n\u2019est pas en reste. Alors que Bordeaux est parti ces derni\u00e8res ann\u00e9es \u00e0 l\u2019assaut de la g\u00e9n\u00e9ration Z (les moins de 25 ans) \u00e0 grand renfort de campagnes sur les r\u00e9seaux sociaux, il est d\u00e9sormais question de cibler un public plus \u00e2g\u00e9 et, a priori, disposant de davantage de pouvoir d\u2019achat.<\/p>\n<p>\u00ab Nous devons am\u00e9liorer notre d\u00e9sirabilit\u00e9 aupr\u00e8s des 25-40 ans qui boivent d\u00e9j\u00e0 du vin en priorisant notre pr\u00e9sence dans les r\u00e9seaux s\u00e9lectifs : cavistes, r\u00e9seaux sp\u00e9cialis\u00e9s, leaders d\u2019opinion \u00bb, poursuit Florence Bossard. Pour cela, le vignoble entend davantage s\u2019appuyer sur les appellations d\u2019origine contr\u00f4l\u00e9e qui sont sa force\u00a0: Bordeaux\/Bordeaux Sup, M\u00e9doc, Rive droite (Saint-\u00c9milion, Pomerol, Fronsac), Graves-Sauternes-Pessac L\u00e9ognan, Blaye et Bourg, Entre-Deux-Mers.<\/p>\n<p>Et les vins de Bordeaux, qui sont encore \u00e0 81\u00a0% du rouge, continuent \u00e0 se diversifier avec le cr\u00e9mant, le Claret ou encore le M\u00e9doc blanc et, bient\u00f4t, du <a href=\"https:\/\/www.latribune.fr\/article\/la-tribune-dimanche\/ltd107\/18631498138258\/saint-emilion-passera-t-il-au-blanc\" target=\"_blank\" rel=\"noopener\">Saint-\u00c9milion blanc<\/a>. \u00ab\u00a0Bordeaux c\u2019est une addition de sp\u00e9cificit\u00e9s et de particularit\u00e9s. Il faut s\u2019\u00e9manciper des cadres canoniques qui nous ont \u00e9touff\u00e9s. On ne doit rien s\u2019interdire mais on ne doit pas non plus faire n\u2019importe quoi\u00a0\u00bb, r\u00e9p\u00e8te Philippe Tapie. Il plaide notamment pour des \u00e9tiquettes plus modernes et pour une incarnation plus forte du vignoble.<\/p>\n<p>Une campagne nationale pour la Gen Z&#13;\n<\/p>\n<p>Pour autant, la g\u00e9n\u00e9ration Z ne sera pas d\u00e9laiss\u00e9e par la fili\u00e8re vin qui orchestrera une campagne nationale en 2026. \u00ab\u00a0Nous travaillons avec les autres r\u00e9gions viticoles pour lancer une campagne marketing commune \u00e0 destination des 18-25\u00a0ans. Nous avons d\u00e9j\u00e0 l\u2019accord des vins de Bordeaux, de Loire, du Rh\u00f4ne, du Languedoc-Rousssillon, de Provence et du Beaujolais\u00a0\u00bb, pr\u00e9cise Bernard Farges, le pr\u00e9sident du CIVB et du Comit\u00e9 national des interprofessions des vins \u00e0 appellation d\u2019origine et \u00e0 indication g\u00e9ographique.<\/p>\n<p>Quelle que soit la cible, le mill\u00e9sime 2025 qui s\u2019annonce en petite quantit\u00e9 mais en grande qualit\u00e9, nourrit des espoirs de rebond. \u00ab\u00a02025 sera un tr\u00e8s grand mill\u00e9sime. Il faut que les gens repartent des primeurs avec le sourire et avec l\u2019envie d\u2019acheter. Il faut donc un prix qui soit une \u00e9vidence\u00a0\u00bb, esquisse Philippe Tapie.<\/p>\n","protected":false},"excerpt":{"rendered":"\u00ab Il faut remettre la bouteille de vin de Bordeaux \u00e0 table \u00bb, lance Philippe Tapie, le pr\u00e9sident&hellip;\n","protected":false},"author":2,"featured_media":603029,"comment_status":"","ping_status":"","sticky":false,"template":"","format":"standard","meta":{"footnotes":""},"categories":[2817],"tags":[17,71542,1111,11,1997,1129,1777,674,1011,27,151,6972,12,2043,2219,56466,25,4186],"class_list":{"0":"post-603028","1":"post","2":"type-post","3":"status-publish","4":"format-standard","5":"has-post-thumbnail","7":"category-bordeaux","8":"tag-17","9":"tag-25-40-ans","10":"tag-actu","11":"tag-actualites","12":"tag-bordeaux","13":"tag-climat","14":"tag-eu","15":"tag-europe","16":"tag-fr","17":"tag-france","18":"tag-les","19":"tag-marketing","20":"tag-news","21":"tag-nouvelle","22":"tag-nouvelle-aquitaine","23":"tag-priorite","24":"tag-republique-francaise","25":"tag-vins"},"share_on_mastodon":{"url":"https:\/\/pubeurope.com\/@fr\/115729398810478203","error":""},"_links":{"self":[{"href":"https:\/\/www.europesays.com\/fr\/wp-json\/wp\/v2\/posts\/603028","targetHints":{"allow":["GET"]}}],"collection":[{"href":"https:\/\/www.europesays.com\/fr\/wp-json\/wp\/v2\/posts"}],"about":[{"href":"https:\/\/www.europesays.com\/fr\/wp-json\/wp\/v2\/types\/post"}],"author":[{"embeddable":true,"href":"https:\/\/www.europesays.com\/fr\/wp-json\/wp\/v2\/users\/2"}],"replies":[{"embeddable":true,"href":"https:\/\/www.europesays.com\/fr\/wp-json\/wp\/v2\/comments?post=603028"}],"version-history":[{"count":0,"href":"https:\/\/www.europesays.com\/fr\/wp-json\/wp\/v2\/posts\/603028\/revisions"}],"wp:featuredmedia":[{"embeddable":true,"href":"https:\/\/www.europesays.com\/fr\/wp-json\/wp\/v2\/media\/603029"}],"wp:attachment":[{"href":"https:\/\/www.europesays.com\/fr\/wp-json\/wp\/v2\/media?parent=603028"}],"wp:term":[{"taxonomy":"category","embeddable":true,"href":"https:\/\/www.europesays.com\/fr\/wp-json\/wp\/v2\/categories?post=603028"},{"taxonomy":"post_tag","embeddable":true,"href":"https:\/\/www.europesays.com\/fr\/wp-json\/wp\/v2\/tags?post=603028"}],"curies":[{"name":"wp","href":"https:\/\/api.w.org\/{rel}","templated":true}]}}