{"id":603030,"date":"2025-12-16T13:07:17","date_gmt":"2025-12-16T13:07:17","guid":{"rendered":"https:\/\/www.europesays.com\/fr\/603030\/"},"modified":"2025-12-16T13:07:17","modified_gmt":"2025-12-16T13:07:17","slug":"le-sdehg-oeuvre-pour-la-transition-energetique-et-lefficacite-lumineuse-haute-garonne-rieux-volvestre","status":"publish","type":"post","link":"https:\/\/www.europesays.com\/fr\/603030\/","title":{"rendered":"Le SDEHG \u0153uvre pour la transition \u00e9nerg\u00e9tique et l&rsquo;efficacit\u00e9 lumineuse &#8211; Haute Garonne &#8211; Rieux-Volvestre"},"content":{"rendered":"<p>                    <img width=\"2560\" height=\"1539\" src=\"https:\/\/www.europesays.com\/fr\/wp-content\/uploads\/2025\/12\/2025-11-28-photo-CT-Rieux-Volvestre1-scaled.jpg\" class=\"img-fluid landscape wp-post-image\" alt=\"le Syndicat D\u00e9partemental d\u2019\u00c9nergie de la Haute-Garonne \u00e0 Rieux-Volvestre\" itemprop=\"image\" decoding=\"async\" fetchpriority=\"high\"  \/>                    <\/p>\n<p itemprop=\"name\">\n                                                le Syndicat D\u00e9partemental d\u2019\u00c9nergie de la Haute-Garonne \u00e0 Rieux-Volvestre<br \/>\n                         Cr\u00e9dits :<br \/>\n                            QC\n                                                <\/p>\n<p align=\"left\">Le <b>28 novembre<\/b> dernier, le SDEHG a organis\u00e9 ses rencontres territoriales avec les maires et les d\u00e9l\u00e9gu\u00e9s des communes sur les sujets et enjeux d\u2019actualit\u00e9, en pr\u00e9sence des repr\u00e9sentants d\u2019Enedis ainsi que des entreprises de travaux et de maintenance. Maryse Vezat-Baronia, Maire de Rieux-Volvestre, a accueilli la rencontre territoriale \u00e0 la salle polyvalente, en pr\u00e9sence de Thierry Suaud, Pr\u00e9sident du SDEHG, accompagn\u00e9 de Max Cazarr\u00e9, Vice-Pr\u00e9sident, et des \u00e9quipes du Syndicat. Cette r\u00e9union a permis d\u2019\u00e9changer avec les \u00e9lus locaux sur les enjeux \u00e9nerg\u00e9tiques actuels et les solutions propos\u00e9es par le Syndicat pour accompagner les communes dans la transition \u00e9nerg\u00e9tique. Un programme pour d\u00e9velopper l\u2019autoconsommation collective a \u00e9t\u00e9 pr\u00e9sent\u00e9. Le SDEHG vise \u00e0 d\u00e9velopper l\u2019autoconsommation collective \u00e0 grande \u00e9chelle par l&rsquo;installation d\u2019ombri\u00e8res photovolta\u00efques avec pour objectif un taux d\u2019autoconsommation proche de 100%, gr\u00e2ce \u00e0 3 axes d\u2019ing\u00e9nierie compl\u00e9mentaires : Ing\u00e9nierie technique, administrative, et juridique. Les avantages attendus incluent la r\u00e9duction des co\u00fbts, la ma\u00eetrise des d\u00e9penses, ainsi que des services additionnels tels que la protection des v\u00e9hicules gr\u00e2ce aux ombri\u00e8res photovolta\u00efques. Les \u00e9changes ont \u00e9galement ouvert la voie \u00e0 une possible extension du dispositif aux entreprises locales, en vue de renforcer la production d\u2019\u00e9nergie sur le territoire. Le SDEHG a \u00e9galement fait le point sur son programme LED++, lanc\u00e9 en <b>2022<\/b> pour acc\u00e9l\u00e9rer la r\u00e9novation de l\u2019\u00e9clairage public et offrir un \u00e9clairage optimal am\u00e9liorant le confort des habitants.<\/p>\n<p>                Cet article est r\u00e9serv\u00e9 aux abonn\u00e9s.<\/p>\n<p class=\"signature\" itemscope=\"\" itemprop=\"Author\" itemtype=\"http:\/\/schema.org\/Person\">\n                QC\n            <\/p>\n","protected":false},"excerpt":{"rendered":"le Syndicat D\u00e9partemental d\u2019\u00c9nergie de la Haute-Garonne \u00e0 Rieux-Volvestre Cr\u00e9dits : QC Le 28 novembre dernier, le SDEHG&hellip;\n","protected":false},"author":2,"featured_media":603031,"comment_status":"","ping_status":"","sticky":false,"template":"","format":"standard","meta":{"footnotes":""},"categories":[2816],"tags":[1111,11,1777,674,1011,27,23720,12,2680,301,25,2312],"class_list":{"0":"post-603030","1":"post","2":"type-post","3":"status-publish","4":"format-standard","5":"has-post-thumbnail","7":"category-toulouse","8":"tag-actu","9":"tag-actualites","10":"tag-eu","11":"tag-europe","12":"tag-fr","13":"tag-france","14":"tag-internet-seulement","15":"tag-news","16":"tag-occitanie","17":"tag-premium","18":"tag-republique-francaise","19":"tag-toulouse"},"share_on_mastodon":{"url":"https:\/\/pubeurope.com\/@fr\/115729403598541149","error":""},"_links":{"self":[{"href":"https:\/\/www.europesays.com\/fr\/wp-json\/wp\/v2\/posts\/603030","targetHints":{"allow":["GET"]}}],"collection":[{"href":"https:\/\/www.europesays.com\/fr\/wp-json\/wp\/v2\/posts"}],"about":[{"href":"https:\/\/www.europesays.com\/fr\/wp-json\/wp\/v2\/types\/post"}],"author":[{"embeddable":true,"href":"https:\/\/www.europesays.com\/fr\/wp-json\/wp\/v2\/users\/2"}],"replies":[{"embeddable":true,"href":"https:\/\/www.europesays.com\/fr\/wp-json\/wp\/v2\/comments?post=603030"}],"version-history":[{"count":0,"href":"https:\/\/www.europesays.com\/fr\/wp-json\/wp\/v2\/posts\/603030\/revisions"}],"wp:featuredmedia":[{"embeddable":true,"href":"https:\/\/www.europesays.com\/fr\/wp-json\/wp\/v2\/media\/603031"}],"wp:attachment":[{"href":"https:\/\/www.europesays.com\/fr\/wp-json\/wp\/v2\/media?parent=603030"}],"wp:term":[{"taxonomy":"category","embeddable":true,"href":"https:\/\/www.europesays.com\/fr\/wp-json\/wp\/v2\/categories?post=603030"},{"taxonomy":"post_tag","embeddable":true,"href":"https:\/\/www.europesays.com\/fr\/wp-json\/wp\/v2\/tags?post=603030"}],"curies":[{"name":"wp","href":"https:\/\/api.w.org\/{rel}","templated":true}]}}