{"id":603034,"date":"2025-12-16T13:09:24","date_gmt":"2025-12-16T13:09:24","guid":{"rendered":"https:\/\/www.europesays.com\/fr\/603034\/"},"modified":"2025-12-16T13:09:24","modified_gmt":"2025-12-16T13:09:24","slug":"apres-4-ans-de-travaux-et-plus-de-3-millions-deuros-cette-eglise-de-villeneuve-dascq-rouvre-ses-portes","status":"publish","type":"post","link":"https:\/\/www.europesays.com\/fr\/603034\/","title":{"rendered":"Apr\u00e8s 4 ans de travaux et plus de 3 millions d&rsquo;euros, cette \u00e9glise de Villeneuve-d&rsquo;Ascq rouvre ses portes"},"content":{"rendered":"<p>                    Par<br \/>\n        <strong><br \/>\n            <a href=\"https:\/\/actu.fr\/auteur\/annesophie-2\" title=\"Consulter tous les articles de Anne-Sophie Hourdeaux\" target=\"_blank\" rel=\"noopener\">Anne-Sophie Hourdeaux<\/a><br \/>\n                    <\/strong><\/p>\n<p>        Publi\u00e9 le<\/p>\n<p>            16 d\u00e9c. 2025 \u00e0 13h36        <\/p>\n<p>C\u2019\u00e9tait la f\u00eate ce 10\u00a0d\u00e9cembre 2025 en soir\u00e9e <b>dans l\u2019\u00e9glise Saint-Pierre du quartier Flers-bourg<\/b> \u00e0 <a href=\"https:\/\/actu.fr\/hauts-de-france\/villeneuve-d-ascq_59009\" target=\"_blank\" rel=\"noopener\">Villeneuve-d\u2019Ascq<\/a> (Nord)\u2009! Apr\u00e8s <b>4\u00a0ans de travaux<\/b>, les nouvelles couleurs du lieu de culte resplendissent. Le public a pu admirer les r\u00e9novations. A \u00e9t\u00e9 annonc\u00e9e <b>une nouveaut\u00e9\u2009: en 2026, l\u2019\u00e9glise sera ouverte d\u2019une mani\u00e8re tr\u00e8s particuli\u00e8re.<\/b> On vous explique le chantier et en quoi consiste cette ouverture originale. D\u00e9j\u00e0, de l\u2019ext\u00e9rieur, l\u2019\u00e9difice a fi\u00e8re allure, passant de pierres grises \u00e0 une blancheur sublim\u00e9e par des liser\u00e9s rouges. Car c\u2019est toute l\u2019\u00e9glise de Flers qui a \u00e9t\u00e9 r\u00e9nov\u00e9e entre\u00a02021 et\u00a02025, int\u00e9rieur et ext\u00e9rieur. En cause\u2009: les infiltrations d\u2019eau qui avaient caus\u00e9 de nombreux d\u00e9g\u00e2ts.<\/p>\n<p>\u00ab\u2009Au c\u0153ur de nos patrimoines\u2009\u00bb<\/p>\n<p class=\" wall-content\">Lors de la soir\u00e9e de fin de chantier, G\u00e9rard Caudron, maire, n\u2019a pas cach\u00e9 son \u00e9motion pour \u00ab\u2009cette inauguration qui sera pour moi la derni\u00e8re, quelques semaines avant la fin de mes 50\u00a0ans de mandats villeneuvois, dont 7 mandats de 6\u00a0ans en tant que maire\u2009\u00bb. Il a rappel\u00e9 que ces travaux ont suivi ceux des 3 autres \u00e9glises de la ville, r\u00e9nov\u00e9es elles aussi.<\/p>\n<blockquote class=\"ac-article-quote wall-content\">\n<p>Les \u00e9glises sont au c\u0153ur de nos patrimoines, de nos racines et de nos traditions, elles sont des \u00e9difices communaux qu\u2019on aime \u00e0 regarder, visiter, s\u2019y retrouver avec soi-m\u00eame, que l\u2019on soit croyant ou pas. Quand on intervient sur une \u00e9glise, on ressent ce que devaient ressentir les constructeurs de cath\u00e9drales\u2026<\/p>\n<p>G\u00e9rard Caudron, maire<\/p><\/blockquote>\n<p>Du bleu dans les vo\u00fbtes<\/p>\n<p class=\" wall-content\">Pour ceux qui fr\u00e9quentaient l\u2019\u00e9glise avant, les couleurs ont bien chang\u00e9. Les arcs et crois\u00e9es d\u2019ogives \u00e9taient auparavant dans un ton marron, c\u2019est devenu bleu ciel\u2009!<\/p>\n<p class=\" wall-content\">Cette couleur n\u2019a pas \u00e9t\u00e9 choisie au hasard, comme l\u2019explique M\u00e9lanie Los, charg\u00e9e de conservation et de valorisation du patrimoine pour la Ville de Villeneuve-d\u2019Ascq. \u00ab\u2009Le b\u00e2timent \u00e9tant Monument historique, il faut respecter une certaine m\u00e9thode voulue par la DRAC, direction des affaires culturelles. Il s\u2019agit pour les peintures de cr\u00e9er dans les murs des \u2018carr\u00e9s\u2019 pour retrouver les couleurs d\u2019origine. Une \u2018recherche stratigraphique\u2019 a donc \u00e9t\u00e9 men\u00e9e \u00e0 plusieurs endroits. Dans la nef, on a choisi de revenir aux peintures du XIXe\u00a0si\u00e8cle\u2009; et dans le ch\u0153ur, c\u2019est l\u2019\u00e9tat du XVIIe qui a \u00e9t\u00e9 prioris\u00e9\u2009\u00bb.<\/p>\n<p>    <img   decoding=\"async\" loading=\"lazy\" class=\"size-large\" src=\"https:\/\/www.europesays.com\/fr\/wp-content\/uploads\/2025\/12\/312fb4d98a396552fb4d98a39192fbv-960x640.jpg\" alt=\"\u00e9glise st pierre flers villeneuve d'ascq r\u00e9nov\u00e9e\" width=\"960\" height=\"640\"\/><br \/>\n    M\u00e9lanie Los, charg\u00e9e de conservation et de valorisation du patrimoine pour la Ville de Villeneuve-d\u2019Ascq, a suivi le chantier. \u00a9Anne-Sophie Hourdeaux\/Croix du Nord\u00c9clairage, vitraux<\/p>\n<p class=\" wall-content\">L\u2019\u00e9clairage a \u00e9galement \u00e9t\u00e9 enti\u00e8rement refait, avec de nouveaux petits spots, \u00ab\u2009qui permettent de mieux valoriser l\u2019\u00e9glise avec un effet d\u2019ampleur, pour regarder vers le haut, magnifier le regard vers le ciel\u2009\u00bb, souligne le jeune cur\u00e9, le p\u00e8re Luc-Emmanuel Dupont. Il appr\u00e9cie aussi le choix des couleurs \u00ab\u2009plus chaleureuses\u2009\u00bb.<\/p>\n<p>Votre r\u00e9gion, votre actu !<\/p>\n<p>Recevez chaque jour les infos qui comptent pour vous.<\/p>\n<p>\t<a href=\"https:\/\/actu.fr\/newsletter\" class=\"ac-btn ac-btn--corner ac-btn--medium ac-btn--blue800\" target=\"_blank\" rel=\"noopener\">S&rsquo;incrire<\/a><\/p>\n<p class=\" wall-content\">Les vitraux ont tous \u00e9t\u00e9 restaur\u00e9s, avec un souci du d\u00e9tail\u2009: \u00ab\u2009Des \u00e9l\u00e9ments d\u2019un des grands vitraux dit baie 6, ab\u00eem\u00e9s, avaient \u00e9t\u00e9 colmat\u00e9s avec des morceaux de vitraux al\u00e9atoires, sans uniformit\u00e9. Il a \u00e9t\u00e9 d\u00e9cid\u00e9 de lui rendre son unit\u00e9 en le restaurant comme \u00e0 l\u2019origine\u2009\u00bb signale M\u00e9lanie Los. Les ruptures et discontinuit\u00e9s dans les frises ont donc d\u00e9sormais disparu. Les plombs trop \u00e9pais ont \u00e9t\u00e9 harmonis\u00e9s. Cela a demand\u00e9 une enveloppe suppl\u00e9mentaire non pr\u00e9vue au programme, 40\u2009000\u00a0\u20ac\u2009!<\/p>\n<p>    <img   decoding=\"async\" loading=\"lazy\" class=\"size-large\" src=\"https:\/\/www.europesays.com\/fr\/wp-content\/uploads\/2025\/12\/129cd99eff396169cd99eff39e99cdv-960x640.jpg\" alt=\"meneau \u00e9glise flers bourg v ascq\" width=\"960\" height=\"640\"\/><br \/>\n    Le meneau d\u2019origine de l\u2019\u00e9glise de Flers, \u00e9l\u00e9ment de la porte d\u2019entr\u00e9e, a \u00e9t\u00e9 plac\u00e9 dans l\u2019\u00e9glise pour le pr\u00e9server. Il a \u00e9t\u00e9 remplac\u00e9 par une copie \u00e0 l\u2019ext\u00e9rieur. \u00a9Anne-Sophie Hourdeaux\/Croix du NordLe souci du d\u00e9tail\u2009: le meneau aussi<\/p>\n<p class=\" wall-content\">On peut dire que ce chantier a eu le souci du d\u00e9tail. Comme pour le meneau, cette pi\u00e8ce de la porte d\u2019entr\u00e9e, sorte de poutre s\u00e9parant les deux vantaux (panneaux de porte). Class\u00e9 monument historique, en bois, il a \u00e9t\u00e9 install\u00e9 dans l\u2019\u00e9difice pour le pr\u00e9server et le valoriser. Une copie a \u00e9t\u00e9 r\u00e9alis\u00e9e pour l\u2019ext\u00e9rieur, avec reconstitution des parties basses qui ont compl\u00e8tement disparu sur l\u2019original.<\/p>\n<p>    <img   decoding=\"async\" loading=\"lazy\" class=\"size-large\" src=\"https:\/\/www.europesays.com\/fr\/wp-content\/uploads\/2025\/12\/f5d575d98a3963ad575d98a39ced57v-960x640.jpg\" alt=\"\u00e9glise st pierre flers villeneuve d'ascq r\u00e9nov\u00e9e\" width=\"960\" height=\"640\"\/><br \/>\n    Lors de son inauguration apr\u00e8s travaux, un moment musical a \u00e9t\u00e9 propos\u00e9. \u00a9Anne-Sophie Hourdeaux\/Croix du NordDeux grisailles trompe-l\u2019\u0153il restaur\u00e9es<\/p>\n<p class=\" wall-content\">Les retables lat\u00e9raux en bois ont quant \u00e0 eux \u00e9t\u00e9 d\u00e9poussi\u00e9r\u00e9s. Mais c\u2019est dans le ch\u0153ur que la restauration a \u00e9t\u00e9 plus pouss\u00e9e, puisque deux toiles ont \u00e9t\u00e9 r\u00e9nov\u00e9es. Elles sont originales puisque de loin, on dirait deux grandes statues plac\u00e9es chacune dans une niche en arcade. Mais en fait, ce sont deux peintures en trompe-l\u2019\u0153il. Un bel effet\u2009! On appelle des toiles des \u00ab\u2009grisailles\u2009\u00bb, elles repr\u00e9sentent saint Pierre et saint Paul. Il a fallu recr\u00e9er leur ch\u00e2ssis \u00e9galement.<\/p>\n<p>    <img   decoding=\"async\" loading=\"lazy\" class=\"size-large\" src=\"https:\/\/www.europesays.com\/fr\/wp-content\/uploads\/2025\/12\/923907d98a3964c3907d98a3920490v-960x640.jpg\" alt=\"\u00e9glise st pierre flers villeneuve d'ascq r\u00e9nov\u00e9e\" width=\"960\" height=\"640\"\/><br \/>\n    Quel beau trompe-l\u2019\u0153il\u2009! Deux toiles du ch\u0153ur, dites \u00ab\u2009grisailles\u2009\u00bb, dont celle-ci, ont \u00e9t\u00e9 restaur\u00e9es avec minutie par l\u2019atelier lillois de Lor\u00e8ne Falco. \u00a9Anne-Sophie Hourdeaux\/Croix du Nord\u00ab\u2009La communaut\u00e9 se r\u00e9approprie son \u00e9glise\u2009\u00bb<\/p>\n<p class=\" wall-content\">Le cur\u00e9 se r\u00e9jouit de retrouver pleinement l\u2019usage de l\u2019\u00e9difice pour le culte. \u00ab\u2009Depuis un an et demi, on peut c\u00e9l\u00e9brer \u00e0 nouveau la messe le dimanche, ce qui n\u2019a pas \u00e9t\u00e9 possible pendant un an. Et depuis un mois, l\u2019\u00e9glise peut \u00eatre ouverte en semaine pour les fun\u00e9railles, l\u2019adoration le lundi soir. La communaut\u00e9 se r\u00e9approprie son \u00e9glise\u2009\u00bb.<\/p>\n<p>    <img   decoding=\"async\" loading=\"lazy\" class=\"size-large\" src=\"https:\/\/www.europesays.com\/fr\/wp-content\/uploads\/2025\/12\/7af888d98a3968ef888d98a3915098v-960x640.jpg\" alt=\"\u00e9glise st pierre flers villeneuve d'ascq r\u00e9nov\u00e9e\" width=\"960\" height=\"640\"\/><br \/>\n    Le bleu ciel a \u00e9t\u00e9 choisi en faisant une \u00ab\u2009recherche stratigraphique\u2009\u00bb, pour retrouver les couleurs originelles de l\u2019\u00e9glise St-Pierre de Flers \u00e0 Villeneuve-d\u2019Ascq. \u00a9Anne-Sophie Hourdeaux\/Croix du Nord<\/p>\n<p class=\" wall-content\">D\u00e8s 2026, la volont\u00e9 est de l\u2019ouvrir davantage. Mais comment au vu de la s\u00e9curit\u00e9 \u00e0 assurer pour \u00e9viter les vols et d\u00e9gradations\u2009? Une m\u00e9thode originale, \u00ab\u2009existante dans plusieurs pays\u2009\u00bb assure le cur\u00e9, a \u00e9t\u00e9 choisie, qui fera peut-\u00eatre des \u00e9mules.<\/p>\n<p>    <img   decoding=\"async\" loading=\"lazy\" class=\"size-large\" src=\"https:\/\/www.europesays.com\/fr\/wp-content\/uploads\/2025\/12\/e62530d2da396da2530d2da39be253v-960x640.jpg\" alt=\"\u00e9glise st pierre flers bourg villeneuve d'ascq\" width=\"960\" height=\"640\"\/><br \/>\n    Nouveaut\u00e9 en 2026\u2009: le narthex de l\u2019\u00e9glise de Flers-bourg, le sas d\u2019entr\u00e9e, restera ouvert en journ\u00e9e, les portes vitr\u00e9es resteront elles ferm\u00e9es. On pourra dans l\u2019espace laiss\u00e9 ouvert d\u00e9poser une bougie, prier, d\u00e9couvrir l\u2019int\u00e9rieur de l\u2019\u00e9glise. \u00a9Anne-Sophie Hourdeaux\/Croix du NordUne ouverture\u2026 tout en laissant ferm\u00e9<\/p>\n<p class=\" wall-content\">En effet, seul le \u00ab\u2009narthex\u2009\u00bb de l\u2019\u00e9glise de Flers-bourg restera ouvert en journ\u00e9e. Il s\u2019agit du sas d\u2019entr\u00e9e, un hall d\u2019accueil d\u00e8s qu\u2019on franchit les portes en bois principales. La plupart des \u00e9glises en ont, mais souvent, d\u2019autres portes en bois sont \u00e0 franchir apr\u00e8s ce sas. L\u00e0, ce sont des portes vitr\u00e9es, une cr\u00e9ation faite en 1987. Ce sont elles qui resteront ferm\u00e9es. Ce hall fait sans doute environ 100\u00a0m2. On pourra alors, dans l\u2019espace laiss\u00e9 ouvert, d\u00e9poser une bougie, prier, d\u00e9couvrir l\u2019int\u00e9rieur de l\u2019\u00e9glise.<\/p>\n<p class=\" wall-content\">En 2026, le projet est que cette \u00e9glise rejoigne le r\u00e9seau \u00c9glises ouvertes, pour la faire rayonner encore plus\u2009!<\/p>\n<p>Le budget a \u00e9t\u00e9 financ\u00e9 par la Ville, La MEL (un million d\u2019euros), la DRAC (8\u2009389\u00a0\u20ac), le D\u00e9partement (4\u2009194\u00a0\u20ac), la Sauvegarde de l\u2019art fran\u00e7ais (10\u2009000\u00a0\u20ac)<\/p>\n<p class=\" wall-content\">Personnalisez votre actualit\u00e9 en ajoutant vos villes et m\u00e9dias en favori avec <a href=\"https:\/\/moncompte.actu.fr\" title=\"D\u00e9couvez Mon Actu\" rel=\"nofollow noopener\" data-trk=\"{&quot;cta&quot;:{&quot;action&quot;:&quot;https:\\\/\\\/moncompte.actu.fr&quot;,&quot;category&quot;:&quot;mon compte&quot;,&quot;from&quot;:&quot;article footer&quot;,&quot;name&quot;:&quot;Mon actu&quot;,&quot;type&quot;:&quot;cta&quot;}}\" target=\"_blank\">Mon Actu<\/a>.<\/p>\n","protected":false},"excerpt":{"rendered":"Par Anne-Sophie Hourdeaux Publi\u00e9 le 16 d\u00e9c. 2025 \u00e0 13h36 C\u2019\u00e9tait la f\u00eate ce 10\u00a0d\u00e9cembre 2025 en soir\u00e9e&hellip;\n","protected":false},"author":2,"featured_media":603035,"comment_status":"","ping_status":"","sticky":false,"template":"","format":"standard","meta":{"footnotes":""},"categories":[2815],"tags":[1111,11,1777,674,1011,27,811,1307,12,2551,4020,25,104],"class_list":{"0":"post-603034","1":"post","2":"type-post","3":"status-publish","4":"format-standard","5":"has-post-thumbnail","7":"category-lille","8":"tag-actu","9":"tag-actualites","10":"tag-eu","11":"tag-europe","12":"tag-fr","13":"tag-france","14":"tag-hauts-de-france","15":"tag-lille","16":"tag-news","17":"tag-patrimoine","18":"tag-religion","19":"tag-republique-francaise","20":"tag-societe"},"share_on_mastodon":{"url":"https:\/\/pubeurope.com\/@fr\/115729411432417328","error":""},"_links":{"self":[{"href":"https:\/\/www.europesays.com\/fr\/wp-json\/wp\/v2\/posts\/603034","targetHints":{"allow":["GET"]}}],"collection":[{"href":"https:\/\/www.europesays.com\/fr\/wp-json\/wp\/v2\/posts"}],"about":[{"href":"https:\/\/www.europesays.com\/fr\/wp-json\/wp\/v2\/types\/post"}],"author":[{"embeddable":true,"href":"https:\/\/www.europesays.com\/fr\/wp-json\/wp\/v2\/users\/2"}],"replies":[{"embeddable":true,"href":"https:\/\/www.europesays.com\/fr\/wp-json\/wp\/v2\/comments?post=603034"}],"version-history":[{"count":0,"href":"https:\/\/www.europesays.com\/fr\/wp-json\/wp\/v2\/posts\/603034\/revisions"}],"wp:featuredmedia":[{"embeddable":true,"href":"https:\/\/www.europesays.com\/fr\/wp-json\/wp\/v2\/media\/603035"}],"wp:attachment":[{"href":"https:\/\/www.europesays.com\/fr\/wp-json\/wp\/v2\/media?parent=603034"}],"wp:term":[{"taxonomy":"category","embeddable":true,"href":"https:\/\/www.europesays.com\/fr\/wp-json\/wp\/v2\/categories?post=603034"},{"taxonomy":"post_tag","embeddable":true,"href":"https:\/\/www.europesays.com\/fr\/wp-json\/wp\/v2\/tags?post=603034"}],"curies":[{"name":"wp","href":"https:\/\/api.w.org\/{rel}","templated":true}]}}