{"id":603038,"date":"2025-12-16T13:11:19","date_gmt":"2025-12-16T13:11:19","guid":{"rendered":"https:\/\/www.europesays.com\/fr\/603038\/"},"modified":"2025-12-16T13:11:19","modified_gmt":"2025-12-16T13:11:19","slug":"cecile-vignes-rejoint-le-groupe-du-printemps-marseillais-au-conseil-darrondissement-des-11-12-a-marseille","status":"publish","type":"post","link":"https:\/\/www.europesays.com\/fr\/603038\/","title":{"rendered":"C\u00e9cile Vignes rejoint le groupe du Printemps marseillais au conseil d&rsquo;arrondissement des 11-12 \u00e0 Marseille"},"content":{"rendered":"<p>Petite nouveaut\u00e9, ce lundi 15 d\u00e9cembre, lors du dernier conseil d&rsquo;arrondissement de l&rsquo;ann\u00e9e dans la mairie des 11e-12e : C\u00e9cile Vignes a pris place \u00e0 la table du Printemps marseillais. Un positionnement g\u00e9ographique et politique que l&rsquo;ancienne \u00e9lue sans \u00e9tiquette a soulign\u00e9 en pr\u00e9ambule et expliqu\u00e9 quelques minutes avant la s\u00e9ance.<\/p>\n<p>\u00ab\u00a0C&rsquo;est la suite logique de mon engagement en tant que membre de la soci\u00e9t\u00e9 civile, confiait C\u00e9cile Vignes, qui a rejoint <a href=\"https:\/\/www.laprovence.com\/article\/edition-marseille\/6948260\/generation-ecologie-13-seme-la-decroissance.html\" target=\"_blank\" rel=\"noopener\">le parti G\u00e9n\u00e9ration \u00e9cologie<\/a>. Je suis une \u00e9cologiste et une \u00e9cocitoyenne et j&rsquo;ai toujours \u00e9t\u00e9 proche des prises de position de Beno\u00eet Payan sur la transformation de Marseille, dans la transition \u00e9cologique, l&rsquo;\u00e9conomie ou le social, notamment sur l&rsquo;environnement et la biodiversit\u00e9.\u00a0\u00bb<\/p>\n<p>Si elle assure ne pas avoir voulu d&rsquo;\u00e9tiquette politique en raison de son engagement associatif (notamment avec le collectif Nos Quartiers Demain), C\u00e9cile Vignes, d&rsquo;abord du c\u00f4t\u00e9 d&rsquo;En Marche, notamment en soutenant Sa\u00efd Ahamada, avait rejoint le Printemps marseillais en 2019. Elle s&rsquo;\u00e9tait finalement rapproch\u00e9e, en 2020, de Bruno Gilles et Robert Assante (DVD) <a href=\"https:\/\/www.laprovence.com\/actu\/en-direct\/5865527\/illustration-papier-cecile-vignes.html\" target=\"_blank\" rel=\"noopener\">dont elle \u00e9tait en deuxi\u00e8me position sur la liste<\/a> pour les municipales dans le 6e secteur.<\/p>\n<p>\u00ab\u00a0Elle vient du milieu associatif et si\u00e9geait dans ce conseil sans \u00e9tiquette, mais nous avons souvent travaill\u00e9 ensemble et <a href=\"https:\/\/www.laprovence.com\/article\/edition-marseille\/5253819\/lhopital-prive-marseille-desavoue.html\" target=\"_blank\" rel=\"noopener\">port\u00e9 les m\u00eames combats<\/a>, pour nous c&rsquo;est important qu&rsquo;elle nous rejoigne, se f\u00e9licitait Yannick Ohanessian, t\u00eate de liste PM dans le secteur aux derni\u00e8res \u00e9lections. Nous sommes un groupe d&rsquo;union et de rassemblement.\u00a0\u00bb<\/p>\n","protected":false},"excerpt":{"rendered":"Petite nouveaut\u00e9, ce lundi 15 d\u00e9cembre, lors du dernier conseil d&rsquo;arrondissement de l&rsquo;ann\u00e9e dans la mairie des 11e-12e&hellip;\n","protected":false},"author":2,"featured_media":603039,"comment_status":"","ping_status":"","sticky":false,"template":"","format":"standard","meta":{"footnotes":""},"categories":[2814],"tags":[17,1111,11,15887,7516,1777,674,1011,27,2705,761,884,12,4767,882,16,17939,25,4802],"class_list":{"0":"post-603038","1":"post","2":"type-post","3":"status-publish","4":"format-standard","5":"has-post-thumbnail","7":"category-marseille","8":"tag-17","9":"tag-actu","10":"tag-actualites","11":"tag-cecile","12":"tag-conseil","13":"tag-eu","14":"tag-europe","15":"tag-fr","16":"tag-france","17":"tag-groupe","18":"tag-marseillais","19":"tag-marseille","20":"tag-news","21":"tag-printemps","22":"tag-provence-alpes-cote-dazur","23":"tag-region","24":"tag-rejoint","25":"tag-republique-francaise","26":"tag-vignes"},"share_on_mastodon":{"url":"https:\/\/pubeurope.com\/@fr\/115729418436503843","error":""},"_links":{"self":[{"href":"https:\/\/www.europesays.com\/fr\/wp-json\/wp\/v2\/posts\/603038","targetHints":{"allow":["GET"]}}],"collection":[{"href":"https:\/\/www.europesays.com\/fr\/wp-json\/wp\/v2\/posts"}],"about":[{"href":"https:\/\/www.europesays.com\/fr\/wp-json\/wp\/v2\/types\/post"}],"author":[{"embeddable":true,"href":"https:\/\/www.europesays.com\/fr\/wp-json\/wp\/v2\/users\/2"}],"replies":[{"embeddable":true,"href":"https:\/\/www.europesays.com\/fr\/wp-json\/wp\/v2\/comments?post=603038"}],"version-history":[{"count":0,"href":"https:\/\/www.europesays.com\/fr\/wp-json\/wp\/v2\/posts\/603038\/revisions"}],"wp:featuredmedia":[{"embeddable":true,"href":"https:\/\/www.europesays.com\/fr\/wp-json\/wp\/v2\/media\/603039"}],"wp:attachment":[{"href":"https:\/\/www.europesays.com\/fr\/wp-json\/wp\/v2\/media?parent=603038"}],"wp:term":[{"taxonomy":"category","embeddable":true,"href":"https:\/\/www.europesays.com\/fr\/wp-json\/wp\/v2\/categories?post=603038"},{"taxonomy":"post_tag","embeddable":true,"href":"https:\/\/www.europesays.com\/fr\/wp-json\/wp\/v2\/tags?post=603038"}],"curies":[{"name":"wp","href":"https:\/\/api.w.org\/{rel}","templated":true}]}}