{"id":603042,"date":"2025-12-16T13:13:12","date_gmt":"2025-12-16T13:13:12","guid":{"rendered":"https:\/\/www.europesays.com\/fr\/603042\/"},"modified":"2025-12-16T13:13:12","modified_gmt":"2025-12-16T13:13:12","slug":"la-maire-de-cette-commune-au-sud-de-lyon-est-candidate-malgre-un-premier-mandat-eprouvant","status":"publish","type":"post","link":"https:\/\/www.europesays.com\/fr\/603042\/","title":{"rendered":"la maire de cette commune au sud de Lyon est candidate malgr\u00e9 un premier mandat \u00e9prouvant"},"content":{"rendered":"<blockquote class=\"question\"><p>Pourquoi vous repr\u00e9sentez-vous\u00a0?<\/p><\/blockquote>\n<p>\u00ab\u00a0J\u2019adore ce que je fais dans ma commune. Je souhaite poursuivre les missions commenc\u00e9es sur le patrimoine, les \u00e9quipements sportifs, cyclables,\u00a0etc.\u00a0\u00bb<\/p>\n<blockquote class=\"question\"><p>Quelles sont les grandes lignes de votre programme\u00a0?<\/p><\/blockquote>\n<p>\u00ab\u00a0On a un beau projet. On a sign\u00e9 le\u00a0protocole habitat avec la M\u00e9tropole de Lyon et le bailleur Lyon M\u00e9tropole habitat (LMH) sur le renouvellement urbain. 106 logements sociaux doivent \u00eatre d\u00e9molis et reconstitu\u00e9s. Nous allons aussi proposer du priv\u00e9. La loi nous oblige \u00e0 construire 30\u00a0% de social \u00e0 chaque programme priv\u00e9, pour la mixit\u00e9. On va enfin cr\u00e9er de la centralit\u00e9 autour de la place Jean-Moulin [Le Roule est un Quartier Politique de la Ville]. En&#8230;<\/p>\n","protected":false},"excerpt":{"rendered":"Pourquoi vous repr\u00e9sentez-vous\u00a0? \u00ab\u00a0J\u2019adore ce que je fais dans ma commune. Je souhaite poursuivre les missions commenc\u00e9es sur&hellip;\n","protected":false},"author":2,"featured_media":603043,"comment_status":"","ping_status":"","sticky":false,"template":"","format":"standard","meta":{"footnotes":""},"categories":[1889],"tags":[1111,11,2430,3154,4188,1777,674,1011,27,17973,6319,2428,12,316,25,2429,15674],"class_list":{"0":"post-603042","1":"post","2":"type-post","3":"status-publish","4":"format-standard","5":"has-post-thumbnail","7":"category-lyon","8":"tag-actu","9":"tag-actualites","10":"tag-auvergne-rhone-alpes","11":"tag-edition-sud-lyonnais","12":"tag-elections-municipales","13":"tag-eu","14":"tag-europe","15":"tag-fr","16":"tag-france","17":"tag-la-mulatiere","18":"tag-les-republicains","19":"tag-lyon","20":"tag-news","21":"tag-politique","22":"tag-republique-francaise","23":"tag-rhone","24":"tag-sainte-foy-les-lyon-bassin"},"share_on_mastodon":{"url":"https:\/\/pubeurope.com\/@fr\/115729426298978112","error":""},"_links":{"self":[{"href":"https:\/\/www.europesays.com\/fr\/wp-json\/wp\/v2\/posts\/603042","targetHints":{"allow":["GET"]}}],"collection":[{"href":"https:\/\/www.europesays.com\/fr\/wp-json\/wp\/v2\/posts"}],"about":[{"href":"https:\/\/www.europesays.com\/fr\/wp-json\/wp\/v2\/types\/post"}],"author":[{"embeddable":true,"href":"https:\/\/www.europesays.com\/fr\/wp-json\/wp\/v2\/users\/2"}],"replies":[{"embeddable":true,"href":"https:\/\/www.europesays.com\/fr\/wp-json\/wp\/v2\/comments?post=603042"}],"version-history":[{"count":0,"href":"https:\/\/www.europesays.com\/fr\/wp-json\/wp\/v2\/posts\/603042\/revisions"}],"wp:featuredmedia":[{"embeddable":true,"href":"https:\/\/www.europesays.com\/fr\/wp-json\/wp\/v2\/media\/603043"}],"wp:attachment":[{"href":"https:\/\/www.europesays.com\/fr\/wp-json\/wp\/v2\/media?parent=603042"}],"wp:term":[{"taxonomy":"category","embeddable":true,"href":"https:\/\/www.europesays.com\/fr\/wp-json\/wp\/v2\/categories?post=603042"},{"taxonomy":"post_tag","embeddable":true,"href":"https:\/\/www.europesays.com\/fr\/wp-json\/wp\/v2\/tags?post=603042"}],"curies":[{"name":"wp","href":"https:\/\/api.w.org\/{rel}","templated":true}]}}