{"id":603052,"date":"2025-12-16T13:19:11","date_gmt":"2025-12-16T13:19:11","guid":{"rendered":"https:\/\/www.europesays.com\/fr\/603052\/"},"modified":"2025-12-16T13:19:11","modified_gmt":"2025-12-16T13:19:11","slug":"ou-se-regaler-dune-bonne-raclette-ou-dune-fondue-a-paris-les-meilleures-adresses-hivernales-pour-les-mordus-de-fromage","status":"publish","type":"post","link":"https:\/\/www.europesays.com\/fr\/603052\/","title":{"rendered":"O\u00f9 se r\u00e9galer d\u2019une bonne raclette ou d\u2019une fondue \u00e0 Paris ? Les meilleures adresses hivernales pour les mordus de fromage"},"content":{"rendered":"<p>Les amateurs de <a href=\"https:\/\/www.grazia.fr\/beaute\/forme-minceur\/ce-fromage-que-les-francais-adorent-est-tres-bon-pour-le-cerveau-et-ameliore-la-memoire-selon-des-scientifiques-1129900.html\" target=\"_blank\" rel=\"noopener\"><br \/>\nfromage<\/a> sont servis en hiver ! <a href=\"https:\/\/www.grazia.fr\/cuisine\/actualite-food\/la-raclette-nest-plus-le-plat-dhiver-prefere-des-francais-voici-lautre-gourmandise-qui-la-detrone-1122633.html\" target=\"_blank\" rel=\"noopener\"><br \/>\nRaclettes<\/a> et <a href=\"https:\/\/www.grazia.fr\/beaute\/forme-minceur\/fondue-savoyarde-tartiflette-raclette-lequel-de-ces-plats-tres-reconfortants-est-le-moins-calorique-64372.html#item=1\" target=\"_blank\" rel=\"noopener\"><br \/>\nfondues<\/a> sont en effet l\u00e9gion pendant la saison froide et<br \/>\ncomblent nos envies de fromage d\u00e9goulinant, de patates et de<br \/>\ncharcut\u2019 pour le reste de l\u2019ann\u00e9e. \u00c0 Paris, plusieurs adresses<br \/>\n\u00e9ph\u00e9m\u00e8res nous invitent \u00e0 profiter de ces r\u00e9jouissances fromag\u00e8res,<br \/>\ndans des cadres qui nous donnent l\u2019impression d\u2019avoir pris un<br \/>\naller-simple pour la montagne. Chalets en bois cosy, vibes de<br \/>\nstations de ski, ambiance chaleureuse et conviviale\u2026\u00a0 On<br \/>\naurait tort de ne pas en profiter avant que braseros et autres<br \/>\nvitrines \u00e0 glaces ne viennent voler la vedette aux appareils \u00e0<br \/>\nraclette et aux stations de fondues.<\/p>\n<p>Les meilleures adresses hivernales o\u00f9<br \/>\nmanger une raclette ou une fondue \u00e0 Paris<br \/>\nLe Chalet du Park au Park Hyatt Paris-Vend\u00f4me<\/p>\n<p>Planqu\u00e9 dans la cour int\u00e9rieure de l\u2019h\u00f4tel Park Hyatt<br \/>\nParis-Vend\u00f4me, \u00e0 l\u00a0\u00bbabri du tumulte, le Chalet du Park nous<br \/>\naccueille pour l\u2019une des raclettes les plus chics de la capitale.<br \/>\nDans ce cocon en bois aux allures de refuge alpin, dont le d\u00e9cor<br \/>\ns\u2019inspire des chalets de montagne, le chef \u00e9toil\u00e9 Jean-Fran\u00e7ois<br \/>\nRouquette propose un d\u00eener raclette qui fait la part belle \u00e0 une<br \/>\ns\u00e9lection de trois fromages d\u2019exception, dont un Saint-Niklaus<br \/>\nsuisse servi directement depuis la meule pour napper les pommes de<br \/>\nterre grenailles. Les charcuteries artisanales proviennent quant \u00e0<br \/>\nelles de la maison Baud. Pour les amateurs de haute gastronomie, un<br \/>\nmenu \u00e0 la truffe sublime chaque plat avec la truffe blanche d\u2019Alba<br \/>\nou la truffe noire. Pour le dessert, vous avez le choix entre la<br \/>\nfra\u00eecheur d&rsquo;un sorbet aux cl\u00e9mentines de Corse parfum\u00e9 \u00e0 la<br \/>\ncitronnelle ou la gourmandise d&rsquo;un sabl\u00e9 au chocolat grand cru. Le<br \/>\nChalet du Park nous accueille uniquement sur privatisation pour le<br \/>\nd\u00e9jeuner (\u00e0 partir de 4 personnes) ou pour le d\u00eener (\u00e0 partir de 6<br \/>\npersonnes).<\/p>\n<ul>\n<li><strong>5 Rue de la Paix, 75002 Paris<\/strong><\/li>\n<\/ul>\n<blockquote class=\"instagram-media\" style=\"background: #ffffff;border: 0;margin: 1px;width: 100%;padding: 0;max-width: 500px;\" data-instgrm-permalink=\"https:\/\/www.instagram.com\/p\/DRYreQIDATQ\/?img_index=1\" data-instgrm-version=\"14\"\/><p>\nLe Chalet d\u2019Aristide \u00e0 l\u2019H\u00f4tel Monsieur Aristide<\/p>\n<p>Perch\u00e9 sur la butte Montmartre, l\u2019h\u00f4tel Monsieur Aristide<br \/>\nd\u00e9voile son chalet hivernal, cocon boh\u00e8me et chaleureux qui<br \/>\ns\u2019impose comme le spot id\u00e9al pour partager un festin montagnard<br \/>\nentre amis ou en famille. Au menu : des raclettes gourmandes pour<br \/>\ntous les go\u00fbts : une traditionnelle avec assiette de charcuterie ou<br \/>\nune v\u00e9g\u00e9tale, avec courge r\u00f4tie, chou-fleur, champignons de Paris,<br \/>\nbrocolis, panais, \u00e0 savourer dans une ambiance festive et joyeuse.<br \/>\nOn se r\u00e9gale, on chante, on danse et on trinque avec des bons vins<br \/>\nde Savoie\u2026 Voil\u00e0 le programme d\u2019une soir\u00e9e forc\u00e9ment r\u00e9ussie.<\/p>\n<ul>\n<li><strong>3 Rue Aristide Bruant, 75018<br \/>\nParis<\/strong><\/li>\n<\/ul>\n<blockquote class=\"instagram-media\" style=\"background: #ffffff;border: 0;margin: 1px;width: 100%;padding: 0;max-width: 500px;\" data-instgrm-permalink=\"https:\/\/www.instagram.com\/p\/DQ9s25vD9CQ\/?img_index=1\" data-instgrm-version=\"14\"\/><p>\nLe jardin d&rsquo;hiver de la Maison Delano<\/p>\n<p>La terrasse de Maison Delano Paris se m\u00e9tamorphose en jardin<br \/>\nd\u2019hiver enchant\u00e9, avec des bulles chaleureuses, des sapins<br \/>\nmajestueux et des jeux de lumi\u00e8re. Dans ce d\u00e9cor f\u00e9\u00e9rique, le chef<br \/>\nPaolo Minelli et ses \u00e9quipes invitent les gourmets \u00e0 partager une<br \/>\nraclette g\u00e9n\u00e9reuse et conviviale avec fromage \u00e0 la truffe, \u00e0 l\u2019ail<br \/>\ndes ours, fum\u00e9 au bois de h\u00eatre, des charcuteries artisanales et<br \/>\ndes pommes de terre Ratte du Touquet.<\/p>\n<ul>\n<li><strong>4 Rue d&rsquo;Anjou, 75008 Paris<\/strong><\/li>\n<\/ul>\n<blockquote class=\"instagram-media\" style=\"background: #ffffff;border: 0;margin: 1px;width: 100%;padding: 0;max-width: 500px;\" data-instgrm-permalink=\"https:\/\/www.instagram.com\/p\/DRuiGGpDMUp\/?img_index=1\" data-instgrm-version=\"14\"\/><p>\nLa station de ski urbaine de Polpo Nord<\/p>\n<p>\u00c0 Levallois, au bord de la Seine, Polpo remet le couvert \u00e0<br \/>\nraclette et transforme sa p\u00e9niche en station de ski urbaine en<br \/>\ncollaboration avec Mo\u00ebt &amp; Chandon. Le lieu s\u2019habille de sapins<br \/>\nenguirland\u00e9s de lumi\u00e8re, de t\u00e9l\u00e9cabines cosy, et d\u2019une piste de<br \/>\ncurling en libre acc\u00e8s pour les clients. Cette ambiance montagnarde<br \/>\ns\u2019invite aussi \u00e0 table avec une tartiflette ultra-gourmande et<br \/>\nr\u00e9confortante au reblochon de Savoie, \u00e0 d\u00e9guster sur place ou \u00e0<br \/>\nemporter. Mais \u00e9galement une baguettiflette garnie de cr\u00e8me<br \/>\ncarbonara, comt\u00e9 AOP, raclette, oignons frits et ciboulette<br \/>\nfra\u00eeche, ou encore la bo\u00eete chaude raclette et bretzel \u00e0 savourer<br \/>\nsans mod\u00e9ration. Du jeudi soir au dimanche midi, est propos\u00e9 un<br \/>\nd\u00e9jeuner ou d\u00eener entre amis sous forme de raclette party \u00e0 volont\u00e9<br \/>\navec fromages \u00e0 raclette et pommes de terre \u00e0 volont\u00e9, accompagn\u00e9s<br \/>\nd\u2019une assiette de charcuterie. Pour le dessert, impossible de<br \/>\nr\u00e9sister \u00e0 la gaufre napp\u00e9e de Nocciolata ou de caramel beurre sal\u00e9<br \/>\net encore moins aux tartes sucr\u00e9es maison. C\u00f4t\u00e9 boissons, on se<br \/>\nr\u00e9chauffe avec un vin chaud ou un cidre aux \u00e9pices, \u00e0 moins de<br \/>\npr\u00e9f\u00e9rer un cocktail cr\u00e9ation comme le Ice Octopus : poire,<br \/>\ncitronnelle, citron et champagne Mo\u00ebt &amp; Chandon Ice Imp\u00e9rial.<\/p>\n<ul>\n<li><strong>47 Quai Charles Pasqua, 92300<br \/>\nLevallois-Perret<\/strong><\/li>\n<\/ul>\n<blockquote class=\"instagram-media\" style=\"background: #ffffff;border: 0;margin: 1px;width: 100%;padding: 0;max-width: 500px;\" data-instgrm-permalink=\"https:\/\/www.instagram.com\/p\/DRpr6g4gk5_\/?img_index=1\" data-instgrm-version=\"14\"\/><p>\nMonbleu<\/p>\n<p>On peut d\u00e9sormais parler des fromageries <a href=\"https:\/\/www.grazia.fr\/cuisine\/restaurants\/croque-au-camembert-mont-dor-roti-et-glace-au-roquefort-au-pere-lacheese-le-fromage-se-mange-vraiment-sous-toutes-ses-formes-et-on-y-a-dejoue-notre-intolerance-au-lactose-733195.html#item=1\" target=\"_blank\" rel=\"noopener\"><br \/>\nMonbleu<\/a> comme de v\u00e9ritables institutions du fromage \u00e0 Paris.<br \/>\nLeurs trois adresses se muent aussi en restaurants o\u00f9 les raclettes<br \/>\nsont forc\u00e9ment l\u00e9gion. Parmi leurs formules, une tradi avec un<br \/>\nassortiment de diff\u00e9rentes vari\u00e9t\u00e9s de fromages bien sourc\u00e9s servie<br \/>\navec des pommes de terre, une autre \u00e0 laquelle s\u2019ajoute une<br \/>\nd\u00e9clinaison de charcuteries, mais aussi une veggie servie avec des<br \/>\nl\u00e9gumes pour mettre tout le monde d\u2019accord. \u00c0 noter que Monbleu<br \/>\ndispose aussi de son propre Raclette Shop, sur lequel commander des<br \/>\nkits \u00e0 raclette pr\u00eats \u00e0 l\u2019emploi \u00e0 savourer dans le confort de<br \/>\nvotre domicile (en bonne compagnie de pr\u00e9f\u00e9rence).<\/p>\n<ul>\n<li><strong>37 Rue du Faubourg Montmartre, 75009<br \/>\nParis<\/strong><\/li>\n<\/ul>\n<blockquote class=\"instagram-media\" style=\"background: #ffffff;border: 0;margin: 1px;width: 100%;padding: 0;max-width: 500px;\" data-instgrm-permalink=\"https:\/\/www.instagram.com\/p\/C6RLFgJBotG\/\" data-instgrm-version=\"14\"\/><p>\nLe Chalet de la Ferme Saint-Amour par Eric Frechon sur le toit<br \/>\nde l&rsquo;h\u00f4tel Sax<\/p>\n<p>V\u00e9ritable institution \u00e0 Meg\u00e8ve, La Ferme Saint-Amour quitte pour<br \/>\nla premi\u00e8re fois les sommets enneig\u00e9s pour se d\u00e9localiser \u00e0 Paris.<br \/>\nLa marque iconique du Groupe Annie Famose pose ses valises, le<br \/>\ntemps d\u2019un hiver, sur le rooftop du tr\u00e8s \u00e9l\u00e9gant h\u00f4tel SAX Paris,<br \/>\ndans le 7\u1d49 arrondissement. Dans un superbe chalet \u00e9ph\u00e9m\u00e8re perch\u00e9<br \/>\nau-dessus de la ville, le chef \u00c9ric Frechon, Meilleur Ouvrier de<br \/>\nFrance, imagine un menu unique en trois temps, hommage \u00e0 la<br \/>\nmontagne et \u00e0 la convivialit\u00e9. L\u2019exp\u00e9rience d\u00e9bute par un<br \/>\namuse-bouche accompagn\u00e9 d\u2019une coupe de champagne, puis d\u00e9filent les<br \/>\nentr\u00e9es signatures du Chef : poireau grill\u00e9, soupe \u00e0 l\u2019oignon<br \/>\ngratin\u00e9e au reblochon fermier revisit\u00e9e. Les grands classiques de<br \/>\nLa Ferme Saint-Amour suivent le pas : le Mont d\u2019Or en cro\u00fbte<br \/>\nd\u2019\u00e9pic\u00e9a ou la fondue alpine au lait cru, \u00e0 partager dans la plus<br \/>\npure tradition montagnarde. S\u2019ajoutent une carte de cocktails<br \/>\nsignatures de La Ferme et une s\u00e9lection de vins savoyards et grands<br \/>\ncrus.<\/p>\n<ul>\n<li><strong>55 Av. de Saxe, 75007 Paris<\/strong><\/li>\n<\/ul>\n<blockquote class=\"instagram-media\" style=\"background: #ffffff;border: 0;margin: 1px;width: 100%;padding: 0;max-width: 500px;\" data-instgrm-permalink=\"https:\/\/www.instagram.com\/p\/DSApT80DaNT\/\" data-instgrm-version=\"14\"\/><p>\nLa raclette du Barn<\/p>\n<p>Cet hiver, le Barn, \u00e0 45 minutes de Paris, d\u00e9voile sa raclette<br \/>\ntraditionnelle servie chaque vendredi soir, au c\u0153ur de la for\u00eat,<br \/>\ndans une ambiance chalet chic et conviviale. Au programme ? Fromage<br \/>\ncoulant, pommes de terre dor\u00e9es,\u00a0charcuteries, verres de vin<br \/>\net ce petit suppl\u00e9ment d&rsquo;\u00e2me qui transforme chaque vendredi en<br \/>\n\u00e9chapp\u00e9e montagnarde.<\/p>\n<ul>\n<li><strong>Le Moulin de Br\u00e9tigny, 78830<br \/>\nBonnelles<\/strong><\/li>\n<\/ul>\n<blockquote class=\"instagram-media\" style=\"background: #ffffff;border: 0;margin: 1px;width: 100%;padding: 0;max-width: 500px;\" data-instgrm-permalink=\"https:\/\/www.instagram.com\/p\/DCE0MBnAjXk\/\" data-instgrm-version=\"14\"\/><p>\nLe rooftop d&rsquo;hiver de Au Top<\/p>\n<p>Dans le Marais, le rooftop Au Top enfile son manteau d\u2019hiver et<br \/>\nse r\u00e9invente pour r\u00e9chauffer les c\u0153urs et les papilles. Les<br \/>\nbanquettes se parent d\u00e9sormais de douces peaux de mouton, tandis<br \/>\nqu&rsquo;\u00e0 la carte s&rsquo;invite un Mont d\u2019Or fondant \u00e0 souhait, parfum\u00e9 aux<br \/>\n\u00e9clats de truffe noire. Parfaitement r\u00f4ti, ind\u00e9cent de gourmandise,<br \/>\nil se savoure avec une fl\u00fbte de Ruinart, parce qu&rsquo;on ne se refuse<br \/>\nrien.<\/p>\n<ul>\n<li><strong>93 Rue Vieille du Temple, 75003<br \/>\nParis<\/strong><\/li>\n<\/ul>\n<blockquote class=\"instagram-media\" style=\"background: #ffffff;border: 0;margin: 1px;width: 100%;padding: 0;max-width: 500px;\" data-instgrm-permalink=\"https:\/\/www.instagram.com\/p\/DRFj8ldDIg_\/?img_index=1\" data-instgrm-version=\"14\"\/>\n<p><script async src=\"\/\/www.instagram.com\/embed.js\"><\/script><\/p>\n","protected":false},"excerpt":{"rendered":"Les amateurs de fromage sont servis en hiver ! Raclettes et fondues sont en effet l\u00e9gion pendant la&hellip;\n","protected":false},"author":2,"featured_media":603053,"comment_status":"","ping_status":"","sticky":false,"template":"","format":"standard","meta":{"footnotes":""},"categories":[1888],"tags":[13041,11,17888,11690,1805,4440,1777,674,59427,1011,27,23319,65839,151,15799,59848,12,10650,626,471,54962,71543,25,16283],"class_list":{"0":"post-603052","1":"post","2":"type-post","3":"status-publish","4":"format-standard","5":"has-post-thumbnail","7":"category-paris","8":"tag-a","9":"tag-actualites","10":"tag-adresses","11":"tag-bonne","12":"tag-de","13":"tag-dune","14":"tag-eu","15":"tag-europe","16":"tag-fondue","17":"tag-fr","18":"tag-france","19":"tag-fromage","20":"tag-hivernales","21":"tag-les","22":"tag-meilleures","23":"tag-mordus","24":"tag-news","25":"tag-ou","26":"tag-paris","27":"tag-pour","28":"tag-raclette","29":"tag-regaler","30":"tag-republique-francaise","31":"tag-se"},"share_on_mastodon":{"url":"https:\/\/pubeurope.com\/@fr\/115729450067266232","error":""},"_links":{"self":[{"href":"https:\/\/www.europesays.com\/fr\/wp-json\/wp\/v2\/posts\/603052","targetHints":{"allow":["GET"]}}],"collection":[{"href":"https:\/\/www.europesays.com\/fr\/wp-json\/wp\/v2\/posts"}],"about":[{"href":"https:\/\/www.europesays.com\/fr\/wp-json\/wp\/v2\/types\/post"}],"author":[{"embeddable":true,"href":"https:\/\/www.europesays.com\/fr\/wp-json\/wp\/v2\/users\/2"}],"replies":[{"embeddable":true,"href":"https:\/\/www.europesays.com\/fr\/wp-json\/wp\/v2\/comments?post=603052"}],"version-history":[{"count":0,"href":"https:\/\/www.europesays.com\/fr\/wp-json\/wp\/v2\/posts\/603052\/revisions"}],"wp:featuredmedia":[{"embeddable":true,"href":"https:\/\/www.europesays.com\/fr\/wp-json\/wp\/v2\/media\/603053"}],"wp:attachment":[{"href":"https:\/\/www.europesays.com\/fr\/wp-json\/wp\/v2\/media?parent=603052"}],"wp:term":[{"taxonomy":"category","embeddable":true,"href":"https:\/\/www.europesays.com\/fr\/wp-json\/wp\/v2\/categories?post=603052"},{"taxonomy":"post_tag","embeddable":true,"href":"https:\/\/www.europesays.com\/fr\/wp-json\/wp\/v2\/tags?post=603052"}],"curies":[{"name":"wp","href":"https:\/\/api.w.org\/{rel}","templated":true}]}}