{"id":603054,"date":"2025-12-16T13:20:19","date_gmt":"2025-12-16T13:20:19","guid":{"rendered":"https:\/\/www.europesays.com\/fr\/603054\/"},"modified":"2025-12-16T13:20:19","modified_gmt":"2025-12-16T13:20:19","slug":"5-infos-a-connaitre-sur-ladversaire-bresilien-de-paris-en-finale-de-la-coupe-intercontinentale","status":"publish","type":"post","link":"https:\/\/www.europesays.com\/fr\/603054\/","title":{"rendered":"5 infos \u00e0 conna\u00eetre sur l&rsquo;adversaire br\u00e9silien de Paris en finale de la Coupe intercontinentale"},"content":{"rendered":"<p class=\"article-p mdl\">Attention \u00e0 ne pas les sous-estimer. Le Paris Saint-Germain d\u00e9fie le club br\u00e9silien de Flamengo en finale de la\u00a0<a class=\"link\" href=\"https:\/\/www.rtl.fr\/sport\/football\/psg-flamengo-qu-est-ce-que-la-coupe-intercontinentale-dont-la-finale-est-diffusee-sur-m6-7900578120\" title=\"PSG-Flamengo : qu&#039;est-ce que la Coupe intercontinentale, dont la finale est diffus\u00e9e sur M6 ?\" target=\"_blank\" rel=\"noopener\">Coupe intercontinentale de la Fifa<\/a>, mercredi 17 d\u00e9cembre, au stade Ahmad bin Ali d&rsquo;Al-Rayyan, pr\u00e8s de Doha au Qatar.<\/p>\n<p class=\"article-p mdl\">Une rencontre diffus\u00e9e sur\u00a0<a class=\"link\" href=\"https:\/\/www.rtl.fr\/sport\/football\/la-derniere-finale-2025-du-psg-a-suivre-en-direct-sur-m6-7900568051\" title=\"La derni\u00e8re finale 2025 du PSG \u00e0 suivre en direct sur M6\" target=\"_blank\" rel=\"noopener\">M6\u00a0<\/a>en direct \u00e0 partir de 18 heures. Mais qui est vraiment cet adversaire face \u00e0 qui les Rouge et Bleu vont tenter de d\u00e9crocher leur sixi\u00e8me troph\u00e9e d&rsquo;un brillant cru 2025 ?<br \/>Si les Parisiens ont remport\u00e9 le Troph\u00e9e des champions, la Ligue 1, la Coupe de France, la Ligue des champions et la Supercoupe d&rsquo;Europe, n&rsquo;\u00e9tant finalement battus qu&rsquo;en finale de la nouvelle Coupe du monde des clubs par Chelsea (3-0) \u00e0 l&rsquo;\u00e9t\u00e9 de l&rsquo;autre c\u00f4t\u00e9 de l&rsquo;oc\u00e9an Atlantique, les joueurs de Flamengo ont \u00e9galement des arguments solides \u00e0 faire valoir en amont de ce dernier grand rendez-vous de l&rsquo;ann\u00e9e.<\/p>\n<p>            1. D\u00e9j\u00e0 quatre titres en deux semaines pour \u00ab\u00a0Fla\u00a0\u00bb<\/p>\n<p class=\"article-p mdl\">Vainqueur de la Supercoupe br\u00e9silienne en f\u00e9vrier, les Cariocas ont connu deux sacres majeurs coup sur coup ces deux derni\u00e8res semaines : d&rsquo;abord dans la\u00a0C1 sud-am\u00e9ricaine qu&rsquo;est la\u00a0Copa Libertadores le 29 novembre (1-0 contre Palmeiras en finale), puis avec le gain du championnat auriverde quatre jours plus tard.<\/p>\n<p class=\"article-p mdl\">Gr\u00e2ce \u00e0 leur titre continental, les Rouge et Noir se sont qualifi\u00e9s pour cette Coupe intercontinentale, o\u00f9 ils en ont profit\u00e9 pour d\u00e9crocher\u00a0<a class=\"link\" href=\"https:\/\/www.rtl.fr\/sport\/football\/pyramids-fc-flamengo-cruz-azul-qui-sont-les-adversaires-potentiels-du-psg-en-finale-de-la-coupe-intercontinentale-7900572824\" title=\"Pyramids FC, Flamengo, Cruz Azul...  Qui sont les adversaires potentiels du PSG en finale de la Coupe intercontinentale ?\" target=\"_blank\" rel=\"noopener\">deux autres troph\u00e9es sur leur route vers la finale<\/a>. La Fifa leur a octroy\u00e9 une coupe pour c\u00e9l\u00e9brer leur victoire contre les Mexicains de Cruz Azul (2-1) mercredi dans le \u00ab\u00a0derby des Am\u00e9riques\u00a0\u00bb. Idem pour la \u00ab\u00a0Challenger Cup\u00a0\u00bb cons\u00e9cutive \u00e0 leur succ\u00e8s face aux\u00a0\u00c9gyptiens du Pyramids FC samedi (2-0).<\/p>\n<p>            2. Filipe Luis comme entra\u00eeneur et des visages bien connus du foot europ\u00e9en<\/p>\n<p class=\"article-p mdl\">Sur le banc, on retrouve un jeune entra\u00eeneur en la personne de l&rsquo;ex-lat\u00e9ral gauche Filipe Luis (40 ans). Celui-ci a pris les r\u00eanes du club en septembre 2024, moins d&rsquo;un an apr\u00e8s y avoir termin\u00e9 sa carri\u00e8re en d\u00e9cembre 2023. Entre temps, il avait dirig\u00e9 les U17 locaux. Pass\u00e9 par Chelsea, le Br\u00e9silien a surtout fait les beaux jours de l&rsquo;Atl\u00e9tico de Madrid avec qui il a remport\u00e9 deux fois la Ligue Europa en 2012 et 2018, ainsi que la Liga 2014.<\/p>\n<p class=\"article-p mdl\">On comprend d&rsquo;ailleurs mieux pourquoi il compte dans son effectif certains anciens du club madril\u00e8ne : le milieu espagnol Saul Niguez et l&rsquo;ailier br\u00e9silien Samuel Lino. Avec eux, l&rsquo;Italien Jorginho &#8211; 3e du Ballon d&rsquo;or 2021 &#8211; ou encore l&rsquo;ex-Lillois Luiz Araujo composent un groupe relativement exp\u00e9riment\u00e9 (28,4 ans, contre 23,8 ans c\u00f4t\u00e9 PSG selon le site sp\u00e9cialis\u00e9\u00a0<a class=\"link\" href=\"https:\/\/www.transfermarkt.fr\/clube-regatas-flamengo\/kader\/verein\/614\" target=\"_blank\" rel=\"noopener\">Transfermarkt<\/a>).<\/p>\n<p>            3. Un club d&rsquo;aviron devenu tombeur de champions du monde<\/p>\n<p class=\"article-p mdl\">Fond\u00e9 en 1895, le Clube de Regatas do Flamengo n&rsquo;\u00e9tait originellement qu&rsquo;un club d&rsquo;aviron, le sport roi pour la bourgeoise de Rio de Janeiro vers la fin du XIXe si\u00e8cle.\u00a0V\u00e9ritable r\u00e9f\u00e9rence en la mati\u00e8re, le club du quartier de Flamengo &#8211; au sud de la capitale &#8211; est ensuite devenu omnisports, se dotant d&rsquo;une section football en 1911.<\/p>\n<p class=\"article-p mdl\">Il a toutefois fallu attendre le d\u00e9but des ann\u00e9es 1980 pour que le club connaisse son \u00e2ge d&rsquo;or, dans le sillage du l\u00e9gendaire Zico, son meilleur buteur (394 r\u00e9alisations). Titr\u00e9 pour la premi\u00e8re fois en 1980 en championnat, puis en Copa Libertadores l&rsquo;ann\u00e9e suivante, l&rsquo;\u00e9quipe a ensuite sign\u00e9 sa plus grande victoire contre Liverpool lors de la Coupe intercontinentale 1981 \u00e0 Tokyo (3-0). C&rsquo;est fort de cet ADN que les Br\u00e9siliens ont r\u00e9cemment domin\u00e9 Chelsea lors du premier tour de la Coupe du monde des clubs en juin (3-1), avant que les Blues ne gagnent finalement le tournoi.<\/p>\n<p>            4. Locataire du Maracan\u00e3<\/p>\n<p class=\"article-p mdl\">Le club de Flamengo r\u00e9side au mythique stade Maracan\u00e3 de Rio de Janeiro, l&rsquo;une des deux seules enceintes de la plan\u00e8te \u00e0 avoir accueilli deux finales de Coupe du monde avec l&rsquo;estadio Azteca\u00a0de Mexico, en 1950 et 2014.<\/p>\n<p>C&rsquo;est sur ce terrain qu&rsquo;il y affronte l&rsquo;autre club qui utilise les lieux : son rival de Fluminense, o\u00f9 \u00e9volue notamment l&rsquo;ex-Parisien Thiago Silva. C&rsquo;est d&rsquo;ailleurs dans ce derby Fla-Flu que les adversaires de Vitinha et consorts ont conc\u00e9d\u00e9 leur seule d\u00e9faite sur leurs 13 derni\u00e8res rencontres : 1-2, le 20 novembre dernier.<\/p>\n<p>    5. L&rsquo;OM lui affiche son franc soutien<\/p>\n<p class=\"article-p mdl\">Au rayon des grandes rivalit\u00e9s,\u00a0<a class=\"link\" href=\"https:\/\/www.rtl.fr\/sport\/football\/en-direct-ligue-des-champions-suivez-les-matchs-union-saint-gilloise-om-et-monaco-galatasaray-commentes-sur-notre-radio-digitale-7900575664\" title=\"Ligue des champions : Marseille bat l&#039;Union Saint-Gilloise, Monaco s&#039;impose contre Galatasaray\" target=\"_blank\" rel=\"noopener\">l&rsquo;Olympique de Marseille<\/a>\u00a0ne s&rsquo;est d&rsquo;ailleurs pas priv\u00e9 d&rsquo;adresser un petit tacle \u00e0 son ennemi parisien. Apr\u00e8s la qualification de Flamengo en finale de la Coupe Intercontinentale, le compte lusophone du club phoc\u00e9en sur X s&rsquo;est fendu d&rsquo;un message de soutien aux Br\u00e9siliens, qu&rsquo;ils esp\u00e8rent voir faire tomber le PSG.<\/p>\n<p>                <img decoding=\"async\" alt=\"\" class=\"media-item lazy\" src=\"https:\/\/www.europesays.com\/fr\/wp-content\/uploads\/2025\/12\/1802803-capture-d-ecran-du-message-de-l-om-en-soutien-a-flamengo.png\"\/><\/p>\n<p class=\"article-media-figcaption-title\">\n            Capture d\u2019\u00e9cran du message de l&rsquo;OM en soutien \u00e0 Flamengo.<\/p>\n<p class=\"article-media-figcaption-credits\">\n            Cr\u00e9dit : @OM_Portugues sur X \/ Post supprim\u00e9<\/p>\n<p class=\"article-p mdl\">\u00ab\u00a0F\u00e9licitations pour ce nouveau titre en Challenger Cup. Il va sans dire que nous serons derri\u00e8re vous lors de la finale de la Coupe intercontinentale\u00a0\u00bb, a \u00e9crit l&rsquo;OM au club rouge et noir, avant que la publication ne soit supprim\u00e9e.<\/p>\n<p>    La r\u00e9daction vous recommande<\/p>\n<p class=\"s-newsletter__title\">\n                L\u2019actualit\u00e9 par la r\u00e9daction de RTL dans votre bo\u00eete mail.\n            <\/p>\n<p class=\"s-newsletter__subtitle\">\n                Gr\u00e2ce \u00e0 votre compte RTL abonnez-vous \u00e0 la newsletter RTL info pour suivre toute l&rsquo;actualit\u00e9 au quotidien\n            <\/p>\n<p>\n                                    Lire la suite\n                                <\/p>\n","protected":false},"excerpt":{"rendered":"Attention \u00e0 ne pas les sous-estimer. Le Paris Saint-Germain d\u00e9fie le club br\u00e9silien de Flamengo en finale de&hellip;\n","protected":false},"author":2,"featured_media":603055,"comment_status":"","ping_status":"","sticky":false,"template":"","format":"standard","meta":{"footnotes":""},"categories":[1888],"tags":[11,7151,1777,674,107,2619,1011,27,12,626,91,25],"class_list":{"0":"post-603054","1":"post","2":"type-post","3":"status-publish","4":"format-standard","5":"has-post-thumbnail","7":"category-paris","8":"tag-actualites","9":"tag-coupe-du-monde-des-clubs","10":"tag-eu","11":"tag-europe","12":"tag-fil-info","13":"tag-fil-sport","14":"tag-fr","15":"tag-france","16":"tag-news","17":"tag-paris","18":"tag-paris-saint-germain","19":"tag-republique-francaise"},"share_on_mastodon":{"url":"https:\/\/pubeurope.com\/@fr\/115729454665655236","error":""},"_links":{"self":[{"href":"https:\/\/www.europesays.com\/fr\/wp-json\/wp\/v2\/posts\/603054","targetHints":{"allow":["GET"]}}],"collection":[{"href":"https:\/\/www.europesays.com\/fr\/wp-json\/wp\/v2\/posts"}],"about":[{"href":"https:\/\/www.europesays.com\/fr\/wp-json\/wp\/v2\/types\/post"}],"author":[{"embeddable":true,"href":"https:\/\/www.europesays.com\/fr\/wp-json\/wp\/v2\/users\/2"}],"replies":[{"embeddable":true,"href":"https:\/\/www.europesays.com\/fr\/wp-json\/wp\/v2\/comments?post=603054"}],"version-history":[{"count":0,"href":"https:\/\/www.europesays.com\/fr\/wp-json\/wp\/v2\/posts\/603054\/revisions"}],"wp:featuredmedia":[{"embeddable":true,"href":"https:\/\/www.europesays.com\/fr\/wp-json\/wp\/v2\/media\/603055"}],"wp:attachment":[{"href":"https:\/\/www.europesays.com\/fr\/wp-json\/wp\/v2\/media?parent=603054"}],"wp:term":[{"taxonomy":"category","embeddable":true,"href":"https:\/\/www.europesays.com\/fr\/wp-json\/wp\/v2\/categories?post=603054"},{"taxonomy":"post_tag","embeddable":true,"href":"https:\/\/www.europesays.com\/fr\/wp-json\/wp\/v2\/tags?post=603054"}],"curies":[{"name":"wp","href":"https:\/\/api.w.org\/{rel}","templated":true}]}}