{"id":603056,"date":"2025-12-16T13:21:14","date_gmt":"2025-12-16T13:21:14","guid":{"rendered":"https:\/\/www.europesays.com\/fr\/603056\/"},"modified":"2025-12-16T13:21:14","modified_gmt":"2025-12-16T13:21:14","slug":"la-russie-dit-ne-pas-avoir-vu-les-propositions-europeennes-relatives-aux-garanties-de-securite","status":"publish","type":"post","link":"https:\/\/www.europesays.com\/fr\/603056\/","title":{"rendered":"la Russie dit ne \u00ab\u00a0pas avoir vu\u00a0\u00bb les propositions europ\u00e9ennes relatives aux garanties de s\u00e9curit\u00e9"},"content":{"rendered":"<p>   Une commission europ\u00e9enne charg\u00e9e de statuer sur les r\u00e9parations instaur\u00e9e \u00e0 La\u00a0Haye             <\/p>\n<p class=\"post__live-container--answer-text post__space-node\">Un organisme international \u00e9tabli \u00e0 La\u00a0Haye pour statuer sur les r\u00e9parations \u00e0 verser \u00e0 l\u2019Ukraine a \u00e9t\u00e9 instaur\u00e9, mardi, en pr\u00e9sence de hauts responsables europ\u00e9ens et du pr\u00e9sident ukrainien, Volodymyr Zelensky.<\/p>\n<p class=\"post__live-container--answer-text post__space-node\">La Commission internationale des r\u00e9clamations pour l\u2019Ukraine, dont la convention a \u00e9t\u00e9 sign\u00e9e par 35 pays, statuera sur les demandes de r\u00e9parations, y compris sur les montants \u00e0 verser, sachant qu\u2019un \u00ab\u00a0registre des dommages\u00a0\u00bb existe d\u00e9j\u00e0 et a re\u00e7u environ 80\u00a0000 demandes d\u2019indemnisation \u00e9manant de particuliers ou d\u2019organisations.<\/p>\n<p class=\"post__live-container--answer-text post__space-node\">\u00ab\u00a0Nous esp\u00e9rons que tous les m\u00e9canismes d\u2019indemnisation [\u2026] seront mis en place et b\u00e9n\u00e9ficieront d\u2019un soutien international fort et suffisant afin que les gens puissent vraiment sentir que tous les dommages caus\u00e9s par la guerre peuvent \u00eatre indemnis\u00e9s\u00a0\u00bb, a d\u00e9clar\u00e9 M. Zelensky. \u00ab\u00a0Cette guerre et la responsabilit\u00e9 de la Russie dans celle-ci doivent devenir un exemple clair afin que d\u2019autres apprennent \u00e0 ne pas choisir l\u2019agression\u00a0\u00bb, a-t-il ajout\u00e9.<\/p>\n<p class=\"post__live-container--answer-text post__space-node\">La prochaine \u00e9tape consistera \u00e0 cr\u00e9er un fonds d\u2019indemnisation, mais le fonctionnement de cette partie cruciale du processus n\u2019a pas encore \u00e9t\u00e9 clarifi\u00e9, notamment \u00e0 cause de la question de l\u2019\u00e9ventuelle utilisation des avoirs russes gel\u00e9s. Le m\u00e9canisme d\u2019indemnisation sera coordonn\u00e9 par le Conseil de l\u2019Europe, qui si\u00e8ge \u00e0 Strasbourg, dont la Russie a \u00e9t\u00e9 exclue en mars\u00a02022.<\/p>\n<p class=\"post__live-container--answer-text post__space-node\">\u00ab\u00a0La cr\u00e9ation du fonds de compensation devrait intervenir dans un d\u00e9lai d\u2019environ 12 \u00e0 18 mois\u00a0\u00bb, a d\u00e9clar\u00e9 Alain Berset, secr\u00e9taire g\u00e9n\u00e9ral du Conseil. \u00ab\u00a0Bien s\u00fbr, les paiements aux victimes suivront une fois que le fonds sera op\u00e9rationnel et que les demandes d\u2019indemnisation auront \u00e9t\u00e9 d\u00e9pos\u00e9es\u00a0\u00bb, a-t-il ajout\u00e9.<\/p>\n","protected":false},"excerpt":{"rendered":"Une commission europ\u00e9enne charg\u00e9e de statuer sur les r\u00e9parations instaur\u00e9e \u00e0 La\u00a0Haye Un organisme international \u00e9tabli \u00e0 La\u00a0Haye&hellip;\n","protected":false},"author":2,"featured_media":603057,"comment_status":"","ping_status":"","sticky":false,"template":"","format":"standard","meta":{"footnotes":""},"categories":[1591],"tags":[11,1887,12,1885,1886,132],"class_list":{"0":"post-603056","1":"post","2":"type-post","3":"status-publish","4":"format-standard","5":"has-post-thumbnail","7":"category-russie","8":"tag-actualites","9":"tag-federation-de-russie","10":"tag-news","11":"tag-russia","12":"tag-russian-federation","13":"tag-russie"},"share_on_mastodon":{"url":"https:\/\/pubeurope.com\/@fr\/115729457726206974","error":""},"_links":{"self":[{"href":"https:\/\/www.europesays.com\/fr\/wp-json\/wp\/v2\/posts\/603056","targetHints":{"allow":["GET"]}}],"collection":[{"href":"https:\/\/www.europesays.com\/fr\/wp-json\/wp\/v2\/posts"}],"about":[{"href":"https:\/\/www.europesays.com\/fr\/wp-json\/wp\/v2\/types\/post"}],"author":[{"embeddable":true,"href":"https:\/\/www.europesays.com\/fr\/wp-json\/wp\/v2\/users\/2"}],"replies":[{"embeddable":true,"href":"https:\/\/www.europesays.com\/fr\/wp-json\/wp\/v2\/comments?post=603056"}],"version-history":[{"count":0,"href":"https:\/\/www.europesays.com\/fr\/wp-json\/wp\/v2\/posts\/603056\/revisions"}],"wp:featuredmedia":[{"embeddable":true,"href":"https:\/\/www.europesays.com\/fr\/wp-json\/wp\/v2\/media\/603057"}],"wp:attachment":[{"href":"https:\/\/www.europesays.com\/fr\/wp-json\/wp\/v2\/media?parent=603056"}],"wp:term":[{"taxonomy":"category","embeddable":true,"href":"https:\/\/www.europesays.com\/fr\/wp-json\/wp\/v2\/categories?post=603056"},{"taxonomy":"post_tag","embeddable":true,"href":"https:\/\/www.europesays.com\/fr\/wp-json\/wp\/v2\/tags?post=603056"}],"curies":[{"name":"wp","href":"https:\/\/api.w.org\/{rel}","templated":true}]}}