{"id":603067,"date":"2025-12-16T13:27:11","date_gmt":"2025-12-16T13:27:11","guid":{"rendered":"https:\/\/www.europesays.com\/fr\/603067\/"},"modified":"2025-12-16T13:27:11","modified_gmt":"2025-12-16T13:27:11","slug":"bruxelles-veut-autoriser-a-vie-les-pesticides-dans-lunion-europeenne","status":"publish","type":"post","link":"https:\/\/www.europesays.com\/fr\/603067\/","title":{"rendered":"Bruxelles veut autoriser \u00e0 vie les pesticides dans l&rsquo;Union europ\u00e9enne"},"content":{"rendered":"<p>La Commission europ\u00e9enne pourrait d\u00e9livrer des autorisations \u00e0 vie pour les pesticides dans l&rsquo;UE. Des milliers de m\u00e9decins, soignants et scientifiques alertent sur un retour en arri\u00e8re qui mettrait en danger la sant\u00e9 de millions de consommateurs et les \u00e9cosyst\u00e8mes.<\/p>\n<p>Cette nouvelle l\u00e9gislation europ\u00e9enne sur les pesticides, appel\u00e9e directives \u00ab\u00a0omnibus\u00a0\u00bb, vise, selon la Commission europ\u00e9enne, \u00e0 \u00ab\u00a0simplifier\u00a0\u00bb le Pacte Vert de l&rsquo;UE sur la transition durable. Ses d\u00e9tracteurs y voient eux un affaiblissement.<\/p>\n<p><strong class=\"inline-title\">&gt;&gt; Lire aussi \u00a0: <\/strong><a href=\"https:\/\/www.rts.ch\/info\/sciences-tech\/2025\/article\/pesticide-acetamipride-autorise-en-suisse-controverse-en-france-28951075.html\" data-item-id=\"richtext_link\" target=\"_blank\" rel=\"noopener\">L&rsquo;ac\u00e9tamipride, pesticide au c\u0153ur d&rsquo;une pol\u00e9mique en France, reste pour l&rsquo;heure autoris\u00e9 en Suisse<\/a><\/p>\n<p>Dans ces directives, la Commission propose notamment de simplifier la mise sur le march\u00e9 des pesticides, en leur donnant une autorisation \u00e0 vie et non plus renouvelable tous les dix \u00e0 quinze ans, quand bien m\u00eame la science ferait par la suite de nouvelles d\u00e9couvertes sur la nocivit\u00e9 de ces produits.<\/p>\n<blockquote class=\"rts-quote quote\">\n<p class=\"q-text\">On a une augmentation de 80% de cancers sur les 25-35 ans et on ne sait pas du tout l&rsquo;expliquer<\/p>\n<p>  Elise Bordet, ing\u00e9nieure agronome et chercheuse en immunologie \u00e0\u00a0Paris <\/p><\/blockquote>\n<p>Ce point provoque beaucoup de col\u00e8re dans le monde scientifique et m\u00e9dical. En France, pr\u00e8s de 2300 m\u00e9decins et scientifiques ont interpell\u00e9 les parlementaires et le Gouvernement. \u00ab\u00a0\u00c7a n&rsquo;a aucun sens de d\u00e9r\u00e9guler pour toujours des mol\u00e9cules dangereuses\u00a0\u00bb, tonne dans La Matinale Elise Bordet, ing\u00e9nieure agronome et chercheuse en immunologie \u00e0 \u00a0Paris.<\/p>\n<p>Elle a du mal \u00e0 retenir sa col\u00e8re: \u00ab\u00a0Je rappelle que ce sont des mol\u00e9cules faites pour tuer le vivant. Tout le cycle de l&rsquo;eau est d\u00e9j\u00e0 contamin\u00e9 par les pesticides\u00a0\u00bb. Et de citer l&rsquo;exemple du glyphosate: \u00ab\u00a0Une des \u00e9tudes majeures pour d\u00e9fendre le glyphosate en disant que ce n&rsquo;\u00e9tait pas dangereux a d\u00fb \u00eatre retir\u00e9e la semaine derni\u00e8re, 25 ans plus tard, parce que Monsanto avait pay\u00e9 le journal pour la faire publier\u00a0\u00bb.<\/p>\n<p>Potentiel canc\u00e9rog\u00e8ne<\/p>\n<p>Cette frustration des scientifiques s&rsquo;explique aussi par le fait que la recherche met toujours plus en lumi\u00e8re les dangers de ces substances pour l&rsquo;humain comme pour la nature. Leur potentiel canc\u00e9rog\u00e8ne est notamment de plus en plus mis en lumi\u00e8re.<\/p>\n<p>\u00ab\u00a0On a une augmentation de 80% de cancers sur les 25-35 ans et on ne sait pas du tout l&rsquo;expliquer.\u00a0C&rsquo;est irresponsable, c&rsquo;est horrible. On a des jeunes de 25 ans qui meurent de cancer de l&rsquo;intestin. Avant, \u00e7a n&rsquo;existait pas.\u00a0Le cancer, normalement, est une maladie qui devrait se d\u00e9velopper qu&rsquo;\u00e0 partir de 60 ans, dans un environnement sain.\u00a0On est en train de vivre un d\u00e9lire.\u00a0\u00bb<\/p>\n<p>\u00ab\u00a0Volte-face \u00e0 180 degr\u00e9s\u00a0\u00bb<\/p>\n<p>En Suisse, ce projet de r\u00e9forme est \u00e9galement mal per\u00e7u par la communaut\u00e9 scientifique. \u00ab\u00a0C&rsquo;est pour moi une volte-face \u00e0 180 degr\u00e9s.\u00a0Il y a encore deux ou trois ans, l&rsquo;Union europ\u00e9enne a tr\u00e8s clairement fait part de son intention d&rsquo;un monde sans substances chimiques toxiques pour la sant\u00e9 et l&rsquo;environnement.\u00a0Et l\u00e0, on fait une volte-face complet sous l&rsquo;\u00e9gide de l&rsquo;\u00e9conomie\u00a0\u00bb, regrette Nathalie Ch\u00e8vre, \u00e9cotoxicologue \u00e0 l&rsquo;Universit\u00e9 de Lausanne.<\/p>\n<p>La chercheuse estime que la Suisse fait aussi preuve d&rsquo;une certain laxisme. Trois produits phytosanitaires sont notamment exclus de la r\u00e9vision de l&rsquo;ordonnance sur la protection des eaux par le Conseil f\u00e9d\u00e9ral, rappelle Nathalie Ch\u00e8vre. \u00ab\u00a0Ces trois produits sont particuli\u00e8rement probl\u00e9matiques, notamment la deltam\u00e9thrine. Si on fixait une norme, on devrait certainement l&rsquo;interdire.\u00a0\u00bb<\/p>\n<p><strong class=\"inline-title\">&gt;&gt; Lire\u00a0: <\/strong><a href=\"https:\/\/www.rts.ch\/info\/suisse\/2025\/article\/la-suisse-renforce-la-protection-des-eaux-nouvelles-limites-pour-les-pesticides-29070744.html\" data-item-id=\"richtext_link\" target=\"_blank\" rel=\"noopener\">La Suisse lance un plan ambitieux pour am\u00e9liorer la qualit\u00e9 de l&rsquo;eau<\/a><\/p>\n<p>Applicable \u00e0 la Suisse?<\/p>\n<p>La Suisse pourrait aussi adopter cette nouvelle r\u00e9glementation europ\u00e9enne si elle \u00e9tait valid\u00e9e, selon Nicolas Schenk, collaborateur scientifique, sp\u00e9cialis\u00e9 dans le droit de produits phytosanitaires \u00e0 l&rsquo;Office f\u00e9d\u00e9ral de la s\u00e9curit\u00e9 alimentaire et des affaires v\u00e9t\u00e9rinaires (OSAV), charg\u00e9 de l&rsquo;autorisation des pesticides.<\/p>\n<blockquote class=\"rts-quote quote\">\n<p class=\"q-text\">En cas d&rsquo;accord avec l&rsquo;UE, ce qui ressortirait de ce projet omnibus serait aussi applicable \u00e0 la Suisse<\/p>\n<p>  Nicolas Schenk, collaborateur scientifique \u00e0 l&rsquo;OSAV <\/p><\/blockquote>\n<p>\u00ab\u00a0C&rsquo;est tr\u00e8s difficile \u00e0 l&rsquo;heure actuelle de se prononcer sur les cons\u00e9quences que \u00e7a pourrait avoir pour la Suisse, parce qu&rsquo;ils en sont tout au d\u00e9but du projet.\u00a0Mais dans le cadre de l&rsquo;accord qu&rsquo;on a n\u00e9goci\u00e9 avec l&rsquo;Union europ\u00e9enne, qui va passer maintenant \u00e0 la phase parlementaire, la Suisse obtiendrait exactement le m\u00eame statut qu&rsquo;un Etat membre.\u00a0Ce qui ressortirait de ce projet omnibus serait aussi applicable \u00e0 la Suisse\u00a0\u00bb, d\u00e9taille Nicolas Schenk.<\/p>\n<p>\u00ab\u00a0Mais il faut savoir que les Etats membres auront toujours la possibilit\u00e9 de restreindre, voire d&rsquo;interdire, certains produits phytosanitaires s&rsquo;ils estiment qu&rsquo;ils peuvent avoir des effets n\u00e9fastes, notamment sur l&rsquo;environnement ou la protection des eaux.\u00a0\u00bb<\/p>\n<p>Apr\u00e8s sa publication par la Commission europ\u00e9enne, cette r\u00e9forme de la r\u00e9glementation des pesticides doit encore \u00eatre accept\u00e9e par le Parlement europ\u00e9en et les Etats membres.<\/p>\n<p class=\"sources\">Foued Boukari\/asch<\/p>\n","protected":false},"excerpt":{"rendered":"La Commission europ\u00e9enne pourrait d\u00e9livrer des autorisations \u00e0 vie pour les pesticides dans l&rsquo;UE. Des milliers de m\u00e9decins,&hellip;\n","protected":false},"author":2,"featured_media":603068,"comment_status":"","ping_status":"","sticky":false,"template":"","format":"standard","meta":{"footnotes":""},"categories":[1586],"tags":[11,2360,101,14894,2196,4511,4858,6359,436,69978,1777,674,1779,1011,27,6339,12,36135,25,71,19604,3067,1778,364],"class_list":{"0":"post-603067","1":"post","2":"type-post","3":"status-publish","4":"format-standard","5":"has-post-thumbnail","7":"category-europe","8":"tag-actualites","9":"tag-bruxelles","10":"tag-cancer","11":"tag-chercheur","12":"tag-commission-europeenne","13":"tag-danger","14":"tag-eau","15":"tag-economie-et-finances","16":"tag-environnement","17":"tag-etat-membre","18":"tag-eu","19":"tag-europe","20":"tag-european-union","21":"tag-fr","22":"tag-france","23":"tag-medecin","24":"tag-news","25":"tag-pesticide","26":"tag-republique-francaise","27":"tag-sante","28":"tag-scientifique","29":"tag-suisse","30":"tag-ue","31":"tag-union-europeenne"},"share_on_mastodon":{"url":"https:\/\/pubeurope.com\/@fr\/115729481440884872","error":""},"_links":{"self":[{"href":"https:\/\/www.europesays.com\/fr\/wp-json\/wp\/v2\/posts\/603067","targetHints":{"allow":["GET"]}}],"collection":[{"href":"https:\/\/www.europesays.com\/fr\/wp-json\/wp\/v2\/posts"}],"about":[{"href":"https:\/\/www.europesays.com\/fr\/wp-json\/wp\/v2\/types\/post"}],"author":[{"embeddable":true,"href":"https:\/\/www.europesays.com\/fr\/wp-json\/wp\/v2\/users\/2"}],"replies":[{"embeddable":true,"href":"https:\/\/www.europesays.com\/fr\/wp-json\/wp\/v2\/comments?post=603067"}],"version-history":[{"count":0,"href":"https:\/\/www.europesays.com\/fr\/wp-json\/wp\/v2\/posts\/603067\/revisions"}],"wp:featuredmedia":[{"embeddable":true,"href":"https:\/\/www.europesays.com\/fr\/wp-json\/wp\/v2\/media\/603068"}],"wp:attachment":[{"href":"https:\/\/www.europesays.com\/fr\/wp-json\/wp\/v2\/media?parent=603067"}],"wp:term":[{"taxonomy":"category","embeddable":true,"href":"https:\/\/www.europesays.com\/fr\/wp-json\/wp\/v2\/categories?post=603067"},{"taxonomy":"post_tag","embeddable":true,"href":"https:\/\/www.europesays.com\/fr\/wp-json\/wp\/v2\/tags?post=603067"}],"curies":[{"name":"wp","href":"https:\/\/api.w.org\/{rel}","templated":true}]}}