{"id":603075,"date":"2025-12-16T13:33:15","date_gmt":"2025-12-16T13:33:15","guid":{"rendered":"https:\/\/www.europesays.com\/fr\/603075\/"},"modified":"2025-12-16T13:33:15","modified_gmt":"2025-12-16T13:33:15","slug":"pro-d2-le-fcg-a-nouveau-a-21-heures-un-match-decale-au-samedi-soir-la-programmation-de-la-17e-journee","status":"publish","type":"post","link":"https:\/\/www.europesays.com\/fr\/603075\/","title":{"rendered":"Pro D2. Le FCG \u00e0 nouveau \u00e0 21 heures, un match d\u00e9cal\u00e9 au samedi soir&#8230; La programmation de la 17e journ\u00e9e"},"content":{"rendered":"<p><a title=\"rugby Pro D2 VRDR - FCG rebond\" href=\"https:\/\/www.ledauphine.com\/sport\/2025\/12\/13\/nous-sommes-un-peu-malades-au-fcg-on-est-dans-le-dur-et-on-ne-se-voile-pas-la-face\" target=\"_blank\" rel=\"noopener\">Les r\u00e9sultats du FC Grenoble sont en berne, en cet automne 2025<\/a> , mais sa cote de popularit\u00e9 aupr\u00e8s du t\u00e9l\u00e9-diffuseur du championnat de Pro D2 reste \u00e9lev\u00e9e. Pour la deuxi\u00e8me journ\u00e9e de la phase retour\u00a0&#8211; qui sera disput\u00e9e en 2026 &#8211; il aura de nouveau droit \u00e0 un match d\u00e9cal\u00e9 \u00e0 21 heures et diffus\u00e9 sur Canal +\u00a0Sport.<\/p>\n<p>La programmation de la 17e journ\u00e9e, diffus\u00e9e ce mardi par la Ligue Nationale de Rugby (LNR), propose en effet un Grenoble &#8211; Agen le vendredi 16\u00a0janvier, mais avec un coup d\u2019envoi repouss\u00e9 \u00e0 21 heures au Stade des Alpes.<\/p>\n<p><strong>&gt;&gt;\u00a0<\/strong><a href=\"https:\/\/www.ledauphine.com\/sport\/calendrier-resultats\/rugby\/national-pro-d2-saison-reguliere\" target=\"_blank\" rel=\"noopener\"><strong>Les r\u00e9sultats, le classement et le calendrier de Pro D2\u00a0<\/strong><\/a><\/p>\n<p>Ce contenu est bloqu\u00e9 car vous n&rsquo;avez pas accept\u00e9 les cookies et autres traceurs.<\/p>\n<p>En cliquant sur \u00ab J\u2019accepte \u00bb, les cookies et autres traceurs seront d\u00e9pos\u00e9s et vous pourrez visualiser les contenus  (<a href=\"\" class=\"consentModule_policy\" target=\"_blank\" title=\"Consulter la politique de protection des donn\u00e9es du fournisseur\">plus d&rsquo;informations<\/a>).<\/p>\n<p>En cliquant sur \u00ab J\u2019accepte tous les cookies \u00bb, vous autorisez des d\u00e9p\u00f4ts de cookies et autres traceurs pour le stockage de vos donn\u00e9es sur nos sites et applications \u00e0 des fins de personnalisation et de ciblage publicitaire.<\/p>\n<p class=\"consentModule_secondaryText\">Vous gardez la possibilit\u00e9 de retirer votre consentement \u00e0 tout moment en consultant notre <a href=\"https:\/\/www.ledauphine.com\/protection-des-donnees\" target=\"_blank\" title=\"Consulter notre politique de protection des donn\u00e9es\" rel=\"noopener\">politique de protection des donn\u00e9es<\/a>. <br \/>&#13;<br \/>\n            <a href=\"https:\/\/www.ledauphine.com\/sport\/2025\/12\/16\/javascript:Didomi.notice.show()\" class=\"consentModule_cmp\" target=\"_blank\" rel=\"noopener\">G\u00e9rer mes choix<\/a>&#13;\n        <\/p>\n<p>&#13;<br \/>\n                        J&rsquo;accepte&#13;<br \/>\n            J&rsquo;accepte tous les cookies&#13;\n        <\/p>\n<p>Cette 17e journ\u00e9e sera aussi marqu\u00e9e par un nouveau match d\u00e9cal\u00e9 en dehors des cr\u00e9neaux habituels de la Pro D2. Profitant d\u2019un week-end sans Top 14 (quatri\u00e8me journ\u00e9e des coups d\u2019Europe), la LNR et Canal +\u00a0ont programm\u00e9 le match Vannes &#8211; Brive au samedi 17\u00a0janvier \u00e0 21 heures.<\/p>\n<p>D\u00e9j\u00e0 au match aller, fin ao\u00fbt, Corr\u00e9ziens et Bretons s\u2019\u00e9taient affront\u00e9s un samedi soir en prime time (30-30).<\/p>\n<p>Pour le club morbihannais, ce sera m\u00eame une troisi\u00e8me programmation sp\u00e9ciale, apr\u00e8s <a title=\"rugby Pro D2 Vannes - FCG dimanche soir Rennes\" href=\"https:\/\/www.ledauphine.com\/sport\/2025\/09\/24\/le-choc-vannes-fcg-decale-au-dimanche-soir-en-novembre%20\" target=\"_blank\" rel=\"noopener\">le Vannes &#8211; Grenoble d\u00e9cal\u00e9 au dimanche soir \u00e0 21 heures<\/a>. C\u2019\u00e9tait le 16\u00a0novembre dernier \u00e0 Rennes face\u2026 au FCG (28-18).<\/p>\n","protected":false},"excerpt":{"rendered":"Les r\u00e9sultats du FC Grenoble sont en berne, en cet automne 2025 , mais sa cote de popularit\u00e9&hellip;\n","protected":false},"author":2,"featured_media":603076,"comment_status":"","ping_status":"","sticky":false,"template":"","format":"standard","meta":{"footnotes":""},"categories":[1416],"tags":[4646,2730,112,113,2737,2735,114,2727,1701,1795,1011,27,2731,2732,108,63504,2308,1479,2736,479,1468,517,1947,60,2733,2734,2728],"class_list":{"0":"post-603075","1":"post","2":"type-post","3":"status-publish","4":"format-standard","5":"has-post-thumbnail","7":"category-rugby","8":"tag-ardeche","9":"tag-drome","10":"tag-edition-grenoble-agglomeration","11":"tag-edition-gresivaudan-oisans","12":"tag-edition-romans-nord-drome","13":"tag-edition-valence-rhone-crussol-vallee-de-la-drome","14":"tag-edition-voiron-saint-marcellin","15":"tag-fcg-fc-grenoble-rugby","16":"tag-fil-info-sport","17":"tag-fil-web","18":"tag-fr","19":"tag-france","20":"tag-grenoble","21":"tag-grenoble-bassin","22":"tag-isere","23":"tag-nord-drome","24":"tag-pro-d2","25":"tag-romans","26":"tag-romans-sur-isere","27":"tag-rugby","28":"tag-rugby-football","29":"tag-sport","30":"tag-sport-national","31":"tag-sports","32":"tag-valence","33":"tag-valence-bassin","34":"tag-vrdr-valence-romans-drome-rugby"},"share_on_mastodon":{"url":"","error":"Validation failed: Text character limit of 500 exceeded"},"_links":{"self":[{"href":"https:\/\/www.europesays.com\/fr\/wp-json\/wp\/v2\/posts\/603075","targetHints":{"allow":["GET"]}}],"collection":[{"href":"https:\/\/www.europesays.com\/fr\/wp-json\/wp\/v2\/posts"}],"about":[{"href":"https:\/\/www.europesays.com\/fr\/wp-json\/wp\/v2\/types\/post"}],"author":[{"embeddable":true,"href":"https:\/\/www.europesays.com\/fr\/wp-json\/wp\/v2\/users\/2"}],"replies":[{"embeddable":true,"href":"https:\/\/www.europesays.com\/fr\/wp-json\/wp\/v2\/comments?post=603075"}],"version-history":[{"count":0,"href":"https:\/\/www.europesays.com\/fr\/wp-json\/wp\/v2\/posts\/603075\/revisions"}],"wp:featuredmedia":[{"embeddable":true,"href":"https:\/\/www.europesays.com\/fr\/wp-json\/wp\/v2\/media\/603076"}],"wp:attachment":[{"href":"https:\/\/www.europesays.com\/fr\/wp-json\/wp\/v2\/media?parent=603075"}],"wp:term":[{"taxonomy":"category","embeddable":true,"href":"https:\/\/www.europesays.com\/fr\/wp-json\/wp\/v2\/categories?post=603075"},{"taxonomy":"post_tag","embeddable":true,"href":"https:\/\/www.europesays.com\/fr\/wp-json\/wp\/v2\/tags?post=603075"}],"curies":[{"name":"wp","href":"https:\/\/api.w.org\/{rel}","templated":true}]}}