{"id":603077,"date":"2025-12-16T13:34:17","date_gmt":"2025-12-16T13:34:17","guid":{"rendered":"https:\/\/www.europesays.com\/fr\/603077\/"},"modified":"2025-12-16T13:34:17","modified_gmt":"2025-12-16T13:34:17","slug":"atp-laveu-de-juan-martin-del-potro-quand-jai-perdu-la-finale-de-lus-open-2018-contre-djokovic-jetais-3e-mondial-et-epuise-mais-je-mimaginais-etre-numero-1-apres-lopen-daustralie-2019-ce","status":"publish","type":"post","link":"https:\/\/www.europesays.com\/fr\/603077\/","title":{"rendered":"ATP > L&rsquo;aveu de Juan Martin Del Potro : \u00ab\u00a0Quand j&rsquo;ai perdu la finale de l&rsquo;US Open 2018 contre Djokovic, j&rsquo;\u00e9tais 3e mondial et \u00e9puis\u00e9 mais je m&rsquo;imaginais \u00eatre num\u00e9ro 1 apr\u00e8s l&rsquo;Open d&rsquo;Australie 2019. C&rsquo;est l\u00e0 que je me suis bless\u00e9&#8230;\u00a0\u00bb"},"content":{"rendered":"<p>Officiellement retrait\u00e9 depuis un an, Juan Martin Del Potro s\u2019est livr\u00e9 lors d\u2019une inter\u00adview accord\u00e9e \u00e0 ESPN, dont les propos sont relay\u00e9s par <a href=\"https:\/\/www.puntodebreak.com\/2025\/12\/16\/potro-visualizaba-numero-despues-open-australia-2019\" data-wpel-link=\"external\" target=\"_blank\" rel=\"nofollow external noopener\">Punto de Break<\/a>.<\/p>\n<p><strong>\u00ab\u202fQuand je suis arriv\u00e9 en finale de l\u2019US Open 2018, alors que j\u2019\u00e9tais 3e mondial et \u00e9puis\u00e9, je suis reparti pour la tourn\u00e9e asia\u00adtique. J\u2019ai fini par y aller parce que je m\u2019ima\u00adgi\u00adnais \u00eatre num\u00e9ro 1 apr\u00e8s l\u2019Open d\u2019Australie 2019. J\u2019avais une chance math\u00e9\u00adma\u00adtique r\u00e9elle d\u2019\u00eatre num\u00e9ro 1\u202fsi je jouais bien ces tour\u00adnois. C\u2019est l\u00e0 que je me suis bless\u00e9, je me suis cass\u00e9 le genou, j\u2019ai d\u00fb m\u2019ar\u00adr\u00eater et ensuite tout le cauchemar de la jambe a commenc\u00e9.\u202f\u00bb<\/strong><\/p>\n<p class=\"post-published-date\" style=\"color: silver; font-size: 75%; text-align: left;\">Publi\u00e9 le mardi 16 d\u00e9cembre 2025 \u00e0 09:55<\/p>\n","protected":false},"excerpt":{"rendered":"Officiellement retrait\u00e9 depuis un an, Juan Martin Del Potro s\u2019est livr\u00e9 lors d\u2019une inter\u00adview accord\u00e9e \u00e0 ESPN, dont&hellip;\n","protected":false},"author":2,"featured_media":49189,"comment_status":"","ping_status":"","sticky":false,"template":"","format":"standard","meta":{"footnotes":""},"categories":[1415],"tags":[4738,105,1011,27,60,1467],"class_list":{"0":"post-603077","1":"post","2":"type-post","3":"status-publish","4":"format-standard","5":"has-post-thumbnail","7":"category-tennis","8":"tag-del-potro","9":"tag-djokovic","10":"tag-fr","11":"tag-france","12":"tag-sports","13":"tag-tennis"},"share_on_mastodon":{"url":"https:\/\/pubeurope.com\/@fr\/115729508934927679","error":""},"_links":{"self":[{"href":"https:\/\/www.europesays.com\/fr\/wp-json\/wp\/v2\/posts\/603077","targetHints":{"allow":["GET"]}}],"collection":[{"href":"https:\/\/www.europesays.com\/fr\/wp-json\/wp\/v2\/posts"}],"about":[{"href":"https:\/\/www.europesays.com\/fr\/wp-json\/wp\/v2\/types\/post"}],"author":[{"embeddable":true,"href":"https:\/\/www.europesays.com\/fr\/wp-json\/wp\/v2\/users\/2"}],"replies":[{"embeddable":true,"href":"https:\/\/www.europesays.com\/fr\/wp-json\/wp\/v2\/comments?post=603077"}],"version-history":[{"count":0,"href":"https:\/\/www.europesays.com\/fr\/wp-json\/wp\/v2\/posts\/603077\/revisions"}],"wp:featuredmedia":[{"embeddable":true,"href":"https:\/\/www.europesays.com\/fr\/wp-json\/wp\/v2\/media\/49189"}],"wp:attachment":[{"href":"https:\/\/www.europesays.com\/fr\/wp-json\/wp\/v2\/media?parent=603077"}],"wp:term":[{"taxonomy":"category","embeddable":true,"href":"https:\/\/www.europesays.com\/fr\/wp-json\/wp\/v2\/categories?post=603077"},{"taxonomy":"post_tag","embeddable":true,"href":"https:\/\/www.europesays.com\/fr\/wp-json\/wp\/v2\/tags?post=603077"}],"curies":[{"name":"wp","href":"https:\/\/api.w.org\/{rel}","templated":true}]}}