{"id":603078,"date":"2025-12-16T13:38:13","date_gmt":"2025-12-16T13:38:13","guid":{"rendered":"https:\/\/www.europesays.com\/fr\/603078\/"},"modified":"2025-12-16T13:38:13","modified_gmt":"2025-12-16T13:38:13","slug":"soudal-quick-step-devoile-son-maillot-2026-a-laube-dun-nouveau-cycle-lequipe","status":"publish","type":"post","link":"https:\/\/www.europesays.com\/fr\/603078\/","title":{"rendered":"Soudal Quick-Step d\u00e9voile son maillot 2026 \u00e0 l&#039;aube d&#039;un nouveau cycle &#8211; L&#039;\u00c9quipe"},"content":{"rendered":"<ol>\n<li><a href=\"https:\/\/news.google.com\/rss\/articles\/CBMiywFBVV95cUxOYWxlMFJWRF9uakJfcXBaMHRaaTdweW1xbVdWclc0NkZXSXdFcDRJVlU5UGdSQnprSWpYZ29lUG1tRmR4SHNObnJ3TXFIQmcwMWFWNXpRN01IVGFQZllFOXktODFvQS1LekdSbTZCa194dXRSQWk2OEVXalZTc2pkSlZYUEx5X0h2bWRkY0dmNXFkLWlZdmVpZHoyMldsZVRvR2s2VmNOcmY1dkpWZ0JiQUJWNlp4ckZ6UHVCUUtUNlhhbFY5NjVTM1Z5TQ?oc=5\" target=\"_blank\" rel=\"noopener\">Soudal Quick-Step d\u00e9voile son maillot 2026 \u00e0 l&rsquo;aube d&rsquo;un nouveau cycle<\/a>&nbsp;&nbsp;L&rsquo;\u00c9quipe<\/li>\n<li><a href=\"https:\/\/news.google.com\/rss\/articles\/CBMigwFBVV95cUxOeGZud2doVFFyc3MwY0lMVXExY2ZqV2FBWXpHLUVveGlWMmtTeWxSRDRBMC1halltVDl2NlNpWjRHdzBaZ25TNldNVVpLY1ZDOW9NM2t4enF6UXRVY2pqb2pVMEZ1M0tNTkZ2a2tyVF83d1o4RVJhV3kySDhVUEFKWHoyNA?oc=5\" target=\"_blank\" rel=\"noopener\">Soudal Quick-Step : Le maillot 2026<\/a>&nbsp;&nbsp;DirectVelo<\/li>\n<li><a href=\"https:\/\/news.google.com\/rss\/articles\/CBMigwFBVV95cUxQYWNKTzNUQ0FBdW9lWTkxaFJkY1A5MUdvTGNFQ3VaMmxtX1cyaTFNUkZVQ2JiRGlMT0pFa2NaQU5HeC01MFhJMUNIOWNsTWJoVWdGT2R3WmJBcHdqLTJNSzJTdVZxWWdFTk1oUXR4SjRKWFFucTVMY254SFVIRHhsOGRNTQ?oc=5\" target=\"_blank\" rel=\"noopener\">Soudal Quick-Step d\u00e9voile son maillot 2026<\/a>&nbsp;&nbsp;Velo-Club<\/li>\n<li><a href=\"https:\/\/news.google.com\/rss\/articles\/CBMixgFBVV95cUxOZ3NfRVlVWlNvclg2dk9YSFZhSWNLOWpvQXNyUXk1cHNkRVMwZk1sc0lQd2hTX1FuY0JsT2tGck52eVpVRkloMi1GYWY2YzlGVlhGc2hwYXFRTWdNUl9yOTVfMkJyajMwSzhjQUluN3NYX3JyQThKczdtZThTSTAwb3MxOTNEaVk0dGdaMTl1aFlfUUktako1NlJrTWFFeXA2TWNzU0RXSTJ5OGFIdkZPT21oWXJncWh6U1BfUlM4M0dXYTNzTWfSAcYBQVVfeXFMTWxPODZiZHlGSlBfZWdqS3VjX3hLV01IeTNQTDBMOW1ZRDdzTHRSVmVBMzhzRDBwbnJtRDRqazdhR3pCX2FsaFQ5QW5ELVNRWkFveHJvUnZBUXVVRXpzZ21teWhWcDlMRjZFTlU2NWxuR0tGZF9Fa1dkSzMtN3hVUlhhRDJqVEpURGdaU3lYZEJadHd4U0hRWWVmNEpHUUdNTGVWRUZpOXdLeV9RQTc4TGpCY0xsTW5IWml4U0NPdk1LbDgzbHdR?oc=5\" target=\"_blank\" rel=\"noopener\">Route: L&rsquo;\u00e9quipe Soudal Quick-Step d\u00e9voile un maillot \u00abplus visible\u00bb pour 2026<\/a>&nbsp;&nbsp;Cyclism&rsquo;Actu<\/li>\n<li><a href=\"https:\/\/news.google.com\/rss\/articles\/CBMilwFBVV95cUxPWV9LYlZJVUFpYmpYdmpqUWJpNTd0Wkx0bU5wTXpFNFpQd1dsblhfM01laEhPb0lOMmE1dURDY0lPWVZKbEFvV0RtVFNTNnc2X3g4WnhMbVB1dVVrYlRjbklETktHZnBkMXFuOENTUk8zMktRaWViMnR5Wm9GakQ1SjIxaFdyWS1vdng3bHN4NzdOLXVwbWlB?oc=5\" target=\"_blank\" rel=\"noopener\">Maillot Soudal Quick-Step 2026 : un design pour plus de s\u00e9curit\u00e9<\/a>&nbsp;&nbsp;velopack.fr<\/li>\n<\/ol>\n","protected":false},"excerpt":{"rendered":"Soudal Quick-Step d\u00e9voile son maillot 2026 \u00e0 l&rsquo;aube d&rsquo;un nouveau cycle&nbsp;&nbsp;L&rsquo;\u00c9quipe Soudal Quick-Step : Le maillot 2026&nbsp;&nbsp;DirectVelo Soudal&hellip;\n","protected":false},"author":2,"featured_media":603079,"comment_status":"","ping_status":"","sticky":false,"template":"","format":"standard","meta":{"footnotes":""},"categories":[1411],"tags":[1154,207,1011,27,60],"class_list":{"0":"post-603078","1":"post","2":"type-post","3":"status-publish","4":"format-standard","5":"has-post-thumbnail","7":"category-cyclisme","8":"tag-cycling","9":"tag-cyclisme","10":"tag-fr","11":"tag-france","12":"tag-sports"},"share_on_mastodon":{"url":"https:\/\/pubeurope.com\/@fr\/115729524674921521","error":""},"_links":{"self":[{"href":"https:\/\/www.europesays.com\/fr\/wp-json\/wp\/v2\/posts\/603078","targetHints":{"allow":["GET"]}}],"collection":[{"href":"https:\/\/www.europesays.com\/fr\/wp-json\/wp\/v2\/posts"}],"about":[{"href":"https:\/\/www.europesays.com\/fr\/wp-json\/wp\/v2\/types\/post"}],"author":[{"embeddable":true,"href":"https:\/\/www.europesays.com\/fr\/wp-json\/wp\/v2\/users\/2"}],"replies":[{"embeddable":true,"href":"https:\/\/www.europesays.com\/fr\/wp-json\/wp\/v2\/comments?post=603078"}],"version-history":[{"count":0,"href":"https:\/\/www.europesays.com\/fr\/wp-json\/wp\/v2\/posts\/603078\/revisions"}],"wp:featuredmedia":[{"embeddable":true,"href":"https:\/\/www.europesays.com\/fr\/wp-json\/wp\/v2\/media\/603079"}],"wp:attachment":[{"href":"https:\/\/www.europesays.com\/fr\/wp-json\/wp\/v2\/media?parent=603078"}],"wp:term":[{"taxonomy":"category","embeddable":true,"href":"https:\/\/www.europesays.com\/fr\/wp-json\/wp\/v2\/categories?post=603078"},{"taxonomy":"post_tag","embeddable":true,"href":"https:\/\/www.europesays.com\/fr\/wp-json\/wp\/v2\/tags?post=603078"}],"curies":[{"name":"wp","href":"https:\/\/api.w.org\/{rel}","templated":true}]}}