{"id":603080,"date":"2025-12-16T13:39:13","date_gmt":"2025-12-16T13:39:13","guid":{"rendered":"https:\/\/www.europesays.com\/fr\/603080\/"},"modified":"2025-12-16T13:39:13","modified_gmt":"2025-12-16T13:39:13","slug":"locatelli-contre-hojbjerg-marseille-hesite","status":"publish","type":"post","link":"https:\/\/www.europesays.com\/fr\/603080\/","title":{"rendered":"Locatelli contre Hojbjerg, Marseille h\u00e9site"},"content":{"rendered":"<p><b>A la recherche d\u2019un num\u00e9ro six, la Juventus Turin a jet\u00e9 son d\u00e9volu sur Pierre-Emile Hojbjerg. Le club italien a un atout pour faire craquer Roberto De Zerbi et pourrait proposer un \u00e9change inattendu.<\/b><\/p>\n<p>Cinqui\u00e8me de S\u00e9rie A apr\u00e8s 15 journ\u00e9es, la Juventus Turin est proche de l\u2019objectif fix\u00e9 par son pr\u00e9sident Damien Comolli, \u00e0 savoir une place dans le top 4 pour se qualifier de nouveau en Ligue des Champions. Depuis sa nomination en lieu et place d\u2019Igor Tudor, le technicien italien Luciano Spalletti a bien redress\u00e9 la situation. Mais l\u2019ancien entra\u00eeneur de Naples r\u00e9clame des renforts lors de ce <a href=\"https:\/\/www.foot01.com\/mercato\" title=\"Mercato\" target=\"_blank\" rel=\"noopener\">mercato<\/a> hivernal et en priorit\u00e9 le recrutement d\u2019un pur num\u00e9ro six. En accord avec son pr\u00e9sident Damien Comolli, <a href=\"https:\/\/www.foot01.com\/marseille\/hojbjerg-lom-fait-un-choix-fracassant\" target=\"_self\" rel=\"noopener\">le coach de la Juventus Turin a valid\u00e9 le dossier Pierre-Emile Hojbjerg<\/a>.Le milieu de terrain de l\u2019Olympique de Marseille est la priorit\u00e9 absolue de la Juventus Turin, une tendance confirm\u00e9e par la <a href=\"https:\/\/www.gazzetta.it\/Calcio\/Calciomercato\/Juventus\/16-12-2025\/juve-hojbjerg-il-regalo-di-natale-per-spalletti-potrebbe-essere-il-regista.shtml?refresh_ce\" target=\"_blank\" rel=\"noopener\">Gazetta dello Sport<\/a> dans son \u00e9dition du jour. Le journal aux pages roses l\u2019affirme, l\u2019international danois de l\u2019OM est la cible n\u00b01 de la Juventus et une offre sera transmise \u00e0 Pablo Longoria cet hiver pour tenter de rafler la mise. A priori, un transfert de Pierre-Emile Hojbjerg est impensable pour Marseille tant le Danois est une pi\u00e8ce ma\u00eetresse du collectif de Roberto De Zerbi. La Juve en a bien conscience mais selon le m\u00e9dia italien, un \u00e9change pourrait convenir \u00e0 l\u2019entra\u00eeneur olympien.Un \u00e9change Hojbjerg &#8211; Locatelli dans les tuyaux ?<\/p>\n<p>\u00ab Comolli ne peut pas se permettre de folies, mais le PDG de la Juventus poss\u00e8de l&rsquo;un des rares atouts capables de s\u00e9duire De Zerbi, grand admirateur de Manuel Locatelli, la star de ses ann\u00e9es \u00e0 Sassuolo\u00a0\u00bb \u00e9crit la Gazzetta dans son \u00e9dition du jour. Autrement dit, si une offre de transfert sec a peu de chance d\u2019\u00eatre accept\u00e9e par l\u2019OM cet hiver, un potentiel \u00e9change entre Hojbjerg et Locatelli pourrait convaincre Roberto De Zerbi de l\u00e2cher son soldat danois de 30 ans.<\/p>\n<p>La question est maintenant de savoir si la Juventus Turin ira au bout de son id\u00e9e alors que Manuel Locatelli, qui fait partie des capitaines de Luciano Spalletti, est un titulaire indiscutable de la Juventus Turin depuis le d\u00e9but de la saison. L\u2019OM de son c\u00f4t\u00e9 va suivre ce dossier sans stress ni inqui\u00e9tude particuli\u00e8re puisque conserver Pierre-Emile Hojbjerg conviendra \u00e0 tout le monde dans la cit\u00e9 phoc\u00e9enne. D\u2019autant que l\u2019ancien joueur de Tottenham monte en puissance ces derni\u00e8res semaines \u00e0 l\u2019image de sa prestation tr\u00e8s convaincante fournie face \u00e0 l\u2019AS Monaco ce dimanche au V\u00e9lodrome.<\/p>\n","protected":false},"excerpt":{"rendered":"A la recherche d\u2019un num\u00e9ro six, la Juventus Turin a jet\u00e9 son d\u00e9volu sur Pierre-Emile Hojbjerg. Le club&hellip;\n","protected":false},"author":2,"featured_media":603081,"comment_status":"","ping_status":"","sticky":false,"template":"","format":"standard","meta":{"footnotes":""},"categories":[1410],"tags":[63,1011,27,1434,149,67,60],"class_list":{"0":"post-603080","1":"post","2":"type-post","3":"status-publish","4":"format-standard","5":"has-post-thumbnail","7":"category-football","8":"tag-football","9":"tag-fr","10":"tag-france","11":"tag-mercato","12":"tag-om","13":"tag-serie-a","14":"tag-sports"},"share_on_mastodon":{"url":"https:\/\/pubeurope.com\/@fr\/115729528864424569","error":""},"_links":{"self":[{"href":"https:\/\/www.europesays.com\/fr\/wp-json\/wp\/v2\/posts\/603080","targetHints":{"allow":["GET"]}}],"collection":[{"href":"https:\/\/www.europesays.com\/fr\/wp-json\/wp\/v2\/posts"}],"about":[{"href":"https:\/\/www.europesays.com\/fr\/wp-json\/wp\/v2\/types\/post"}],"author":[{"embeddable":true,"href":"https:\/\/www.europesays.com\/fr\/wp-json\/wp\/v2\/users\/2"}],"replies":[{"embeddable":true,"href":"https:\/\/www.europesays.com\/fr\/wp-json\/wp\/v2\/comments?post=603080"}],"version-history":[{"count":0,"href":"https:\/\/www.europesays.com\/fr\/wp-json\/wp\/v2\/posts\/603080\/revisions"}],"wp:featuredmedia":[{"embeddable":true,"href":"https:\/\/www.europesays.com\/fr\/wp-json\/wp\/v2\/media\/603081"}],"wp:attachment":[{"href":"https:\/\/www.europesays.com\/fr\/wp-json\/wp\/v2\/media?parent=603080"}],"wp:term":[{"taxonomy":"category","embeddable":true,"href":"https:\/\/www.europesays.com\/fr\/wp-json\/wp\/v2\/categories?post=603080"},{"taxonomy":"post_tag","embeddable":true,"href":"https:\/\/www.europesays.com\/fr\/wp-json\/wp\/v2\/tags?post=603080"}],"curies":[{"name":"wp","href":"https:\/\/api.w.org\/{rel}","templated":true}]}}