{"id":603082,"date":"2025-12-16T13:40:12","date_gmt":"2025-12-16T13:40:12","guid":{"rendered":"https:\/\/www.europesays.com\/fr\/603082\/"},"modified":"2025-12-16T13:40:12","modified_gmt":"2025-12-16T13:40:12","slug":"le-sarcasme-de-trump-apres-la-mort-du-cineaste-rob-reiner","status":"publish","type":"post","link":"https:\/\/www.europesays.com\/fr\/603082\/","title":{"rendered":"le sarcasme de Trump apr\u00e8s la mort du cin\u00e9aste Rob Reiner"},"content":{"rendered":"\n<p>\u201cRob Reiner, r\u00e9alisateur et vedette de sitcom tortur\u00e9, \u00e0 la d\u00e9rive, qui avait pourtant beaucoup de talent, vient de mourir avec sa femme Michele, \u00e0 cause para\u00eet-il de l\u2019\u00e9nervement qu\u2019il a suscit\u00e9 autour de lui\u00a0: il \u00e9tait touch\u00e9 par une incurable maladie mentale, implacable et terriblement d\u00e9bilitante, connue sous le nom de d\u00e9lire maniaco-trumpien, abr\u00e9g\u00e9 parfois en DMT\u201d<\/p>\n<p>C\u2019est par ce post rageur sur Truth Social (dont voil\u00e0 <a href=\"https:\/\/truthsocial.com\/@realDonaldTrump\/posts\/115724141568860081\" target=\"_blank\" rel=\"noopener\">la version originale<\/a>) que le pr\u00e9sident des \u00c9tats-Unis a r\u00e9agi \u00e0 <a href=\"https:\/\/www.courrierinternational.com\/article\/pendant-que-vous-dormiez-chili-hong-kong-ukraine-et-syrie-les-informations-de-la-nuit_238496\" target=\"_blank\" rel=\"noopener\">l\u2019annonce du d\u00e9c\u00e8s de Rob Reiner et Michele Singer dans leur maison de Los Angeles, dimanche 14\u00a0d\u00e9cembre<\/a>.\u00a0Leur fils Nick Reiner a \u00e9t\u00e9 arr\u00eat\u00e9 et plac\u00e9 en d\u00e9tention.<\/p>\n<p>Le r\u00e9alisateur de Quand Harry rencontre Sally \u00e9tait tr\u00e8s impliqu\u00e9 dans la vie politique c\u00f4t\u00e9 d\u00e9mocrate et mettait en garde contre le risque d\u2019une autocratie aux \u00c9tats-Unis.<\/p>\n<p>Rob Reiner \u201c\u00e9tait connu pour rendre les gens FOUS avec sa rage obsessionnelle contre le pr\u00e9sident Donald J. Trump\u201d, a \u00e9crit ledit pr\u00e9sident dans son message, avant de terminer par\u00a0: \u201cPuissent Rob et Michele reposer en paix\u00a0!\u201d<\/p>\n<\/p>\n<p>      \u201c\u00a0Effacez \u00e7a\u201d       <\/p>\n<p>Cette attaque a paru d\u00e9passer les bornes, m\u00eame aux yeux d\u2019une partie de sa base Maga (\u201cMake America Great Again\u201d), <a class=\"ithalc\" data-ithal=\"lien_externe\" data-ithalc=\"[nav_article]\" target=\"_blank\" href=\"https:\/\/www.washingtonpost.com\/politics\/2025\/12\/15\/trump-rob-reiner-stabbing-derangement\/\" rel=\"noopener\">\u00e9crit <strong>The Washington Post<\/strong><\/a><strong>.<\/strong> \u201cC\u2019en \u00e9tait trop, pour une poign\u00e9e d\u2019influentes personnalit\u00e9s conservatrices\u201d qui se sont exprim\u00e9es sur les r\u00e9seaux sociaux. \u201cCe qui est arriv\u00e9 la nuit derni\u00e8re \u00e0 Rob Reiner et \u00e0 sa femme, c\u2019est une boucherie qui a emport\u00e9 deux vies humaines. Je me fiche de leurs positions politiques\u201d, a post\u00e9 sur X le r\u00e9alisateur et militant de droite Robby Starbuck.<\/p>\n<p>\u201cEffacez \u00e7a, M.\u00a0le pr\u00e9sident\u201d, a plaid\u00e9 le pr\u00e9sentateur britannique Piers Morgan, \u201cami de longue date de Trump\u201d selon le journal de Washington.<\/p>\n<p>Des critiques ont aussi \u00e9man\u00e9 de certains \u00e9lus r\u00e9publicains au Congr\u00e8s habitu\u00e9s \u00e0 faire entendre une ligne discordante, comme les d\u00e9put\u00e9s Marjorie Taylor Greene et Thomas Massie. Ce dernier a \u00e9pingl\u00e9 \u201cdes propos inappropri\u00e9s et irrespectueux\u201d. D\u2019autres \u00e9lus ont pr\u00e9f\u00e9r\u00e9 passer le sujet sous silence.<\/p>\n<p>Interrog\u00e9 ensuite en conf\u00e9rence de presse, lundi 15\u00a0d\u00e9cembre, Trump n\u2019a pas baiss\u00e9 d\u2019un ton. Il a r\u00e9p\u00e9t\u00e9 que le cin\u00e9aste \u00e9tait atteint de \u201cd\u00e9lire maniaco-trumpien\u201d et conclu\u00a0:<\/p>\n<blockquote><p>\u201cJe n\u2019\u00e9tais pas du tout fan de Rob Reiner, pas le moins du monde.\u201d<\/p><\/blockquote>\n<p><a class=\"ithalc\" data-ithal=\"lien_externe\" data-ithalc=\"[nav_article]\" target=\"_blank\" href=\"https:\/\/www.latimes.com\/california\/story\/2025-12-15\/trumps-callous-political-attack-on-rob-reiner-shows-shameful-moral-failure\" rel=\"noopener\">Pour la chroniqueuse du <strong>Los Angeles Times<\/strong><\/a> Anita Chabria, Trump \u201ca besoin de d\u00e9shumaniser quiconque s\u2019oppose \u00e0 lui\u201d.<\/p>\n<p>La mort du r\u00e9alisateur aurait d\u00fb donner lieu \u00e0 une \u00e9motion partag\u00e9e, <a class=\"ithalc\" data-ithal=\"lien_externe\" data-ithalc=\"[nav_article]\" target=\"_blank\" href=\"https:\/\/www.theatlantic.com\/ideas\/2025\/12\/trump-reiner-death-post\/685272\/\" rel=\"noopener\">souligne pour sa part <strong>The Atlantic<\/strong><\/a><strong>. <\/strong>Non pas que Rob Reiner ait \u00e9t\u00e9 aim\u00e9 de tous, \u201cmais parce que son \u0153uvre occupait un espace culturel commun\u201d. Or, \u201cl\u00e0 o\u00f9 Rob Reiner a forg\u00e9 un espace culturel national, une s\u00e9rie de mondes que nous pouvons tous habiter ensemble, Trump dissout cet espace. Il arrache l\u2019\u00e9chafaudage que nous avons b\u00e2ti et il y met le feu.\u201d<\/p>\n","protected":false},"excerpt":{"rendered":"\u201cRob Reiner, r\u00e9alisateur et vedette de sitcom tortur\u00e9, \u00e0 la d\u00e9rive, qui avait pourtant beaucoup de talent, vient&hellip;\n","protected":false},"author":2,"featured_media":603083,"comment_status":"","ping_status":"","sticky":false,"template":"","format":"standard","meta":{"footnotes":""},"categories":[1359],"tags":[3822,7196,58,75,59,1011,27,2137,973,316,770],"class_list":{"0":"post-603082","1":"post","2":"type-post","3":"status-publish","4":"format-standard","5":"has-post-thumbnail","7":"category-people","8":"tag-amu00e9riques","9":"tag-cinu00e9ma","10":"tag-divertissement","11":"tag-donald-trump","12":"tag-entertainment","13":"tag-fr","14":"tag-france","15":"tag-hollywood","16":"tag-people","17":"tag-politique","18":"tag-u00e9tats-unis"},"share_on_mastodon":{"url":"https:\/\/pubeurope.com\/@fr\/115729532514998961","error":""},"_links":{"self":[{"href":"https:\/\/www.europesays.com\/fr\/wp-json\/wp\/v2\/posts\/603082","targetHints":{"allow":["GET"]}}],"collection":[{"href":"https:\/\/www.europesays.com\/fr\/wp-json\/wp\/v2\/posts"}],"about":[{"href":"https:\/\/www.europesays.com\/fr\/wp-json\/wp\/v2\/types\/post"}],"author":[{"embeddable":true,"href":"https:\/\/www.europesays.com\/fr\/wp-json\/wp\/v2\/users\/2"}],"replies":[{"embeddable":true,"href":"https:\/\/www.europesays.com\/fr\/wp-json\/wp\/v2\/comments?post=603082"}],"version-history":[{"count":0,"href":"https:\/\/www.europesays.com\/fr\/wp-json\/wp\/v2\/posts\/603082\/revisions"}],"wp:featuredmedia":[{"embeddable":true,"href":"https:\/\/www.europesays.com\/fr\/wp-json\/wp\/v2\/media\/603083"}],"wp:attachment":[{"href":"https:\/\/www.europesays.com\/fr\/wp-json\/wp\/v2\/media?parent=603082"}],"wp:term":[{"taxonomy":"category","embeddable":true,"href":"https:\/\/www.europesays.com\/fr\/wp-json\/wp\/v2\/categories?post=603082"},{"taxonomy":"post_tag","embeddable":true,"href":"https:\/\/www.europesays.com\/fr\/wp-json\/wp\/v2\/tags?post=603082"}],"curies":[{"name":"wp","href":"https:\/\/api.w.org\/{rel}","templated":true}]}}