{"id":603084,"date":"2025-12-16T13:41:23","date_gmt":"2025-12-16T13:41:23","guid":{"rendered":"https:\/\/www.europesays.com\/fr\/603084\/"},"modified":"2025-12-16T13:41:23","modified_gmt":"2025-12-16T13:41:23","slug":"loeil-du-photographe-dans-le-pays-de-concarneau-un-lever-de-soleil-flamboyant","status":"publish","type":"post","link":"https:\/\/www.europesays.com\/fr\/603084\/","title":{"rendered":"L\u2019\u0152il du photographe\u00a0dans le pays de Concarneau : un lever de soleil flamboyant"},"content":{"rendered":"<p>Le lever de soleil flamboyant du mardi 9 d\u00e9cembre a inspir\u00e9 de tr\u00e8s nombreux photographes, qui nous ont adress\u00e9 plusieurs clich\u00e9s impressionnants de l\u2019embrasement du ciel, peu avant 9\u00a0h. \u00c0 l\u2019image de Ren\u00e9 Montfort qui, du c\u00f4t\u00e9 de Port-La-For\u00eat, \u00e9voque \u00ab\u00a0une mer de feu\u00a0\u00bb.<\/p>\n<p><img decoding=\"async\" src=\"https:\/\/www.europesays.com\/fr\/wp-content\/uploads\/2025\/12\/69400c266af83f64c1093034.1.jpeg\" width=\"480\" height=\"300\" class=\"web_golden_m\" loading=\"lazy\" alt=\"\u00ab\u00a0Belle surprise en arrivant dans le \u00ab\u00a0bush\u00a0\u00bb ce matin, pour Erick G\u00e9rard. Un beau ciel de feu\u00a0\u00bb.\"\/>\u00ab\u00a0Belle surprise en arrivant dans le \u00ab\u00a0bush\u00a0\u00bb ce matin, pour Erick G\u00e9rard. Un beau ciel de feu\u00a0\u00bb. (Erick G\u00e9rard)<\/p>\n<p>Pour \u00eatre publi\u00e9 dans cette rubrique r\u00e9serv\u00e9e aux photographes amateurs du pays de Concarneau, adressez-nous vos clich\u00e9s, r\u00e9cents de pr\u00e9f\u00e9rence et d\u2019une r\u00e9solution d\u2019au moins 1 Mo, \u00e0 concarneau@letelegramme.fr. L\u2019envoi des images vaut autorisation de publication gratuite dans nos colonnes et sur le site internet du T\u00e9l\u00e9gramme.<\/p>\n","protected":false},"excerpt":{"rendered":"Le lever de soleil flamboyant du mardi 9 d\u00e9cembre a inspir\u00e9 de tr\u00e8s nombreux photographes, qui nous ont&hellip;\n","protected":false},"author":2,"featured_media":603085,"comment_status":"","ping_status":"","sticky":false,"template":"","format":"standard","meta":{"footnotes":""},"categories":[1358],"tags":[1348,1384,1385,3322,1386,58,59,1011,27,5126,12241],"class_list":{"0":"post-603084","1":"post","2":"type-post","3":"status-publish","4":"format-standard","5":"has-post-thumbnail","7":"category-arts-et-design","8":"tag-arts","9":"tag-arts-and-design","10":"tag-arts-et-design","11":"tag-concarneau","12":"tag-design","13":"tag-divertissement","14":"tag-entertainment","15":"tag-fr","16":"tag-france","17":"tag-la-foret-fouesnant","18":"tag-melgven"},"share_on_mastodon":{"url":"https:\/\/pubeurope.com\/@fr\/115729537066496555","error":""},"_links":{"self":[{"href":"https:\/\/www.europesays.com\/fr\/wp-json\/wp\/v2\/posts\/603084","targetHints":{"allow":["GET"]}}],"collection":[{"href":"https:\/\/www.europesays.com\/fr\/wp-json\/wp\/v2\/posts"}],"about":[{"href":"https:\/\/www.europesays.com\/fr\/wp-json\/wp\/v2\/types\/post"}],"author":[{"embeddable":true,"href":"https:\/\/www.europesays.com\/fr\/wp-json\/wp\/v2\/users\/2"}],"replies":[{"embeddable":true,"href":"https:\/\/www.europesays.com\/fr\/wp-json\/wp\/v2\/comments?post=603084"}],"version-history":[{"count":0,"href":"https:\/\/www.europesays.com\/fr\/wp-json\/wp\/v2\/posts\/603084\/revisions"}],"wp:featuredmedia":[{"embeddable":true,"href":"https:\/\/www.europesays.com\/fr\/wp-json\/wp\/v2\/media\/603085"}],"wp:attachment":[{"href":"https:\/\/www.europesays.com\/fr\/wp-json\/wp\/v2\/media?parent=603084"}],"wp:term":[{"taxonomy":"category","embeddable":true,"href":"https:\/\/www.europesays.com\/fr\/wp-json\/wp\/v2\/categories?post=603084"},{"taxonomy":"post_tag","embeddable":true,"href":"https:\/\/www.europesays.com\/fr\/wp-json\/wp\/v2\/tags?post=603084"}],"curies":[{"name":"wp","href":"https:\/\/api.w.org\/{rel}","templated":true}]}}