{"id":603092,"date":"2025-12-16T13:47:20","date_gmt":"2025-12-16T13:47:20","guid":{"rendered":"https:\/\/www.europesays.com\/fr\/603092\/"},"modified":"2025-12-16T13:47:20","modified_gmt":"2025-12-16T13:47:20","slug":"pharmacie-le-libre-acces-aux-medicaments-est-il-sans-danger","status":"publish","type":"post","link":"https:\/\/www.europesays.com\/fr\/603092\/","title":{"rendered":"Pharmacie : le libre acc\u00e8s aux m\u00e9dicaments est-il sans danger ?"},"content":{"rendered":"<p>             <a href=\"https:\/\/ma-sante.news\/wp-content\/uploads\/2025\/12\/ANSM-libre-acces-medicaments-troubles-benins-automedication-dangers-risques-Ma-Sante-.jpg\" data-caption=\"Un m\u00e9dicament d\u00e9livrable sans ordonnance n\u2019est pas automatiquement autoris\u00e9 en libre acc\u00e8s. \u00a9 Freepik\" target=\"_blank\" rel=\"noopener\"><img loading=\"lazy\" decoding=\"async\" width=\"696\" height=\"464\" class=\"entry-thumb td-modal-image ewww_webp_lazy_load\" src=\"data:image\/svg+xml,%3Csvg%20xmlns=\" http:=\"\" data-lazy- data-lazy- alt=\"Une pharmacienne qui met en place les nouveaux m\u00e9dicaments d\u00e9sormais en libre acc\u00e8s.\" title=\"ANSM libre acce\u0300s me\u0301dicaments troubles be\u0301nins autome\u0301dication dangers risques Ma Sante\u0301\" data-lazy-src=\"https:\/\/www.europesays.com\/fr\/wp-content\/uploads\/2025\/12\/ANSM-libre-acces-medicaments-troubles-benins-automedication-dangers-risques-Ma-Sante--696x464.jpg\" data-lazy-src-webp=\"https:\/\/www.europesays.com\/fr\/wp-content\/uploads\/2025\/12\/ANSM-libre-acces-medicaments-troubles-benins-automedication-dangers-risques-Ma-Sante--696x464.jpg.webp\" data-lazy-srcset-webp=\"https:\/\/www.europesays.com\/fr\/wp-content\/uploads\/2025\/12\/ANSM-libre-acces-medicaments-troubles-benins-automedication-dangers-risques-Ma-Sante--696x464.jpg.webp 696w, https:\/\/ma-sante.news\/wp-content\/uploads\/2025\/12\/ANSM-libre-acces-medicaments-troubles-benins-automedication-dangers-risques-Ma-Sante--300x200.jpg.webp 300w, https:\/\/ma-sante.news\/wp-content\/uploads\/2025\/12\/ANSM-libre-acces-medicaments-troubles-benins-automedication-dangers-risques-Ma-Sante--768x512.jpg.webp 768w, https:\/\/ma-sante.news\/wp-content\/uploads\/2025\/12\/ANSM-libre-acces-medicaments-troubles-benins-automedication-dangers-risques-Ma-Sante--630x420.jpg.webp 630w, https:\/\/ma-sante.news\/wp-content\/uploads\/2025\/12\/ANSM-libre-acces-medicaments-troubles-benins-automedication-dangers-risques-Ma-Sante-.jpg.webp 800w\"\/><\/a>Un m\u00e9dicament d\u00e9livrable sans ordonnance n\u2019est pas automatiquement autoris\u00e9 en libre acc\u00e8s. \u00a9 Freepik                                    \t\t\t             <a class=\"gofollow\" data-track=\"MjgsMCw2MA==\" href=\"https:\/\/ma-sante.news\/inscrivez-vous-a-notre-newsletter\/\" target=\"_blank\" rel=\"noopener\"><img loading=\"lazy\" decoding=\"async\" width=\"1068\" height=\"131\" src=\"data:image\/svg+xml,%3Csvg%20xmlns=\" http:=\"\" data-lazy-src=\"https:\/\/www.europesays.com\/fr\/wp-content\/uploads\/2025\/03\/banniere-newsletter.png\"\/><\/a> <\/p>\n<p>Le 11 d\u00e9cembre 2025, l\u2019ANSM a actualis\u00e9 la liste des <a href=\"https:\/\/ma-sante.news\/pharmacies-medicaments-libre-acces-sellette\/\" target=\"_blank\" rel=\"noopener\">m\u00e9dicaments de m\u00e9dication officinale pouvant \u00eatre pr\u00e9sent\u00e9s en acc\u00e8s direct<\/a> dans les pharmacies. La d\u00e9cision autorise notamment la mise en rayon de plusieurs sp\u00e9cialit\u00e9s d\u00e9j\u00e0 d\u00e9livrables sans ordonnance, mais jusqu\u2019ici conserv\u00e9es derri\u00e8re le comptoir.<\/p>\n<p>Sont concern\u00e9s, entre autres, des veinotoniques (Flavono\u00efdes Arrow Conseil\u00ae 500 mg et Flavono\u00efdes Arrow Conseil\u00ae 1 000 mg), des antiacides (Gavinium\u00ae et Gavinium menthe sans sucre\u00ae), un collyre antiallergique (Zagrapa\u00ae 0,25 mg\/ml) ou encore un m\u00e9dicament hom\u00e9opathique (Choleodoron\u00ae). Des traitements destin\u00e9s \u00e0 des sympt\u00f4mes courants : <a href=\"https:\/\/ma-sante.news\/jambes-lourdes-comment-les-soigner-au-naturel\/\" target=\"_blank\" rel=\"noopener\">jambes lourdes<\/a>, reflux gastrique, <a href=\"https:\/\/ma-sante.news\/conjonctivite-comment-lutter-contre-son-apparition\/\" target=\"_blank\" rel=\"noopener\">conjonctivite allergique l\u00e9g\u00e8re<\/a> ou <a href=\"https:\/\/ma-sante.news\/troubles-digestifs-que-faire-en-cas-de-diarrhee\/\" target=\"_blank\" rel=\"noopener\">troubles digestifs fonctionnels<\/a>.<\/p>\n<p>Il ne s\u2019agit donc pas d\u2019une lib\u00e9ralisation massive, mais d\u2019un ajustement cibl\u00e9, sur des m\u00e9dicaments jug\u00e9s suffisamment s\u00fbrs pour \u00eatre utilis\u00e9s sans diagnostic m\u00e9dical pr\u00e9alable.<\/p>\n<p>        M\u00e9dicaments : pourquoi \u00e9largir leur acc\u00e8s ?\u00a0    <strong>M\u00e9dicaments : libre acc\u00e8s ne veut pas dire libre de tout<\/strong>    <\/p>\n<p>Un m\u00e9dicament en libre acc\u00e8s reste un m\u00e9dicament, avec des effets ind\u00e9sirables possibles, des contre-indications et des r\u00e8gles d\u2019utilisation strictes.<\/p>\n<p>Le Code de la sant\u00e9 publique impose que ces produits soient plac\u00e9s \u00e0 proximit\u00e9 imm\u00e9diate du comptoir, afin de garantir un \u00ab contr\u00f4le effectif \u00bb du pharmacien, qui peut intervenir \u00e0 tout moment pour conseiller ou alerter le patient.<\/p>\n<p>Le libre acc\u00e8s n\u2019efface donc pas le r\u00f4le du pharmacien. Il le transforme. Le patient gagne en autonomie, mais le professionnel de sant\u00e9 reste le garde-fou.<\/p>\n<p>        <strong>Autom\u00e9dication : une pratique d\u00e9j\u00e0 bien install\u00e9e<\/strong>    <\/p>\n<p>Selon les donn\u00e9es de l\u2019ANSM, pr\u00e8s de <a href=\"https:\/\/ma-sante.news\/pourquoi-vente-paracetamol-limitee-deux-boites-en-pharmacie\/\" target=\"_blank\" rel=\"noopener\">7 Fran\u00e7ais sur 10 d\u00e9clarent avoir d\u00e9j\u00e0 pris un m\u00e9dicament sans consulter de m\u00e9decin<\/a>, le plus souvent pour soulager des maux jug\u00e9s b\u00e9nins : douleurs passag\u00e8res, <a href=\"https:\/\/ma-sante.news\/conseils-comment-soigner-rhume-365941\/\" target=\"_blank\" rel=\"noopener\">sympt\u00f4mes du rhume<\/a>, troubles digestifs ou <a href=\"https:\/\/ma-sante.news\/allergie-saisonniere-les-conseils-de-lallergologue-lyonnais-patrick-azjenberg\/\" target=\"_blank\" rel=\"noopener\">allergies saisonni\u00e8res<\/a>. Une pratique largement ancr\u00e9e, port\u00e9e \u00e0 la fois par l\u2019exp\u00e9rience personnelle, les conseils de l\u2019entourage et, bien s\u00fbr, le r\u00f4le central du pharmacien.<\/p>\n<p>Dans ce contexte, l\u2019\u00e9largissement du libre acc\u00e8s ne cr\u00e9e pas une nouvelle habitude, mais formalise une r\u00e9alit\u00e9 existante. Les patients se soignent d\u00e9j\u00e0 seuls, parfois avec un accompagnement professionnel, parfois de mani\u00e8re plus approximative. L\u2019enjeu pour les autorit\u00e9s sanitaires n\u2019est donc pas tant de freiner l\u2019autom\u00e9dication que de l\u2019encadrer, en orientant les choix vers des m\u00e9dicaments dont le profil de s\u00e9curit\u00e9 est jug\u00e9 compatible avec un usage autonome, tout en maintenant des garde-fous clairs lorsque les sympt\u00f4mes persistent ou s\u2019aggravent.<\/p>\n<p>        M\u00e9dicaments en libre acc\u00e8s : un progr\u00e8s sous conditions    <strong>Des b\u00e9n\u00e9fices attendus\u2026 mais pas d\u00e9montr\u00e9s partout<\/strong>    <\/p>\n<p>Faciliter l\u2019acc\u00e8s \u00e0 certains m\u00e9dicaments vise notamment \u00e0 simplifier le parcours de soin pour des affections mineures. C\u2019est un objectif r\u00e9guli\u00e8rement mis en avant par les pouvoirs publics, notamment dans <a href=\"https:\/\/ma-sante.news\/acces-aux-soins-le-guide-des-bons-plans-en-auvergne-rhone-alpes\/\" target=\"_blank\" rel=\"noopener\">un contexte de tension sur l\u2019acc\u00e8s aux soins.<\/a><\/p>\n<p>En revanche, il faut \u00eatre pr\u00e9cis, aucune donn\u00e9e fran\u00e7aise r\u00e9cente ne permet d\u2019affirmer que le libre acc\u00e8s d\u00e9sengorge significativement les consultations m\u00e9dicales. Le d\u00e9sengorgement des cabinets et des urgences rel\u00e8ve davantage d\u2019une intention de sant\u00e9 publique que d\u2019un b\u00e9n\u00e9fice objectiv\u00e9. Le libre acc\u00e8s ne peut, \u00e0 lui seul, r\u00e9soudre les difficult\u00e9s d\u2019acc\u00e8s aux soins, mais il s\u2019inscrit plut\u00f4t comme un levier compl\u00e9mentaire, dont l\u2019efficacit\u00e9 d\u00e9pend \u00e9troitement de l\u2019information des patients et du r\u00f4le actif du pharmacien.<\/p>\n<p>        <strong>Le spectre du m\u00e9susage, bien r\u00e9el<\/strong>    <\/p>\n<p>L\u2019exemple r\u00e9cent de la pseudo\u00e9ph\u00e9drine sert aujourd\u2019hui de cas d\u2019\u00e9cole. Longtemps disponible sans ordonnance pour soulager le rhume, cette mol\u00e9cule a \u00e9t\u00e9 associ\u00e9e \u00e0 des effets ind\u00e9sirables rares mais graves (<a href=\"https:\/\/ma-sante.news\/90-des-avc-pourraient-etre-evites-quels-sont-les-gestes-qui-sauvent\/\" target=\"_blank\" rel=\"noopener\">accidents vasculaires c\u00e9r\u00e9braux<\/a>, <a href=\"https:\/\/ma-sante.news\/infarctus-causes-et-symptome-219871\/\" target=\"_blank\" rel=\"noopener\">infarctus<\/a>).\u00a0<\/p>\n<p>En d\u00e9cembre 2024, l\u2019ANSM a donc d\u00e9cid\u00e9 de rendre l\u2019ordonnance obligatoire, estimant que le rapport b\u00e9n\u00e9fice-risque n\u2019\u00e9tait plus favorable dans le cadre de l\u2019autom\u00e9dication.<\/p>\n<p>Alors, plus l\u2019acc\u00e8s est simple, plus le risque de m\u00e9susage augmente, en particulier chez les personnes cumulant maladies chroniques, traitements m\u00e9dicamenteux ou <a href=\"https:\/\/ma-sante.news\/academie-nationale-medecine-alerte-inegalites-maladies-cardiovasculaires\/\" target=\"_blank\" rel=\"noopener\">facteurs de risque cardiovasculaire<\/a>. L\u2019autom\u00e9dication, si elle n\u2019est pas accompagn\u00e9e, peut alors devenir source de confusion, voire de danger.<\/p>\n<p>        M\u00e9dicaments en libre acc\u00e8s : une prudence \u00e0 la fran\u00e7aise    <\/p>\n<p>Compar\u00e9e \u00e0 d\u2019autres pays europ\u00e9ens, la France reste prudente. Historiquement, le m\u00e9dicament y est consid\u00e9r\u00e9 avant tout comme un produit de sant\u00e9 \u00e0 part enti\u00e8re, \u00e9troitement encadr\u00e9 par les autorit\u00e9s sanitaires, bien plus que comme un simple bien de consommation. Cette culture du contr\u00f4le, fa\u00e7onn\u00e9e par les crises sanitaires pass\u00e9es et un attachement fort au principe de pr\u00e9caution, explique en grande partie la prudence fran\u00e7aise en mati\u00e8re d\u2019autom\u00e9dication.<\/p>\n<p>L\u00e0 o\u00f9 certains pays europ\u00e9ens ont fait le choix d\u2019ouvrir largement l\u2019acc\u00e8s aux m\u00e9dicaments OTC, parfois jusqu\u2019aux grandes surfaces, la France a privil\u00e9gi\u00e9 une voie interm\u00e9diaire. Un acc\u00e8s facilit\u00e9, mais exclusivement en pharmacie, sous l\u2019\u0153il du pharmacien et le pilotage de l\u2019ANSM. Cette progression par \u00e9tapes, parfois jug\u00e9e lente ou restrictive, vise avant tout \u00e0 pr\u00e9server la s\u00e9curit\u00e9 des patients, sans pour autant nier leur capacit\u00e9 \u00e0 prendre en charge des troubles simples du quotidien.<\/p>\n<blockquote class=\"wp-block-quote is-layout-flow wp-block-quote-is-layout-flow\">\n<p><strong>\u00c0 SAVOIR\u00a0<\/strong><\/p>\n<p>Pour la plupart des m\u00e9dicaments utilis\u00e9s sans ordonnance, les autorit\u00e9s sanitaires recommandent de ne pas d\u00e9passer quelques jours de traitement (souvent 3 \u00e0 5 jours selon les sympt\u00f4mes). En cas de persistance, d\u2019aggravation ou de sympt\u00f4mes inhabituels, une consultation m\u00e9dicale est n\u00e9cessaire.\u00a0<\/p>\n<\/blockquote>\n<p>  <a class=\"gofollow\" data-track=\"MTIsMCw2MA==\" href=\"https:\/\/ma-sante.news\/annonceurs\/\" target=\"_blank\" rel=\"noopener\"><img loading=\"lazy\" decoding=\"async\" width=\"2560\" height=\"2133\" src=\"data:image\/svg+xml,%3Csvg%20xmlns=\" http:=\"\" data-lazy-src=\"https:\/\/www.europesays.com\/fr\/wp-content\/uploads\/2025\/03\/pub-annonceurs-4-scaled.jpg\"\/><\/a>    <img loading=\"lazy\" decoding=\"async\" width=\"755\" height=\"495\" src=\"data:image\/svg+xml,%3Csvg%20xmlns=\" http:=\"\" data-lazy-src=\"https:\/\/www.europesays.com\/fr\/wp-content\/uploads\/2025\/03\/Image1.jpg\" data-lazy-src-webp=\"https:\/\/www.europesays.com\/fr\/wp-content\/uploads\/2025\/03\/Image1.jpg.webp\" class=\"ewww_webp_lazy_load\"\/>Inscrivez-vous \u00e0 notre newsletter <br \/>Ma Sant\u00e9                      <\/p>\n","protected":false},"excerpt":{"rendered":"Un m\u00e9dicament d\u00e9livrable sans ordonnance n\u2019est pas automatiquement autoris\u00e9 en libre acc\u00e8s. \u00a9 Freepik Le 11 d\u00e9cembre 2025,&hellip;\n","protected":false},"author":2,"featured_media":603093,"comment_status":"","ping_status":"","sticky":false,"template":"","format":"standard","meta":{"footnotes":""},"categories":[10],"tags":[1011,27,72,15299,71],"class_list":{"0":"post-603092","1":"post","2":"type-post","3":"status-publish","4":"format-standard","5":"has-post-thumbnail","7":"category-sante","8":"tag-fr","9":"tag-france","10":"tag-health","11":"tag-pharmacie","12":"tag-sante"},"share_on_mastodon":{"url":"https:\/\/pubeurope.com\/@fr\/115729559886850655","error":""},"_links":{"self":[{"href":"https:\/\/www.europesays.com\/fr\/wp-json\/wp\/v2\/posts\/603092","targetHints":{"allow":["GET"]}}],"collection":[{"href":"https:\/\/www.europesays.com\/fr\/wp-json\/wp\/v2\/posts"}],"about":[{"href":"https:\/\/www.europesays.com\/fr\/wp-json\/wp\/v2\/types\/post"}],"author":[{"embeddable":true,"href":"https:\/\/www.europesays.com\/fr\/wp-json\/wp\/v2\/users\/2"}],"replies":[{"embeddable":true,"href":"https:\/\/www.europesays.com\/fr\/wp-json\/wp\/v2\/comments?post=603092"}],"version-history":[{"count":0,"href":"https:\/\/www.europesays.com\/fr\/wp-json\/wp\/v2\/posts\/603092\/revisions"}],"wp:featuredmedia":[{"embeddable":true,"href":"https:\/\/www.europesays.com\/fr\/wp-json\/wp\/v2\/media\/603093"}],"wp:attachment":[{"href":"https:\/\/www.europesays.com\/fr\/wp-json\/wp\/v2\/media?parent=603092"}],"wp:term":[{"taxonomy":"category","embeddable":true,"href":"https:\/\/www.europesays.com\/fr\/wp-json\/wp\/v2\/categories?post=603092"},{"taxonomy":"post_tag","embeddable":true,"href":"https:\/\/www.europesays.com\/fr\/wp-json\/wp\/v2\/tags?post=603092"}],"curies":[{"name":"wp","href":"https:\/\/api.w.org\/{rel}","templated":true}]}}