{"id":603096,"date":"2025-12-16T13:49:17","date_gmt":"2025-12-16T13:49:17","guid":{"rendered":"https:\/\/www.europesays.com\/fr\/603096\/"},"modified":"2025-12-16T13:49:17","modified_gmt":"2025-12-16T13:49:17","slug":"info-la-depeche-loup-dintermarche-lenseigne-a-t-elle-plagie-le-conte-de-noel-de-lauteur-ariegeois-thierry-dedieu","status":"publish","type":"post","link":"https:\/\/www.europesays.com\/fr\/603096\/","title":{"rendered":"INFO LA DEPECHE. Loup d\u2019Intermarch\u00e9\u00a0: l\u2019enseigne a-t-elle \u00ab\u00a0plagi\u00e9\u00a0\u00bb le conte de No\u00ebl de l\u2019auteur ari\u00e9geois Thierry Dedieu\u00a0?"},"content":{"rendered":"<p>\n                                                                    l&rsquo;essentiel<br \/>\n                                                                Devenu un ph\u00e9nom\u00e8ne mondial, le film publicitaire d\u2019Intermarch\u00e9 qui met en sc\u00e8ne un loup est aujourd\u2019hui accus\u00e9 de plagiat par l\u2019auteur ari\u00e9geois Thierry Dedieu, qui y reconna\u00eet son conte publi\u00e9 en 2017. Une accusation que l\u2019agence de communication \u00e0 l\u2019origine du film publicitaire balaie, \u00e9voquant de simples arch\u00e9types narratifs.\n                            <\/p>\n<p>C\u2019est l\u2019histoire d\u2019un ph\u00e9nom\u00e8ne comme le petit \u00e9cran les aime, celle d\u2019un\u00a0film publicitaire d\u2019un peu plus de deux minutes qui, \u00e0 l\u2019approche des f\u00eates de fin d\u2019ann\u00e9e, <a href=\"https:\/\/www.ladepeche.fr\/2025\/12\/11\/petit-loup-mal-aime-la-nouvelle-pub-dintermarche-bouleverse-les-internautes-13102422.php\" target=\"_self\" rel=\"noopener\">a envo\u00fbt\u00e9 les c\u0153urs, totalisant aujourd\u2019hui plus de 700\u00a0millions de vues \u00e0 travers le globe<\/a>.<\/p>\n<p>Le premier r\u00f4le\u00a0? C\u2019est un loup \u2013 affam\u00e9 de r\u00e9demption \u2013 qui le tient. Lui, le \u00ab\u00a0mal-aim\u00e9\u00a0\u00bb de la for\u00eat tente de se d\u00e9faire tant bien que mal de sa mauvaise r\u00e9putation de pr\u00e9dateur\u00a0: la r\u00e9conciliation avec lapins, marcassins, \u00e9cureuils et ses autres cong\u00e9n\u00e8res va passer par les fourneaux. Le voil\u00e0 qui se met \u00e0 concocter des petits l\u00e9gumes et des tartes. Le couvert est finalement dress\u00e9 sur une grande tabl\u00e9e dress\u00e9e au milieu des sapins enneig\u00e9s.<\/p>\n<p class=\"std-elt__inline\">\n        <strong>\u00c0 lire aussi :<\/strong><br \/>\n        <a href=\"https:\/\/www.ladepeche.fr\/2025\/12\/15\/publicite-de-noel-dintermarche-de-fausses-peluches-du-loup-mal-aime-mises-en-vente-lenseigne-met-en-garde-contre-les-ventes-frauduleuses-13112493.php\" target=\"_blank\" rel=\"noopener\">Publicit\u00e9 de No\u00ebl d\u2019Intermarch\u00e9\u00a0: de fausses peluches du loup \u00ab\u00a0Mal-aim\u00e9\u00a0\u00bb mises en vente, l\u2019enseigne met en garde contre les ventes frauduleuses<\/a>\n    <\/p>\n<p>Ce tableau, l\u2019\u00e9crivain et illustrateur Thierry Dedieu ne le conna\u00eet que trop bien. Aussi, lorsque ce dernier visionne la publicit\u00e9 sur t\u00e9l\u00e9vision, l\u2019Ari\u00e9geois est sous le choc\u00a0: \u00ab\u00a0Quand j\u2019ai vu le film, je l\u2019ai trouv\u00e9 bien, affirme l\u2019int\u00e9ress\u00e9 aupr\u00e8s de La D\u00e9p\u00eache du Midi. Mais si je l\u2019ai trouv\u00e9 bien, je crois que c\u2019est parce que\u00a0c\u2019est mon histoire\u00a0\u00bb.<\/p>\n<p>Thierry Dedieu l\u2019affirme\u00a0: le film publicitaire qui est aujourd\u2019hui diffus\u00e9 par l\u2019enseigne Intermarch\u00e9 s\u2019est \u2013 en tr\u00e8s large partie \u2013 inspir\u00e9 du conte qu\u2019il avait publi\u00e9 en 2017, baptis\u00e9\u00a0Un No\u00ebl pour le loup (\u00e9dition du Seuil Jeunesse).<\/p>\n<p>\u00ab\u00a0Ce n\u2019est pas juste un hasard\u00a0\u00bb<\/p>\n<p>L\u2019int\u00e9ress\u00e9 va m\u00eame parler\u00a0de \u00ab\u00a0plagiat\u00a0\u00bb\u00a0: \u00ab\u00a0L\u2019histoire qui est racont\u00e9e dans cette publicit\u00e9 est exactement la m\u00eame que celle que j\u2019avais publi\u00e9e en 2017, sauf que dans mon conte, le sc\u00e9nario\u00a0ne se termine pas de la m\u00eame mani\u00e8re, reprend l\u2019auteur ari\u00e9geois. \u00c0 la fin de mon livre, les animaux de la for\u00eat ne rejoignent pas le loup \u00e0 table.\u00a0On dit simplement que l\u2019ann\u00e9e suivante, il essaiera \u00e0 nouveau de les inviter\u00a0\u00bb.<\/p>\n<p>        <img decoding=\"async\" class=\"std-img__img responsive-img\" src=\"https:\/\/www.europesays.com\/fr\/wp-content\/uploads\/2025\/12\/1765892955_55_image.jpg\" alt=\"Le loup de Thierry Dedieu, \u00e0 table.\"\/><\/p>\n<p>                Le loup de Thierry Dedieu, \u00e0 table.<br \/>\n                                    Thierry Dedieu<\/p>\n<p>Mais pour Thierry Dedieu, l\u2019essentiel est l\u00e0\u00a0: le film publicitaire diffus\u00e9 pour Intermarch\u00e9 reprend non seulement des \u00e9l\u00e9ments sc\u00e9naristiques de son ouvrage, mais aussi des \u00e9l\u00e9ments graphiques\u00a0: \u00ab\u00a0Il y a des plans de mon livre qui se retrouvent dans le film\u00a0\u00bb, d\u00e9crit ce dernier, documents \u00e0 l\u2019appui. Des animaux craintifs, prostr\u00e9s derri\u00e8re les sapins, en train de regarder le loup dresser le couvert, la pr\u00e9paration de la table avec les bougies\u2026 \u00ab\u00a0Ce n\u2019est pas juste un hasard. Il y a beaucoup de points qui font que \u00e7a devient un plagiat\u00a0\u00bb, peste l\u2019Ari\u00e9geois.<\/p>\n<p>\u00ab\u00a0Juridiquement, c\u2019est totalement infond\u00e9\u00a0\u00bb<\/p>\n<p>Et maintenant\u00a0? Dans un premier temps, Thierry Dedieu avait envisag\u00e9 de \u00ab\u00a0ne rien faire\u00a0\u00bb\u00a0: \u00ab\u00a0Je me suis dit\u00a0: &lsquo;laisse tomber, ce n\u2019est pas grave, \u00e7a peut arriver'\u00a0\u00bb. Jusqu\u2019\u00e0 ce qu\u2019il re\u00e7oive le coup de t\u00e9l\u00e9phone d\u2019une libraire install\u00e9e \u00e0 Metz (Moselle), lui demandant s\u2019il avait particip\u00e9 \u00e0 la r\u00e9alisation du film publicitaire.<\/p>\n<p>Pour cette derni\u00e8re, la ressemblance entre le m\u00e9trage et l\u2019ouvrage est \u00ab\u00a0troublante\u00a0\u00bb\u2026 L\u2019auteur ari\u00e9geois a un d\u00e9clic\u00a0: \u00ab\u00a0M\u00eame si c\u2019est David contre Goliath, m\u00eame si j\u2019ai mes petits bras face \u00e0 des gens importants, je me suis dit que j\u2019allais quand m\u00eame le dire\u00a0\u00bb. Thierry Dedieu va alors se mettre \u00e0 contacter l\u2019enseigne Intermarch\u00e9, le studio d\u2019animation montpelli\u00e9rain\u00a0Illogic qui a r\u00e9alis\u00e9 le film, ainsi que l\u2019agence de communication Romance\u2026 sans succ\u00e8s.<\/p>\n<p>        <img decoding=\"async\" class=\"std-img__img responsive-img\" src=\"https:\/\/www.europesays.com\/fr\/wp-content\/uploads\/2025\/12\/1765892956_776_image.jpg\" alt=\"Le loup de Thierry Dedieu et celui de la publicit\u00e9 Intermarch\u00e9.\"\/><\/p>\n<p>                Le loup de Thierry Dedieu et celui de la publicit\u00e9 Intermarch\u00e9.<br \/>\n                                    Thierry Dedieu \/ Illogic Studio<\/p>\n<p>Contact\u00e9e, l\u2019agence Romance explique que la \u00ab\u00a0saga avec Intermarch\u00e9 (\u00ab\u00a0On a tous une bonne raison de bien manger\u00a0\u00bb) existe depuis sept ans. \u00c0 chaque opus, on a une dizaine de personnes, plus ou moins bienveillantes, qui veulent en profiter. On\u00a0a d\u00e9cid\u00e9 de ne plus mettre ces gens en lumi\u00e8re\u00a0\u00bb, commente\u00a0Christophe Lichtenstein, pr\u00e9sident de l\u2019agence, affirmant par ailleurs que les styles graphiques entre le spot\u00a0publicitaire et le livre sont \u00ab\u00a0incomparables\u00a0\u00bb. Et ce dernier de reprendre\u00a0: \u00ab\u00a0Juridiquement, c\u2019est totalement infond\u00e9. On se base aujourd\u2019hui sur ce que l\u2019on appelle le &lsquo;libre parcours cr\u00e9atif&rsquo; quand on utilise des arch\u00e9types universels\u2026 et un loup qui partage un repas avec d\u2019autres animaux dans une for\u00eat, c\u2019est un arch\u00e9type universel. On a le sentiment que les gens veulent juste gagner de l\u2019argent avec Intermarch\u00e9\u00a0\u00bb. De son c\u00f4t\u00e9, Thierry Dedieu annonce qu\u2019il va prochainement se rapprocher de ses avocats\u2026<\/p>\n","protected":false},"excerpt":{"rendered":"l&rsquo;essentiel Devenu un ph\u00e9nom\u00e8ne mondial, le film publicitaire d\u2019Intermarch\u00e9 qui met en sc\u00e8ne un loup est aujourd\u2019hui accus\u00e9&hellip;\n","protected":false},"author":2,"featured_media":603097,"comment_status":"","ping_status":"","sticky":false,"template":"","format":"standard","meta":{"footnotes":""},"categories":[8],"tags":[2720,58,59,1011,27,68925],"class_list":{"0":"post-603096","1":"post","2":"type-post","3":"status-publish","4":"format-standard","5":"has-post-thumbnail","7":"category-divertissement","8":"tag-ariege","9":"tag-divertissement","10":"tag-entertainment","11":"tag-fr","12":"tag-france","13":"tag-tu00e9lu00e9-mu00e9dias"},"share_on_mastodon":{"url":"https:\/\/pubeurope.com\/@fr\/115729568927418573","error":""},"_links":{"self":[{"href":"https:\/\/www.europesays.com\/fr\/wp-json\/wp\/v2\/posts\/603096","targetHints":{"allow":["GET"]}}],"collection":[{"href":"https:\/\/www.europesays.com\/fr\/wp-json\/wp\/v2\/posts"}],"about":[{"href":"https:\/\/www.europesays.com\/fr\/wp-json\/wp\/v2\/types\/post"}],"author":[{"embeddable":true,"href":"https:\/\/www.europesays.com\/fr\/wp-json\/wp\/v2\/users\/2"}],"replies":[{"embeddable":true,"href":"https:\/\/www.europesays.com\/fr\/wp-json\/wp\/v2\/comments?post=603096"}],"version-history":[{"count":0,"href":"https:\/\/www.europesays.com\/fr\/wp-json\/wp\/v2\/posts\/603096\/revisions"}],"wp:featuredmedia":[{"embeddable":true,"href":"https:\/\/www.europesays.com\/fr\/wp-json\/wp\/v2\/media\/603097"}],"wp:attachment":[{"href":"https:\/\/www.europesays.com\/fr\/wp-json\/wp\/v2\/media?parent=603096"}],"wp:term":[{"taxonomy":"category","embeddable":true,"href":"https:\/\/www.europesays.com\/fr\/wp-json\/wp\/v2\/categories?post=603096"},{"taxonomy":"post_tag","embeddable":true,"href":"https:\/\/www.europesays.com\/fr\/wp-json\/wp\/v2\/tags?post=603096"}],"curies":[{"name":"wp","href":"https:\/\/api.w.org\/{rel}","templated":true}]}}