{"id":603102,"date":"2025-12-16T13:52:24","date_gmt":"2025-12-16T13:52:24","guid":{"rendered":"https:\/\/www.europesays.com\/fr\/603102\/"},"modified":"2025-12-16T13:52:24","modified_gmt":"2025-12-16T13:52:24","slug":"la-fusee-electron-sarrete-en-urgence-une-fraction-de-seconde-avant-le-decollage","status":"publish","type":"post","link":"https:\/\/www.europesays.com\/fr\/603102\/","title":{"rendered":"La fus\u00e9e Electron s\u2019arr\u00eate en urgence une fraction de seconde avant le d\u00e9collage"},"content":{"rendered":"<p>Rocket Lab a d\u00fb annuler le d\u00e9collage de sa fus\u00e9e Electron ce 16 d\u00e9cembre 2025, une fraction de seconde seulement apr\u00e8s l\u2019allumage des moteurs. Un arr\u00eat spectaculaire, qui d\u00e9montre la capacit\u00e9 du lanceur \u00e0 se diagnostiquer in extremis pour \u00e9viter le pire.<\/p>\n<p>Cela aurait d\u00fb \u00eatre le dix-septi\u00e8me vol orbital de l\u2019ann\u00e9e pour la fus\u00e9e Electron. Finalement, le lanceur devra patienter avant de refendre les cieux. Ce mardi 16 d\u00e9cembre 2025, la mission Bridging The Swarm est rest\u00e9e clou\u00e9e au sol en Nouvelle-Z\u00e9lande. Les moteurs se sont bien allum\u00e9s, pourtant, ils ont \u00e9t\u00e9 coup\u00e9s instantan\u00e9ment juste apr\u00e8s.<\/p>\n<blockquote class=\"twitter-tweet\" data-width=\"500\" data-dnt=\"true\">\n<p lang=\"en\" dir=\"ltr\">We&rsquo;re live with Electron&rsquo;s 20th mission of the year: \u00ab\u00a0Bridging The Swarm\u00a0\u00bb for <a href=\"https:\/\/twitter.com\/kaistpr?ref_src=twsrc%5Etfw\" target=\"_blank\" rel=\"noopener\">@kaistpr<\/a> \ud83d\udc1d\ud83d\ude80 <a href=\"https:\/\/t.co\/FPEdPmObJa\">https:\/\/t.co\/FPEdPmObJa<\/a><\/p>\n<p>\u2014 Rocket Lab (@RocketLab) <a href=\"https:\/\/twitter.com\/RocketLab\/status\/2000727054246084725?ref_src=twsrc%5Etfw\" target=\"_blank\" rel=\"noopener\">December 16, 2025<\/a><\/p><\/blockquote>\n<p>            Ce contenu est bloqu\u00e9 car vous n\u2019avez pas accept\u00e9 les cookies et autres traceurs. Ce contenu est fourni par Twitter.<br \/>Pour pouvoir le visualiser, vous devez accepter l\u2019usage \u00e9tant op\u00e9r\u00e9 par Twitter avec vos donn\u00e9es qui pourront \u00eatre utilis\u00e9es pour les finalit\u00e9s suivantes : vous permettre de visualiser et de partager des contenus avec des m\u00e9dias sociaux, favoriser le d\u00e9veloppement et l\u2019am\u00e9lioration des produits d\u2019Humanoid et de ses partenaires, vous afficher des publicit\u00e9s personnalis\u00e9es par rapport \u00e0 votre profil et activit\u00e9, vous d\u00e9finir un profil publicitaire personnalis\u00e9, mesurer la performance des publicit\u00e9s et du contenu de ce site et mesurer l\u2019audience de ce site <a href=\"#\" class=\"js-privacy\" target=\"_blank\">(en savoir plus)<\/a>        <\/p>\n<p>            En cliquant sur \u00ab J\u2019accepte tout \u00bb, vous consentez aux finalit\u00e9s susmentionn\u00e9es pour l\u2019ensemble des cookies et autres traceurs d\u00e9pos\u00e9s par Humanoid et <a class=\"embed-consent-overlay-vendors-link\" href=\"#preferences-vendeurs\">ses partenaires<\/a>.        <\/p>\n<p>            Vous gardez la possibilit\u00e9 de retirer votre consentement \u00e0 tout moment. Pour plus d\u2019informations, nous vous invitons \u00e0 prendre connaissance de notre <a href=\"https:\/\/www.numerama.com\/politique-cookies\" target=\"_blank\" rel=\"noopener\">Politique cookies<\/a>.        <\/p>\n<p>        J\u2019accepte tout    <\/p>\n<p class=\"embed-consent-overlay-manage-choices\">        <a href=\"#preferences-publicitaires\">G\u00e9rer mes choix<\/a>    <\/p>\n<p>Un syst\u00e8me d\u2019arr\u00eat d\u2019urgence des moteurs<\/p>\n<p>Une panne soudaine de la propulsion ? Pas vraiment. Comme <a href=\"https:\/\/x.com\/RocketLab\/status\/2000766463867805850\" target=\"_blank\" rel=\"noreferrer noopener\">l\u2019explique<\/a> la soci\u00e9t\u00e9 Rocket Lab sur X (ex-Twitter), il s\u2019agit en r\u00e9alit\u00e9 d\u2019un arr\u00eat d\u2019urgence que la fus\u00e9e est capable d\u2019op\u00e9rer. Et d\u2019apr\u00e8s l\u2019entreprise am\u00e9ricaine qui con\u00e7oit les lanceurs Electron, cette caract\u00e9ristique est une \u00ab capacit\u00e9 avanc\u00e9e que toutes les fus\u00e9es ne poss\u00e8dent pas \u00bb.<\/p>\n<p>En l\u2019esp\u00e8ce, la raison pour laquelle tout a \u00e9t\u00e9 arr\u00eat\u00e9 au dernier moment, alors que les moteurs commen\u00e7aient \u00e0 vrombir, tient au fait que \u00ab l\u2019un des milliers de capteurs d\u2019Electron a relev\u00e9 des donn\u00e9es atypiques \u00bb durant le compte \u00e0 rebours. R\u00e9sultat : interruption automatique du lancement, selon les proc\u00e9dures pr\u00e9vues par Rocket Lab.<\/p>\n<p><a href=\"https:\/\/www.numerama.com\/wp-content\/uploads\/2022\/06\/capstone-rocket.jpg\" target=\"_blank\" rel=\"noopener\"><img decoding=\"async\" width=\"1024\" height=\"558\" loading=\"lazy\" alt=\"Rocket Lab Capstone\" title=\"Rocket Lab Capstone\" class=\"wp-image-1018944 placeholder-default wp-image\" src=\"https:\/\/www.europesays.com\/fr\/wp-content\/uploads\/2025\/12\/capstone-rocket-1024x558.jpg\" \/><\/a>Une fus\u00e9e Electron. \/\/ Source : Rocket Lab<\/p>\n<p>Cette coupure est survenue \u00e0 un moment critique. Alors que l\u2019on arrivait \u00e0 z\u00e9ro seconde, la fus\u00e9e est encore retenue au sol et raccord\u00e9e \u00e0 la tour de lancement. C\u2019est dans ce laps de temps extr\u00eamement court que l\u2019ordinateur de bord v\u00e9rifie les signaux de nombreux capteurs et rep\u00e8re des donn\u00e9es non nominales venant de l\u2019un d\u2019eux.<\/p>\n<p>Une nouvelle date devrait \u00eatre fix\u00e9e tr\u00e8s bient\u00f4t, le temps qu\u2019un correctif soit d\u00e9ploy\u00e9 sur l\u2019anomalie. Le lanceur n\u2019a pas souffert de cet arr\u00eat de derni\u00e8re seconde, pas plus que la charge utile \u2013 le satellite sud-cor\u00e9en NeonSat-1A. Le vol, pr\u00e9vu initialement <a href=\"https:\/\/x.com\/RocketLab\/status\/1998932950348685558\" target=\"_blank\" rel=\"noreferrer noopener\">le 11 d\u00e9cembre<\/a> avant un report, devrait advenir <a href=\"https:\/\/x.com\/RocketLab\/status\/2000732728631738382\" target=\"_blank\" rel=\"noreferrer noopener\">dans les prochains jours<\/a>.<\/p>\n<p>            <img decoding=\"async\" src=\"https:\/\/www.europesays.com\/fr\/wp-content\/uploads\/2025\/12\/iPhone-16-pro-vDJtn9o4_vzSsPIGCFDc5.png\" alt=\"Toute l'actu tech en un clien d'oeil\"\/><\/p>\n<p class=\"card-install-pwa__title\">Toute l&rsquo;actu tech en un clin d&rsquo;\u0153il<\/p>\n<p class=\"card-install-pwa__description\">Ajoutez Numerama \u00e0 votre \u00e9cran d&rsquo;accueil et restez connect\u00e9s au futur !<\/p>\n<p>            <img decoding=\"async\" src=\"https:\/\/www.numerama.com\/wp-content\/themes\/numerama-next\/dist\/images\/premium\/logo-card-pwa-coupe-vCvPQ_Q_ysBNfqKp6w7gG.svg\" alt=\"Logo PWA\"\/><\/p>\n<p>       Installer Numerama<\/p>\n<p class=\"title\">\n            Regardez le monde depuis l&rsquo;            <a href=\"https:\/\/www.numerama.com\/sciences\/espace\/\" target=\"_blank\" rel=\"noopener\"><br \/>\n                Espace            <\/a>\n        <\/p>\n<p>        <script async src=\"https:\/\/platform.twitter.com\/widgets.js\" charset=\"utf-8\"><\/script><\/p>\n","protected":false},"excerpt":{"rendered":"Rocket Lab a d\u00fb annuler le d\u00e9collage de sa fus\u00e9e Electron ce 16 d\u00e9cembre 2025, une fraction de&hellip;\n","protected":false},"author":2,"featured_media":603103,"comment_status":"","ping_status":"","sticky":false,"template":"","format":"standard","meta":{"footnotes":""},"categories":[5],"tags":[11,1011,27,889,14,12,71544,28],"class_list":{"0":"post-603102","1":"post","2":"type-post","3":"status-publish","4":"format-standard","5":"has-post-thumbnail","7":"category-international","8":"tag-actualites","9":"tag-fr","10":"tag-france","11":"tag-fusee","12":"tag-international","13":"tag-news","14":"tag-rocket-lab","15":"tag-world"},"share_on_mastodon":{"url":"https:\/\/pubeurope.com\/@fr\/115729579915245824","error":""},"_links":{"self":[{"href":"https:\/\/www.europesays.com\/fr\/wp-json\/wp\/v2\/posts\/603102","targetHints":{"allow":["GET"]}}],"collection":[{"href":"https:\/\/www.europesays.com\/fr\/wp-json\/wp\/v2\/posts"}],"about":[{"href":"https:\/\/www.europesays.com\/fr\/wp-json\/wp\/v2\/types\/post"}],"author":[{"embeddable":true,"href":"https:\/\/www.europesays.com\/fr\/wp-json\/wp\/v2\/users\/2"}],"replies":[{"embeddable":true,"href":"https:\/\/www.europesays.com\/fr\/wp-json\/wp\/v2\/comments?post=603102"}],"version-history":[{"count":0,"href":"https:\/\/www.europesays.com\/fr\/wp-json\/wp\/v2\/posts\/603102\/revisions"}],"wp:featuredmedia":[{"embeddable":true,"href":"https:\/\/www.europesays.com\/fr\/wp-json\/wp\/v2\/media\/603103"}],"wp:attachment":[{"href":"https:\/\/www.europesays.com\/fr\/wp-json\/wp\/v2\/media?parent=603102"}],"wp:term":[{"taxonomy":"category","embeddable":true,"href":"https:\/\/www.europesays.com\/fr\/wp-json\/wp\/v2\/categories?post=603102"},{"taxonomy":"post_tag","embeddable":true,"href":"https:\/\/www.europesays.com\/fr\/wp-json\/wp\/v2\/tags?post=603102"}],"curies":[{"name":"wp","href":"https:\/\/api.w.org\/{rel}","templated":true}]}}