{"id":603105,"date":"2025-12-16T13:54:23","date_gmt":"2025-12-16T13:54:23","guid":{"rendered":"https:\/\/www.europesays.com\/fr\/603105\/"},"modified":"2025-12-16T13:54:23","modified_gmt":"2025-12-16T13:54:23","slug":"tirage-des-16es-les-groupes-federation-francaise-de-football-fff","status":"publish","type":"post","link":"https:\/\/www.europesays.com\/fr\/603105\/","title":{"rendered":"Tirage des 16es : les groupes | F\u00e9d\u00e9ration Fran\u00e7aise de Football (FFF)"},"content":{"rendered":"<p>                                                              <img data-twic-src=\"https:\/\/www.europesays.com\/fr\/wp-content\/uploads\/2025\/12\/ab24b19e0dd8113d36c5672adc89f253.jpeg\" data-credit=\"Arthur BALAYN \/ FFF\" title=\"Arthur BALAYN \/ FFF\" alt=\"Coupe de France f\u00e9minine tirage au sort illustration\" class=\"block\"\/>                                        <\/p>\n<p style=\"font-weight: bold\">Voici les groupes pour le tirage au sort des 16es de finale de la Coupe de France F\u00e9minine 2025-2026 qui aura lieu ce mardi 16 d\u00e9cembre \u00e0 la FFF (12h20, en direct sur YouTube FFF). <\/p>\n<p>Les 16es de finale de la Coupe de France F\u00e9minine marqueront l&rsquo;entr\u00e9e en lice des douze \u00e9quipes d&rsquo;<a href=\"https:\/\/epreuves.fff.fr\/competition\/engagement\/436476-arkema-premiere-ligue\/phase\/1\/1\/accueil\" target=\"_blank\" rel=\"noopener\">Arkema Premi\u00e8re Ligue<\/a>.<\/p>\n<p>Elles se joignent aux huit formations de <a href=\"https:\/\/epreuves.fff.fr\/competition\/engagement\/436477-seconde-ligue\/phase\/1\/1\/accueil\" target=\"_blank\" rel=\"noopener\">Seconde Ligue<\/a>, huit de <a href=\"https:\/\/epreuves.fff.fr\/competition\/engagement\/436508-d3-feminine\/phase\/1\/1\/accueil\" target=\"_blank\" rel=\"noopener\">D3 F\u00e9minine<\/a> et 4 de niveau r\u00e9gional encore en lice apr\u00e8s les premiers tours de comp\u00e9tition.\u00a0<\/p>\n<p>Ce tirage au sort des 16es de finale, r\u00e9alis\u00e9 au si\u00e8ge de la FFF \u00e0 Paris, est \u00e0 suivre \u00e0 partir de 12h20, en direct sur YouTube FFF.\u00a0<\/p>\n<p>Les rencontres auront lieu le dimanche 11 janvier prochain.\u00a0<\/p>\n<p style=\"text-align: center;\"><strong><a href=\"https:\/\/epreuves.fff.fr\/competition\/engagement\/435167-coupe-de-france-feminine\/phase\/2\/1\/accueil\" target=\"_blank\" rel=\"noopener\">La Coupe de France F\u00e9minine sur FFF.FR<\/a><\/strong><\/p>\n<p><img decoding=\"async\" src=\"https:\/\/www.europesays.com\/fr\/wp-content\/uploads\/2025\/12\/16f94bbd1c2280674c878d3dc3c65c72.png\" alt=\"\"\/><\/p>\n<p><img decoding=\"async\" src=\"https:\/\/www.europesays.com\/fr\/wp-content\/uploads\/2025\/12\/e1960c39903d13ecea667eae53c737af.png\" alt=\"\"\/><\/p>\n<p>Calendrier de la Coupe de France f\u00e9minine 2025-2026<\/p>\n<ul>\n<li class=\"light\">Mardi 16 d\u00e9cembre 2025 : tirage au sort des 16es de finale (12h20)<\/li>\n<li class=\"light\">Dimanche 11 janvier 2026 : 16es de finale (entr\u00e9e des \u00e9quipes d&rsquo;Arkema Premi\u00e8re Ligue)<\/li>\n<li class=\"light\">Lundi 12 janvier 2026 : tirage au sort des 8es de finale<\/li>\n<li class=\"light\">Dimanche 25 janvier 2026 : 8es de finale<\/li>\n<li class=\"light\">Lundi 2 f\u00e9vrier 2026 : tirage au sort des quarts et demi-finales<\/li>\n<li class=\"light\">Dimanche 15 mars 2026 : quarts de finale<\/li>\n<li class=\"light\">Dimanche 5 avril 2026 : demi-finales<\/li>\n<li class=\"light\">Samedi 9 ou dimanche 10 mai 2026 : finale<\/li>\n<\/ul>\n","protected":false},"excerpt":{"rendered":"Voici les groupes pour le tirage au sort des 16es de finale de la Coupe de France F\u00e9minine&hellip;\n","protected":false},"author":2,"featured_media":603106,"comment_status":"","ping_status":"","sticky":false,"template":"","format":"standard","meta":{"footnotes":""},"categories":[2],"tags":[11,85,1011,27,12],"class_list":{"0":"post-603105","1":"post","2":"type-post","3":"status-publish","4":"format-standard","5":"has-post-thumbnail","7":"category-actualites","8":"tag-actualites","9":"tag-fff","10":"tag-fr","11":"tag-france","12":"tag-news"},"share_on_mastodon":{"url":"https:\/\/pubeurope.com\/@fr\/115729588810420397","error":""},"_links":{"self":[{"href":"https:\/\/www.europesays.com\/fr\/wp-json\/wp\/v2\/posts\/603105","targetHints":{"allow":["GET"]}}],"collection":[{"href":"https:\/\/www.europesays.com\/fr\/wp-json\/wp\/v2\/posts"}],"about":[{"href":"https:\/\/www.europesays.com\/fr\/wp-json\/wp\/v2\/types\/post"}],"author":[{"embeddable":true,"href":"https:\/\/www.europesays.com\/fr\/wp-json\/wp\/v2\/users\/2"}],"replies":[{"embeddable":true,"href":"https:\/\/www.europesays.com\/fr\/wp-json\/wp\/v2\/comments?post=603105"}],"version-history":[{"count":0,"href":"https:\/\/www.europesays.com\/fr\/wp-json\/wp\/v2\/posts\/603105\/revisions"}],"wp:featuredmedia":[{"embeddable":true,"href":"https:\/\/www.europesays.com\/fr\/wp-json\/wp\/v2\/media\/603106"}],"wp:attachment":[{"href":"https:\/\/www.europesays.com\/fr\/wp-json\/wp\/v2\/media?parent=603105"}],"wp:term":[{"taxonomy":"category","embeddable":true,"href":"https:\/\/www.europesays.com\/fr\/wp-json\/wp\/v2\/categories?post=603105"},{"taxonomy":"post_tag","embeddable":true,"href":"https:\/\/www.europesays.com\/fr\/wp-json\/wp\/v2\/tags?post=603105"}],"curies":[{"name":"wp","href":"https:\/\/api.w.org\/{rel}","templated":true}]}}