{"id":603107,"date":"2025-12-16T13:55:31","date_gmt":"2025-12-16T13:55:31","guid":{"rendered":"https:\/\/www.europesays.com\/fr\/603107\/"},"modified":"2025-12-16T13:55:31","modified_gmt":"2025-12-16T13:55:31","slug":"firminy-la-police-municipale-a-sorti-les-griffes-face-aux-dealers-vendredi-soir","status":"publish","type":"post","link":"https:\/\/www.europesays.com\/fr\/603107\/","title":{"rendered":"Firminy. La police municipale a sorti les griffes face aux dealers vendredi soir"},"content":{"rendered":"<p>La police municipale de Firminy a mis en place une importante op\u00e9ration de s\u00e9curit\u00e9 vendredi soir. Les Appelous ont vu du bleu, les tenues et du blanc, les v\u00e9hicules, partout. Centre-ville, Firminy-Vert, Sous-Paulat, Layat et la Barge, plusieurs endroits \u00ab\u00a0chauds\u00a0\u00bb ont \u00e9t\u00e9 investis. Un dispositif de cinq \u00e9quipages, soit une quinzaine d\u2019agents au total en comptant un personnel au centre de supervision urbain (CSU), a \u00e9t\u00e9 mis en place de 17\u00a0h\u00a045 \u00e0 minuit et demie.<\/p>\n<p>Cette op\u00e9ration men\u00e9e avec l\u2019aide des bailleurs a \u00e9t\u00e9 d\u00e9cid\u00e9e apr\u00e8s le courrier de l\u2019un d\u2019eux d\u00e9non\u00e7ant la pr\u00e9sence de jeunes dealers dans les parties communes et un r\u00e9cent incendie dans le local poubelles d\u2019un&#8230;<\/p>\n","protected":false},"excerpt":{"rendered":"La police municipale de Firminy a mis en place une importante op\u00e9ration de s\u00e9curit\u00e9 vendredi soir. Les Appelous&hellip;\n","protected":false},"author":2,"featured_media":603108,"comment_status":"","ping_status":"","sticky":false,"template":"","format":"standard","meta":{"footnotes":""},"categories":[9653],"tags":[1111,11,2430,271,272,7539,1777,674,274,10282,10283,1011,27,3367,12,25,4001,104],"class_list":{"0":"post-603107","1":"post","2":"type-post","3":"status-publish","4":"format-standard","5":"has-post-thumbnail","7":"category-saint-etienne","8":"tag-actu","9":"tag-actualites","10":"tag-auvergne-rhone-alpes","11":"tag-crime","12":"tag-delit-et-contravention","13":"tag-edition-loire-sud","14":"tag-eu","15":"tag-europe","16":"tag-faits-divers-justice","17":"tag-firminy","18":"tag-firminy-ville","19":"tag-fr","20":"tag-france","21":"tag-loire","22":"tag-news","23":"tag-republique-francaise","24":"tag-saint-etienne","25":"tag-societe"},"share_on_mastodon":{"url":"https:\/\/pubeurope.com\/@fr\/115729591383715172","error":""},"_links":{"self":[{"href":"https:\/\/www.europesays.com\/fr\/wp-json\/wp\/v2\/posts\/603107","targetHints":{"allow":["GET"]}}],"collection":[{"href":"https:\/\/www.europesays.com\/fr\/wp-json\/wp\/v2\/posts"}],"about":[{"href":"https:\/\/www.europesays.com\/fr\/wp-json\/wp\/v2\/types\/post"}],"author":[{"embeddable":true,"href":"https:\/\/www.europesays.com\/fr\/wp-json\/wp\/v2\/users\/2"}],"replies":[{"embeddable":true,"href":"https:\/\/www.europesays.com\/fr\/wp-json\/wp\/v2\/comments?post=603107"}],"version-history":[{"count":0,"href":"https:\/\/www.europesays.com\/fr\/wp-json\/wp\/v2\/posts\/603107\/revisions"}],"wp:featuredmedia":[{"embeddable":true,"href":"https:\/\/www.europesays.com\/fr\/wp-json\/wp\/v2\/media\/603108"}],"wp:attachment":[{"href":"https:\/\/www.europesays.com\/fr\/wp-json\/wp\/v2\/media?parent=603107"}],"wp:term":[{"taxonomy":"category","embeddable":true,"href":"https:\/\/www.europesays.com\/fr\/wp-json\/wp\/v2\/categories?post=603107"},{"taxonomy":"post_tag","embeddable":true,"href":"https:\/\/www.europesays.com\/fr\/wp-json\/wp\/v2\/tags?post=603107"}],"curies":[{"name":"wp","href":"https:\/\/api.w.org\/{rel}","templated":true}]}}