{"id":603121,"date":"2025-12-16T14:06:18","date_gmt":"2025-12-16T14:06:18","guid":{"rendered":"https:\/\/www.europesays.com\/fr\/603121\/"},"modified":"2025-12-16T14:06:18","modified_gmt":"2025-12-16T14:06:18","slug":"seine-maritime-la-fibre-a-t-elle-ete-correctement-deployee","status":"publish","type":"post","link":"https:\/\/www.europesays.com\/fr\/603121\/","title":{"rendered":"Seine-Maritime. La fibre a-t-elle \u00e9t\u00e9 correctement d\u00e9ploy\u00e9e\u00a0?"},"content":{"rendered":"<p>Le syndicat mixte Seine-Maritime num\u00e9rique a \u00e9t\u00e9 cr\u00e9\u00e9 le 16 janvier 2014. Trois ans plus tard, il s&rsquo;est lanc\u00e9, sous l&rsquo;impulsion de l&rsquo;ex\u00e9cutif du D\u00e9partement, dans un plan ambitieux du d\u00e9ploiement du tr\u00e8s haut d\u00e9bit. La d\u00e9cision a \u00e9t\u00e9 prise de d\u00e9ployer le r\u00e9seau en fibre optique jusqu&rsquo;\u00e0 la maison mais aussi jusqu&rsquo;au bureau. Concr\u00e8tement, particuliers et&#8230;<\/p>\n","protected":false},"excerpt":{"rendered":"Le syndicat mixte Seine-Maritime num\u00e9rique a \u00e9t\u00e9 cr\u00e9\u00e9 le 16 janvier 2014. Trois ans plus tard, il s&rsquo;est&hellip;\n","protected":false},"author":2,"featured_media":603122,"comment_status":"","ping_status":"","sticky":false,"template":"","format":"standard","meta":{"footnotes":""},"categories":[9587],"tags":[1111,11,1777,674,1011,27,12,5161,25,9590],"class_list":{"0":"post-603121","1":"post","2":"type-post","3":"status-publish","4":"format-standard","5":"has-post-thumbnail","7":"category-rouen","8":"tag-actu","9":"tag-actualites","10":"tag-eu","11":"tag-europe","12":"tag-fr","13":"tag-france","14":"tag-news","15":"tag-normandie","16":"tag-republique-francaise","17":"tag-rouen"},"share_on_mastodon":{"url":"https:\/\/pubeurope.com\/@fr\/115729635126894934","error":""},"_links":{"self":[{"href":"https:\/\/www.europesays.com\/fr\/wp-json\/wp\/v2\/posts\/603121","targetHints":{"allow":["GET"]}}],"collection":[{"href":"https:\/\/www.europesays.com\/fr\/wp-json\/wp\/v2\/posts"}],"about":[{"href":"https:\/\/www.europesays.com\/fr\/wp-json\/wp\/v2\/types\/post"}],"author":[{"embeddable":true,"href":"https:\/\/www.europesays.com\/fr\/wp-json\/wp\/v2\/users\/2"}],"replies":[{"embeddable":true,"href":"https:\/\/www.europesays.com\/fr\/wp-json\/wp\/v2\/comments?post=603121"}],"version-history":[{"count":0,"href":"https:\/\/www.europesays.com\/fr\/wp-json\/wp\/v2\/posts\/603121\/revisions"}],"wp:featuredmedia":[{"embeddable":true,"href":"https:\/\/www.europesays.com\/fr\/wp-json\/wp\/v2\/media\/603122"}],"wp:attachment":[{"href":"https:\/\/www.europesays.com\/fr\/wp-json\/wp\/v2\/media?parent=603121"}],"wp:term":[{"taxonomy":"category","embeddable":true,"href":"https:\/\/www.europesays.com\/fr\/wp-json\/wp\/v2\/categories?post=603121"},{"taxonomy":"post_tag","embeddable":true,"href":"https:\/\/www.europesays.com\/fr\/wp-json\/wp\/v2\/tags?post=603121"}],"curies":[{"name":"wp","href":"https:\/\/api.w.org\/{rel}","templated":true}]}}