{"id":603123,"date":"2025-12-16T14:07:30","date_gmt":"2025-12-16T14:07:30","guid":{"rendered":"https:\/\/www.europesays.com\/fr\/603123\/"},"modified":"2025-12-16T14:07:30","modified_gmt":"2025-12-16T14:07:30","slug":"la-remarquable-rehabilitation-de-lecole-normale-dinstitutrices-de-rouen","status":"publish","type":"post","link":"https:\/\/www.europesays.com\/fr\/603123\/","title":{"rendered":"La remarquable r\u00e9habilitation de l\u2019\u00c9cole Normale d\u2019Institutrices de Rouen"},"content":{"rendered":"<p>\n        A Rouen, les agences CBA architectes et Espace Libre &#8211; Paysagiste ont transform\u00e9 l\u2019ancienne \u00c9cole des Institutrices en un h\u00f4tel quatre \u00e9toiles.\n    <\/p>\n<p>La r\u00e9habilitation d\u2019un <b>monument patrimonial <\/b>n\u2019est pas une t\u00e2che facile. Pour ce faire, il est n\u00e9cessaire d\u2019avoir un ind\u00e9niable savoir-faire et d&rsquo;\u00e9tudier minutieusement l\u2019histoire pour pouvoir engendrer <b>une r\u00e9alisation exemplaire<\/b>.<\/p>\n<p>CBA architectes et Espace Libre &#8211; Paysagiste ont mis au diapason leurs connaissances et se sont lanc\u00e9s dans <b>la <a href=\"https:\/\/www.batiweb.com\/actualites\/architecture\/rehabilitation-des-batiments-qu-en-pensent-les-architectes-45765\" target=\"_blank\" rel=\"noopener\">r\u00e9habilitation<\/a> d\u2019un \u00e9difice patrimonial<\/b>, \u00a0l\u2019\u00c9cole Normale d\u2019Institutrices de <a href=\"https:\/\/www.batiweb.com\/actualites\/menuiserie\/le-nouvel-hangar-105-de-rouen-nous-ouvre-ses-portes-45889\" target=\"_blank\" rel=\"noopener\">Rouen<\/a>,\u00a0en un h\u00f4tel 4 \u00e9toiles\u00a0de 85 chambres et un h\u00f4tel d\u2019entreprises comprenant 8000 m\u00b2 de bureaux. L\u2019ensemble entame ainsi une nouvelle vie.<\/p>\n<p><strong>Le b\u00e2timent originel date de 1887<\/strong>, il a \u00e9t\u00e9 construit par l\u2019architecte Lucien Lefort et ouvert en 1887 et r\u00e9pondait aux standards de l\u2019\u00e9poque. Magnificence et \u00e9l\u00e9ments patrimoniaux font de la construction une v\u00e9ritable condens\u00e9 de richesse qu\u2019il fallait r\u00e9v\u00e9ler.\u00a0<\/p>\n<p>\u00a0<\/p>\n<p><img loading=\"lazy\" decoding=\"async\" alt=\"\" height=\"776\" src=\"https:\/\/www.europesays.com\/fr\/wp-content\/uploads\/2025\/12\/Photo2 article sipane.jpg\" width=\"600\"\/>\u00a9 Julien Falsimagne<\/p>\n<p>L\u2019ancienne \u00c9cole Normale d\u2019Institutrices (ENI) de Rouen jouit d\u2019un emplacement strat\u00e9gique. Avec une vue imprenable sur la ville, la b\u00e2tisse poss\u00e8de une multitude de qualit\u00e9s que l\u2019intervention a mis en avant tout en instaurant <strong>un dialogue avec les alentours<\/strong>.<\/p>\n<p>L\u2019op\u00e9ration\u00a0a englob\u00e9 <strong>la r\u00e9habilitation minutieuse<\/strong> et la restauration des fa\u00e7ades, du clocheton, de l\u2019horloge et de la porte coch\u00e8re, de m\u00eame, il a \u00e9t\u00e9 d\u00e9cid\u00e9 d\u2019installer sur la toiture parmi les ardoises des panneaux solaires qui semblent invisibles car tr\u00e8s bien int\u00e9gr\u00e9s \u00e0 l\u2019ensemble.<\/p>\n<p>Tandis que l\u2019h\u00f4tel d\u2019entreprises est int\u00e9gr\u00e9 horizontalement dans la pente et se d\u00e9ploie autour d\u2019un g\u00e9n\u00e9reux atrium central o\u00f9 se croisent des escaliers et des passerelles, l\u2019h\u00f4tel se d\u00e9ploie dans le corps principal et offre une nouvelle destination \u00e0 l\u2019ancienne \u00e9cole. \u00c0\u00a0l\u2019int\u00e9rieur de l\u2019h\u00f4tel les chambres jouissent de grande hauteur et sont am\u00e9nag\u00e9s comme le reste par d+b Interior Design Studio.\u00a0\u00a0<\/p>\n<p>\u00a0<\/p>\n<p><img loading=\"lazy\" decoding=\"async\" alt=\"\" height=\"400\" src=\"https:\/\/www.europesays.com\/fr\/wp-content\/uploads\/2025\/12\/Photo3article sipane.jpg\" width=\"600\"\/>Julien Falsimagne<\/p>\n<p>Outre la r\u00e9habilitation, le programme pr\u00e9voyait <strong>une extension pour accueillir des espaces communs<\/strong>. Ces derniers ont \u00e9t\u00e9 d\u00e9ploy\u00e9s horizontalement, \u00e0 l\u2019instar d\u2019une lani\u00e8re qui s\u2019ins\u00e8re habilement dans l\u2019existant. Comme si elle avait\u00a0toujours fait partie du site, cette extension vient lib\u00e9rer l\u2019espace d\u2019un \u00ab Jardin des \u0153uvres \u00bb au centre du projet et engendre en contrebas, un spacieux parc urbain qui adopte les lieux.<\/p>\n<p>L\u2019architecture et le paysage entament ainsi un joli dialogue, ils se valorisent mutuellement et cr\u00e9e une composition indissociable dont profitent usagers et visiteurs. L\u2019op\u00e9ration tout en finesse r\u00e9invente les lieux charg\u00e9s d\u2019histoire et offre non seulement \u00e0 la ville mais \u00e0 la M\u00e9tropole Rouennaise une destination \u00e0 part enti\u00e8re.\u00a0<\/p>\n<p>Par Sipane Hoh<\/p>\n","protected":false},"excerpt":{"rendered":"A Rouen, les agences CBA architectes et Espace Libre &#8211; Paysagiste ont transform\u00e9 l\u2019ancienne \u00c9cole des Institutrices en&hellip;\n","protected":false},"author":2,"featured_media":603124,"comment_status":"","ping_status":"","sticky":false,"template":"","format":"standard","meta":{"footnotes":""},"categories":[9587],"tags":[14073,1111,11,1350,1122,29065,1777,674,1011,27,190,12,5161,2551,5781,716,25,9590],"class_list":{"0":"post-603123","1":"post","2":"type-post","3":"status-publish","4":"format-standard","5":"has-post-thumbnail","7":"category-rouen","8":"tag-accueil","9":"tag-actu","10":"tag-actualites","11":"tag-architecture","12":"tag-ecole","13":"tag-edifice","14":"tag-eu","15":"tag-europe","16":"tag-fr","17":"tag-france","18":"tag-hotel","19":"tag-news","20":"tag-normandie","21":"tag-patrimoine","22":"tag-rehabilitation","23":"tag-renovation","24":"tag-republique-francaise","25":"tag-rouen"},"share_on_mastodon":{"url":"https:\/\/pubeurope.com\/@fr\/115729639817000255","error":""},"_links":{"self":[{"href":"https:\/\/www.europesays.com\/fr\/wp-json\/wp\/v2\/posts\/603123","targetHints":{"allow":["GET"]}}],"collection":[{"href":"https:\/\/www.europesays.com\/fr\/wp-json\/wp\/v2\/posts"}],"about":[{"href":"https:\/\/www.europesays.com\/fr\/wp-json\/wp\/v2\/types\/post"}],"author":[{"embeddable":true,"href":"https:\/\/www.europesays.com\/fr\/wp-json\/wp\/v2\/users\/2"}],"replies":[{"embeddable":true,"href":"https:\/\/www.europesays.com\/fr\/wp-json\/wp\/v2\/comments?post=603123"}],"version-history":[{"count":0,"href":"https:\/\/www.europesays.com\/fr\/wp-json\/wp\/v2\/posts\/603123\/revisions"}],"wp:featuredmedia":[{"embeddable":true,"href":"https:\/\/www.europesays.com\/fr\/wp-json\/wp\/v2\/media\/603124"}],"wp:attachment":[{"href":"https:\/\/www.europesays.com\/fr\/wp-json\/wp\/v2\/media?parent=603123"}],"wp:term":[{"taxonomy":"category","embeddable":true,"href":"https:\/\/www.europesays.com\/fr\/wp-json\/wp\/v2\/categories?post=603123"},{"taxonomy":"post_tag","embeddable":true,"href":"https:\/\/www.europesays.com\/fr\/wp-json\/wp\/v2\/tags?post=603123"}],"curies":[{"name":"wp","href":"https:\/\/api.w.org\/{rel}","templated":true}]}}