{"id":603131,"date":"2025-12-16T14:11:24","date_gmt":"2025-12-16T14:11:24","guid":{"rendered":"https:\/\/www.europesays.com\/fr\/603131\/"},"modified":"2025-12-16T14:11:24","modified_gmt":"2025-12-16T14:11:24","slug":"apres-40-ans-daventures-la-peniche-spectacle-est-a-vendre","status":"publish","type":"post","link":"https:\/\/www.europesays.com\/fr\/603131\/","title":{"rendered":"Apr\u00e8s 40\u00a0ans d\u2019aventures, la P\u00e9niche spectacle est \u00e0 vendre"},"content":{"rendered":"<p>\u00a0On a pris la d\u00e9cision \u00e0 l\u2019heure juste. On a que des beaux souvenirs. Il est temps que d\u2019autres s\u2019emparent de cet esprit, de l\u2019utopie du lieu.\u00a0 Hugues Charbonneau et Annie Desmoulin ont d\u00e9cid\u00e9 de tourner la page de la P\u00e9niche spectacle, une institution rennaise, amarr\u00e9e quai Saint-Cyr, depuis quarante\u00a0ans. Sa force\u00a0? <a href=\"https:\/\/rennes.maville.com\/actu\/actudet_-onze-escales-et-vingt-spectacles-la-peniche-spectacle-reprend-son-itinerance-en-ille-et-vilaine-_7-6226179_actu.Htm\" target=\"_self\" rel=\"noopener\">Se d\u00e9placer d\u00e8s le mois d\u2019avril, de villages en villages<\/a>, via les canaux \u00a0avec deux bateaux costauds et techniques \u00e0 accompagner\u00a0\u00bb.<\/p>\n<p>La cr\u00e9ation remonte aux ann\u00e9es 1980, d\u2019abord <a href=\"https:\/\/rennes.maville.com\/actu\/actudet_-peniche-spectacle.-la-petite-flotte-se-fait-bichonner-aux-landes-d-apigne-_7-4755256_actu.Htm\" target=\"_self\" rel=\"noopener\">le th\u00e9\u00e2tre du Pr\u00e9 Perch\u00e9 en 1981<\/a>, puis l\u2019achat de la premi\u00e8re p\u00e9niche en 1985. Une sabli\u00e8re acquise aupr\u00e8s d\u2019un des derniers mariniers,<strong>\u00a0<\/strong> \u00a0pour transporter le r\u00eave des artistes, l\u2019imaginaire.\u00a0 Sorti de l\u2019eau, le bateau est retap\u00e9 et am\u00e9nag\u00e9. L\u2019huile de coude et la t\u00e9nacit\u00e9 restent le carburant de cette aventure atypique. <strong> \u00a0Les mariniers m\u2019ont livr\u00e9 leurs secrets pour que \u00e7a dure et que ce ne soit pas juste un folklore.\u00a0<\/strong> <strong>\u00a0<\/strong>Un projet artistique pluridisciplinaire se d\u00e9veloppe autour des musiques et voix du monde avec une philosophie de tol\u00e9rance et d\u2019ouverture. \u00a0Du cousu main toujours avec beaucoup d\u2019humanit\u00e9 et des sourires de vie.\u00a0<\/p>\n<p>\t<img decoding=\"async\" src=\"https:\/\/www.europesays.com\/fr\/wp-content\/uploads\/2025\/12\/P35643079D7111928G_px_640_.jpg\" alt=\"photo annie desmoulin et hugues charbonneau, de la p\u00e9niche spectacle  \u00a9  ouest-france\" width=\"640\" title=\" Annie Desmoulin et Hugues Charbonneau, de la p\u00e9niche spectacle   Ouest-France \"\/><\/p>\n<p class=\"elmt-legende\"> Annie Desmoulin et Hugues Charbonneau, de la p\u00e9niche spectacle   Ouest-France <\/p>\n<p>150\u00a0spectacles par an, des artistes fid\u00e8les<\/p>\n<p>Au fil des ann\u00e9es, la p\u00e9niche est devenue un lieu passeur, de rencontres, itin\u00e9rant. Qui programme 150\u00a0spectacles par an. Pour chacun d\u2019eux, 80\u00a0spectateurs embarquent et descendent \u00e0 fond de cale \u00a0pour d\u00e9couvrir des perles artistiques, assis \u00e0 moins de huit\u00a0m\u00e8tres des artistes\u00a0. Sergi Lopez, Raul Barboza, Antonio Rivas, Marion Rouxin, Jeanne Cherhal, Annabelle Sergent\u2026 \u00a0Des petits bijoux, dans un petit \u00e9crin. On \u00e9tait le petit poucet de la sc\u00e8ne rennaise, on devait briller\u00a0!\u00a0<\/p>\n<p>Dix ans plus tard, le couple fera l\u2019acquisition d\u2019une deuxi\u00e8me p\u00e9niche, La Dame blanche, pour l\u2019accueil, les r\u00e9p\u00e9titions, les r\u00e9unions, les r\u00e9sidences d\u2019artistes. Ils ont nou\u00e9 des partenariats et accueilli les spectacles des festivals rennais Travelling, Mythos, le Grand Soufflet\u2026<\/p>\n<p>\t<img decoding=\"async\" src=\"https:\/\/www.europesays.com\/fr\/wp-content\/uploads\/2025\/12\/P35643080D7111928G_px_640_.jpg\" alt=\"photo annie desmoulin et hugues charbonneau, de la p\u00e9niche spectacle  \u00a9  ouest-france\" width=\"640\" title=\" Annie Desmoulin et Hugues Charbonneau, de la P\u00e9niche spectacle   Ouest-France \"\/><\/p>\n<p class=\"elmt-legende\"> Annie Desmoulin et Hugues Charbonneau, de la P\u00e9niche spectacle   Ouest-France <\/p>\n<p>Ils ont conserv\u00e9, class\u00e9, toutes les archives, les programmes, les photos, les livres d\u2019or\u2026<\/p>\n<p>Les artistes qui connaissent le lieu ne veulent pas le laisser mourir. Les deux p\u00e9niches, sont \u00e0 vendre, \u00a0nous sommes pr\u00eats \u00e0 r\u00e9pondre \u00e0 toutes les questions\u00a0. En attendant, Annie Desmoulin et Hugues Charbonneau prennent le temps de dire au revoir, avec des week-ends portes ouvertes. L\u2019ultime lever de rideau sera pour Le bal \u00e0 l\u2019entrepont le 16\u00a0janvier 2026, un r\u00e9cit chant\u00e9 et une histoire de travers\u00e9e, par le th\u00e9\u00e2tre du Pr\u00e9 Perch\u00e9 qui lui poursuit ses activit\u00e9s.<\/p>\n<p>\u00a0<\/p>\n","protected":false},"excerpt":{"rendered":"\u00a0On a pris la d\u00e9cision \u00e0 l\u2019heure juste. On a que des beaux souvenirs. Il est temps que&hellip;\n","protected":false},"author":2,"featured_media":603132,"comment_status":"","ping_status":"","sticky":false,"template":"","format":"standard","meta":{"footnotes":""},"categories":[2821],"tags":[5058,1111,11,1764,67067,829,1777,674,1011,27,12,7015,584,25,3140,9813],"class_list":{"0":"post-603131","1":"post","2":"type-post","3":"status-publish","4":"format-standard","5":"has-post-thumbnail","7":"category-rennes","8":"tag-5058","9":"tag-actu","10":"tag-actualites","11":"tag-ans","12":"tag-aventures","13":"tag-bretagne","14":"tag-eu","15":"tag-europe","16":"tag-fr","17":"tag-france","18":"tag-news","19":"tag-peniche","20":"tag-rennes","21":"tag-republique-francaise","22":"tag-spectacle","23":"tag-vendre"},"share_on_mastodon":{"url":"https:\/\/pubeurope.com\/@fr\/115729655415180290","error":""},"_links":{"self":[{"href":"https:\/\/www.europesays.com\/fr\/wp-json\/wp\/v2\/posts\/603131","targetHints":{"allow":["GET"]}}],"collection":[{"href":"https:\/\/www.europesays.com\/fr\/wp-json\/wp\/v2\/posts"}],"about":[{"href":"https:\/\/www.europesays.com\/fr\/wp-json\/wp\/v2\/types\/post"}],"author":[{"embeddable":true,"href":"https:\/\/www.europesays.com\/fr\/wp-json\/wp\/v2\/users\/2"}],"replies":[{"embeddable":true,"href":"https:\/\/www.europesays.com\/fr\/wp-json\/wp\/v2\/comments?post=603131"}],"version-history":[{"count":0,"href":"https:\/\/www.europesays.com\/fr\/wp-json\/wp\/v2\/posts\/603131\/revisions"}],"wp:featuredmedia":[{"embeddable":true,"href":"https:\/\/www.europesays.com\/fr\/wp-json\/wp\/v2\/media\/603132"}],"wp:attachment":[{"href":"https:\/\/www.europesays.com\/fr\/wp-json\/wp\/v2\/media?parent=603131"}],"wp:term":[{"taxonomy":"category","embeddable":true,"href":"https:\/\/www.europesays.com\/fr\/wp-json\/wp\/v2\/categories?post=603131"},{"taxonomy":"post_tag","embeddable":true,"href":"https:\/\/www.europesays.com\/fr\/wp-json\/wp\/v2\/tags?post=603131"}],"curies":[{"name":"wp","href":"https:\/\/api.w.org\/{rel}","templated":true}]}}