{"id":603133,"date":"2025-12-16T14:12:25","date_gmt":"2025-12-16T14:12:25","guid":{"rendered":"https:\/\/www.europesays.com\/fr\/603133\/"},"modified":"2025-12-16T14:12:25","modified_gmt":"2025-12-16T14:12:25","slug":"colroy-la-roche-lensemble-musical-echos-doutre-rhin-en-concert-dans-le-cadre-des-noelies-ce-mercredi-17-decembre","status":"publish","type":"post","link":"https:\/\/www.europesays.com\/fr\/603133\/","title":{"rendered":"Colroy-la-Roche. L\u2019ensemble musical \u00c9chos d\u2019outre-Rhin\u00a0en concert dans le cadre des No\u00eblies ce mercredi 17\u00a0d\u00e9cembre"},"content":{"rendered":"<p>L\u2019association La Costelline p\u00e9riscolaire et garderie organise, en partenariat avec les No\u00eblies, un spectacle\/concert de No\u00ebl, mercredi 17\u00a0d\u00e9cembre, \u00e0 16\u00a0h, \u00e0 la salle des f\u00eates de Colroy-la-Roche (ouverture des portes \u00e0 15\u00a0h\u00a030).<\/p>\n<p>Au programme\u00a0: concert pour les petits et les grands, propos\u00e9 par l\u2019ensemble musical \u00c9chos d\u2019outre-Rhin, \u201cUn No\u00ebl baroque\u201d, avec Akad\u00eamia, direction Fran\u00e7oise Lasserre. Salom\u00e9 Haller (mezzo-soprano), Augustin Lusson (violon), Marc Wolff (archiluth). Puis le p\u00e8re No\u00ebl arrivera les bras charg\u00e9s de bonbons. Les enfants et les parents pourront faire une photo souvenir avec lui. Des boissons fra\u00eeches et chaudes ainsi que des g\u00e2teaux seront en vente sur place au profit de l\u2019association.<\/p>\n<p class=\"note\">Entr\u00e9e gratuite, plateau pour les musiciens. Informations au 06\u00a037\u00a024\u00a062\u00a053 et garderie.lacostelline@gmail.com.<\/p>\n","protected":false},"excerpt":{"rendered":"L\u2019association La Costelline p\u00e9riscolaire et garderie organise, en partenariat avec les No\u00eblies, un spectacle\/concert de No\u00ebl, mercredi 17\u00a0d\u00e9cembre,&hellip;\n","protected":false},"author":2,"featured_media":603134,"comment_status":"","ping_status":"","sticky":false,"template":"","format":"standard","meta":{"footnotes":""},"categories":[2820],"tags":[1111,11,71545,1687,24625,1777,674,1011,27,775,873,12,15830,25,34734,640],"class_list":{"0":"post-603133","1":"post","2":"type-post","3":"status-publish","4":"format-standard","5":"has-post-thumbnail","7":"category-strasbourg","8":"tag-actu","9":"tag-actualites","10":"tag-colroy-la-roche","11":"tag-culture-loisirs","12":"tag-edition-molsheim-obernai","13":"tag-eu","14":"tag-europe","15":"tag-fr","16":"tag-france","17":"tag-grand-est","18":"tag-musique","19":"tag-news","20":"tag-noel","21":"tag-republique-francaise","22":"tag-secteur-de-schirmeck","23":"tag-strasbourg"},"share_on_mastodon":{"url":"https:\/\/pubeurope.com\/@fr\/115729658346547585","error":""},"_links":{"self":[{"href":"https:\/\/www.europesays.com\/fr\/wp-json\/wp\/v2\/posts\/603133","targetHints":{"allow":["GET"]}}],"collection":[{"href":"https:\/\/www.europesays.com\/fr\/wp-json\/wp\/v2\/posts"}],"about":[{"href":"https:\/\/www.europesays.com\/fr\/wp-json\/wp\/v2\/types\/post"}],"author":[{"embeddable":true,"href":"https:\/\/www.europesays.com\/fr\/wp-json\/wp\/v2\/users\/2"}],"replies":[{"embeddable":true,"href":"https:\/\/www.europesays.com\/fr\/wp-json\/wp\/v2\/comments?post=603133"}],"version-history":[{"count":0,"href":"https:\/\/www.europesays.com\/fr\/wp-json\/wp\/v2\/posts\/603133\/revisions"}],"wp:featuredmedia":[{"embeddable":true,"href":"https:\/\/www.europesays.com\/fr\/wp-json\/wp\/v2\/media\/603134"}],"wp:attachment":[{"href":"https:\/\/www.europesays.com\/fr\/wp-json\/wp\/v2\/media?parent=603133"}],"wp:term":[{"taxonomy":"category","embeddable":true,"href":"https:\/\/www.europesays.com\/fr\/wp-json\/wp\/v2\/categories?post=603133"},{"taxonomy":"post_tag","embeddable":true,"href":"https:\/\/www.europesays.com\/fr\/wp-json\/wp\/v2\/tags?post=603133"}],"curies":[{"name":"wp","href":"https:\/\/api.w.org\/{rel}","templated":true}]}}