{"id":603141,"date":"2025-12-16T14:17:13","date_gmt":"2025-12-16T14:17:13","guid":{"rendered":"https:\/\/www.europesays.com\/fr\/603141\/"},"modified":"2025-12-16T14:17:13","modified_gmt":"2025-12-16T14:17:13","slug":"rapport-regional-dhemovigilance-2024-tout-savoir-sur-la-securite-transfusionnelle-en-pays-de-la-loire","status":"publish","type":"post","link":"https:\/\/www.europesays.com\/fr\/603141\/","title":{"rendered":"Rapport r\u00e9gional d\u2019h\u00e9movigilance 2024 : tout savoir sur la s\u00e9curit\u00e9 transfusionnelle en Pays de la Loire"},"content":{"rendered":"<p>        Ce que l\u2019on peut retenir<\/p>\n<ul>\n<li>\n<p class=\"text-align-justify\">Une r\u00e9gion dynamique sur les dons de sang<\/p>\n<\/li>\n<li>\n<p class=\"text-align-justify\">Une baisse de la consommation et des transfusions des PSL<\/p>\n<\/li>\n<li>\n<p class=\"text-align-justify\">Une baisse du nombre de patients transfus\u00e9s<\/p>\n<\/li>\n<\/ul>\n<p>Un r\u00e9seau r\u00e9gional structur\u00e9 et engag\u00e9<\/p>\n<p class=\"text-align-justify\">La r\u00e9gion compte <strong>72 \u00e9tablissements de sant\u00e9 transfuseurs<\/strong> et <strong>23 d\u00e9p\u00f4ts de sang<\/strong>.<\/p>\n<p class=\"text-align-justify\">L\u2019ann\u00e9e 2024 a par ailleurs \u00e9t\u00e9 marqu\u00e9e par l\u2019arriv\u00e9e du nouveau Coordonnateur r\u00e9gional d\u2019h\u00e9movigilance et de s\u00e9curit\u00e9 transfusionnelle, le <strong>Dr Charles-Marie BERA<\/strong>, le 1\u1d49\u02b3 octobre.<\/p>\n<p>Un syst\u00e8me de vigilance solide<\/p>\n<p class=\"text-align-justify\">Le suivi des effets ind\u00e9sirables receveurs, des incidents graves de la cha\u00eene transfusionnelle et des \u00e9v\u00e9nements donneurs confirme l&rsquo;efficacit\u00e9 du syst\u00e8me de s\u00e9curit\u00e9, fond\u00e9 sur la d\u00e9claration, l\u2019analyse et la pr\u00e9vention des risques.<\/p>\n<p>        <img decoding=\"async\" loading=\"lazy\"  width=\"1384\" height=\"694\" src=\"https:\/\/www.europesays.com\/fr\/wp-content\/uploads\/2025\/12\/Image1_0.png.jpg\" alt=\"\" typeof=\"foaf:Image\" class=\"img-responsive\"\/><\/p>\n<p>  Synth\u00e8se du rapport r\u00e9gional d&rsquo;h\u00e9movigilance et de s\u00e9curit\u00e9 transfusionnelle des Pays de la Loire<\/p>\n<p class=\"text-align-center\">\u00a0<\/p>\n","protected":false},"excerpt":{"rendered":"Ce que l\u2019on peut retenir Une r\u00e9gion dynamique sur les dons de sang Une baisse de la consommation&hellip;\n","protected":false},"author":2,"featured_media":603142,"comment_status":"","ping_status":"","sticky":false,"template":"","format":"standard","meta":{"footnotes":""},"categories":[2818],"tags":[1111,11,1777,674,1011,27,766,12,2636,25],"class_list":{"0":"post-603141","1":"post","2":"type-post","3":"status-publish","4":"format-standard","5":"has-post-thumbnail","7":"category-nantes","8":"tag-actu","9":"tag-actualites","10":"tag-eu","11":"tag-europe","12":"tag-fr","13":"tag-france","14":"tag-nantes","15":"tag-news","16":"tag-pays-de-la-loire","17":"tag-republique-francaise"},"share_on_mastodon":{"url":"https:\/\/pubeurope.com\/@fr\/115729678771051639","error":""},"_links":{"self":[{"href":"https:\/\/www.europesays.com\/fr\/wp-json\/wp\/v2\/posts\/603141","targetHints":{"allow":["GET"]}}],"collection":[{"href":"https:\/\/www.europesays.com\/fr\/wp-json\/wp\/v2\/posts"}],"about":[{"href":"https:\/\/www.europesays.com\/fr\/wp-json\/wp\/v2\/types\/post"}],"author":[{"embeddable":true,"href":"https:\/\/www.europesays.com\/fr\/wp-json\/wp\/v2\/users\/2"}],"replies":[{"embeddable":true,"href":"https:\/\/www.europesays.com\/fr\/wp-json\/wp\/v2\/comments?post=603141"}],"version-history":[{"count":0,"href":"https:\/\/www.europesays.com\/fr\/wp-json\/wp\/v2\/posts\/603141\/revisions"}],"wp:featuredmedia":[{"embeddable":true,"href":"https:\/\/www.europesays.com\/fr\/wp-json\/wp\/v2\/media\/603142"}],"wp:attachment":[{"href":"https:\/\/www.europesays.com\/fr\/wp-json\/wp\/v2\/media?parent=603141"}],"wp:term":[{"taxonomy":"category","embeddable":true,"href":"https:\/\/www.europesays.com\/fr\/wp-json\/wp\/v2\/categories?post=603141"},{"taxonomy":"post_tag","embeddable":true,"href":"https:\/\/www.europesays.com\/fr\/wp-json\/wp\/v2\/tags?post=603141"}],"curies":[{"name":"wp","href":"https:\/\/api.w.org\/{rel}","templated":true}]}}