{"id":603143,"date":"2025-12-16T14:18:27","date_gmt":"2025-12-16T14:18:27","guid":{"rendered":"https:\/\/www.europesays.com\/fr\/603143\/"},"modified":"2025-12-16T14:18:27","modified_gmt":"2025-12-16T14:18:27","slug":"fc-nantes-mercato-kita-a-trouve-le-sauveur-du-club-a-paris-les-supporters-vont-adorer","status":"publish","type":"post","link":"https:\/\/www.europesays.com\/fr\/603143\/","title":{"rendered":"FC Nantes Mercato : Kita a trouv\u00e9 le sauveur du club \u00e0 Paris, les supporters vont adorer !\u00a0"},"content":{"rendered":"<p><strong>En grande difficult\u00e9 sportive et plong\u00e9 dans une v\u00e9ritable zone de turbulences, le FC Nantes envisage un retour aussi surprenant que nostalgique pour tenter de sauver sa saison.\u00a0<\/strong><\/p>\n<p>Waldemar Kita aura toit fait aux supporters du <a href=\"https:\/\/www.butfootballclub.fr\/1634870-fc-nantes-un-premier-bemol-tombe-concernant-cabella\/\" target=\"_blank\" rel=\"noopener\">FC Nantes<\/a> mais il a un dernier coup dans sa marche pour finir de les surprendre. Selon le tr\u00e8s s\u00e9rieux compte fan_fcnantes_foot, le pr\u00e9sident des Canaris<strong> <\/strong>tente de re-s\u00e9duire son ancienne star, Moses Simon, aujourd\u2019hui au Paris FC, pour un possible retour d\u00e8s le mercato hivernal ! \u00ab Le FC Nantes est dans la panique et tente de re-s\u00e9duire son ancienne star, Moses Simon ! Pour le mercato hivernal qui arrive, la direction nantaise a contact\u00e9 l\u2019ailier du Paris FC pour lui proposer de revenir en pr\u00eat. Pour rappel, le nig\u00e9rian a rejoint le promu cet \u00e9t\u00e9 en provenance du\u2026 FC Nantes.\u00a0\u00bb<\/p>\n<p>Le FC Nantes tente le coup Moses Simon !\u00a0<\/p>\n<p>L\u2019information, aussi folle soit-elle, illustre parfaitement l\u2019\u00e9tat d\u2019urgence qui r\u00e8gne \u00e0 la Joneli\u00e8re. Incapables de trouver des solutions offensives durables, plomb\u00e9s par des choix de recrutement discutables et une instabilit\u00e9 chronique, les Canaris regardent d\u00e9sormais dans le r\u00e9troviseur. Et quoi de plus rassurant, dans un contexte anxiog\u00e8ne, que de rappeler un joueur qui a marqu\u00e9 le club par sa vitesse, sa percussion et son impact imm\u00e9diat sur le jeu ? \u00c0 30 ans, Simon conna\u00eet parfaitement le <a href=\"https:\/\/www.butfootballclub.fr\/1634911-stade-rennais-mercato-la-priorite-de-lhiver-est-connue-cest-le-dernier-bourreau-du-fc-nantes\/\" target=\"_blank\" rel=\"noopener\">FC Nantes<\/a>. Il sait ce que repr\u00e9sente la Beaujoire, la pression du maintien et l\u2019exigence d\u2019un public parfois dur mais profond\u00e9ment attach\u00e9 \u00e0 ses joueurs. Son d\u00e9part l\u2019\u00e9t\u00e9 dernier avait laiss\u00e9 un vide \u00e9vident dans l\u2019animation offensive nantaise.\u00a0<\/p>\n<p>Le Nig\u00e9rian pas tr\u00e8s chaud pour revenir au FCN<\/p>\n<p>Depuis, le <a href=\"https:\/\/www.butfootballclub.fr\/1634835-asse-luis-castro-ex-fc-nantes-on-prend-ou-pas\/\" target=\"_blank\" rel=\"noopener\">FC Nantes<\/a> peine \u00e0 cr\u00e9er le danger, \u00e0 \u00e9liminer et \u00e0 faire reculer les blocs adverses. Autant de qualit\u00e9s incarn\u00e9es par l\u2019international nig\u00e9rian. Reste un obstacle de taille : la volont\u00e9 du joueur. Selon la m\u00eame source,\u00a0 Simon ne serait pas particuli\u00e8rement emball\u00e9 \u00e0 l\u2019id\u00e9e d\u2019un retour imm\u00e9diat. Install\u00e9 au Paris FC, o\u00f9 il dispose d\u2019un r\u00f4le central et d\u2019un projet plus lisible, l\u2019ailier observe avec prudence la situation nantaise. Revenir dans un club en crise, sans garanties sportives claires, pose forc\u00e9ment question : plus qu\u2019un simple renfort, Simon repr\u00e9senterait un symbole fort, celui d\u2019un FC Nantes qui tente de se raccrocher \u00e0 ce qui a d\u00e9j\u00e0 fonctionn\u00e9 pour \u00e9viter le naufrage.<\/p>\n<blockquote class=\"instagram-media\" data-instgrm-captioned=\"\" data-instgrm-permalink=\"https:\/\/www.instagram.com\/p\/DSGCFSyCEHH\/?utm_source=ig_embed&amp;utm_campaign=loading\" data-instgrm-version=\"14\" style=\" background:#FFF; border:0; border-radius:3px; box-shadow:0 0 1px 0 rgba(0,0,0,0.5),0 1px 10px 0 rgba(0,0,0,0.15); margin: 1px; max-width:540px; min-width:326px; padding:0; width:99.375%; width:-webkit-calc(100% - 2px); width:calc(100% - 2px);\"\/><p><script async src=\"\/\/www.instagram.com\/embed.js\"><\/script><\/p>\n","protected":false},"excerpt":{"rendered":"En grande difficult\u00e9 sportive et plong\u00e9 dans une v\u00e9ritable zone de turbulences, le FC Nantes envisage un retour&hellip;\n","protected":false},"author":2,"featured_media":603144,"comment_status":"","ping_status":"","sticky":false,"template":"","format":"standard","meta":{"footnotes":""},"categories":[2818],"tags":[1111,11,1777,674,1011,27,766,12,2636,25],"class_list":{"0":"post-603143","1":"post","2":"type-post","3":"status-publish","4":"format-standard","5":"has-post-thumbnail","7":"category-nantes","8":"tag-actu","9":"tag-actualites","10":"tag-eu","11":"tag-europe","12":"tag-fr","13":"tag-france","14":"tag-nantes","15":"tag-news","16":"tag-pays-de-la-loire","17":"tag-republique-francaise"},"share_on_mastodon":{"url":"https:\/\/pubeurope.com\/@fr\/115729681868233095","error":""},"_links":{"self":[{"href":"https:\/\/www.europesays.com\/fr\/wp-json\/wp\/v2\/posts\/603143","targetHints":{"allow":["GET"]}}],"collection":[{"href":"https:\/\/www.europesays.com\/fr\/wp-json\/wp\/v2\/posts"}],"about":[{"href":"https:\/\/www.europesays.com\/fr\/wp-json\/wp\/v2\/types\/post"}],"author":[{"embeddable":true,"href":"https:\/\/www.europesays.com\/fr\/wp-json\/wp\/v2\/users\/2"}],"replies":[{"embeddable":true,"href":"https:\/\/www.europesays.com\/fr\/wp-json\/wp\/v2\/comments?post=603143"}],"version-history":[{"count":0,"href":"https:\/\/www.europesays.com\/fr\/wp-json\/wp\/v2\/posts\/603143\/revisions"}],"wp:featuredmedia":[{"embeddable":true,"href":"https:\/\/www.europesays.com\/fr\/wp-json\/wp\/v2\/media\/603144"}],"wp:attachment":[{"href":"https:\/\/www.europesays.com\/fr\/wp-json\/wp\/v2\/media?parent=603143"}],"wp:term":[{"taxonomy":"category","embeddable":true,"href":"https:\/\/www.europesays.com\/fr\/wp-json\/wp\/v2\/categories?post=603143"},{"taxonomy":"post_tag","embeddable":true,"href":"https:\/\/www.europesays.com\/fr\/wp-json\/wp\/v2\/tags?post=603143"}],"curies":[{"name":"wp","href":"https:\/\/api.w.org\/{rel}","templated":true}]}}