{"id":603165,"date":"2025-12-16T14:30:32","date_gmt":"2025-12-16T14:30:32","guid":{"rendered":"https:\/\/www.europesays.com\/fr\/603165\/"},"modified":"2025-12-16T14:30:32","modified_gmt":"2025-12-16T14:30:32","slug":"qui-sont-ces-deux-freres-qui-representeront-les-yvelines","status":"publish","type":"post","link":"https:\/\/www.europesays.com\/fr\/603165\/","title":{"rendered":"qui sont ces deux fr\u00e8res qui repr\u00e9senteront les Yvelines\u00a0?"},"content":{"rendered":"<p>                    Par<br \/>\n        <strong><br \/>\n            <a href=\"https:\/\/actu.fr\/auteur\/julie-eslan-actu-fr\" title=\"Consulter tous les articles de Julie Eslan\" target=\"_blank\" rel=\"noopener\">Julie Eslan<\/a><br \/>\n                    <\/strong><\/p>\n<p>        Publi\u00e9 le<\/p>\n<p>            16 d\u00e9c. 2025 \u00e0 14h16        <\/p>\n<p>Pour la treizi\u00e8me fois, l\u2019\u00e9quipe de <a href=\"https:\/\/www.m6.fr\/la-meilleure-boulangerie-de-france-p_2944\" target=\"_blank\" rel=\"noopener\">La Meilleure boulangerie de France<\/a> sillonne le pays \u00e0 la recherche de la cr\u00e8me des<b>\u00a0artisans<\/b>. Lundi 15\u00a0d\u00e9cembre 2025, Bruno Cormerais et No\u00e9mie Honiat se sont rendus dans deux boulangeries des Yvelines\u2009: <a href=\"https:\/\/actu.fr\/ile-de-france\/mere_78389\/cette-boulangerie-des-yvelines-pretend-au-titre-de-meilleure-boulangerie-de-france_63571642.html\" target=\"_blank\" rel=\"noopener\">Gareopains<\/a> \u00e0 <a href=\"https:\/\/actu.fr\/ile-de-france\/mere_78389\" target=\"_blank\" rel=\"noopener\">M\u00e9r\u00e9<\/a> et Les deux fr\u00e8res \u00e0 <a href=\"https:\/\/actu.fr\/ile-de-france\/saint-germain-en-laye_78551\" target=\"_blank\" rel=\"noopener\">Saint-Germain-en-Laye<\/a>.<\/p>\n<p class=\" wall-content\">Ce sont <b>Axel et Donatien<\/b>, responsables de la boutique Saint-germanoise qui ont remport\u00e9 ce premier match.<\/p>\n<blockquote class=\"ac-article-quote wall-content\">\n<p>\u00ab\u2009On est tr\u00e8s fiers. C\u2019\u00e9tait assez intimidant d\u2019\u00eatre devant des chefs et devant des cameras mais cela prouve qu\u2019on fait du bon travail avec mon fr\u00e8re. Et cela met de la lumi\u00e8re sur notre boulangerie.\u2009\u00bb<\/p>\n<p>Axel, boulanger<\/p><\/blockquote>\n<blockquote class=\"instagram-media wall-content\" data-instgrm-captioned=\"\" data-instgrm-permalink=\"https:\/\/www.instagram.com\/reel\/DQywN-CDRW5\/?utm_source=ig_embed&amp;utm_campaign=loading\" data-instgrm-version=\"14\" style=\"background: #FFF; border: 0; border-radius: 3px; box-shadow: 0 0 1px 0 rgba(0,0,0,0.5),0 1px 10px 0 rgba(0,0,0,0.15); margin: 1px; max-width: 540px; min-width: 326px; padding: 0; width: calc(100% - 2px);\">\n<\/blockquote>\n<p>3 \u00e9preuves remport\u00e9es haut la main<\/p>\n<p class=\" wall-content\">Lors de la premi\u00e8re \u00e9preuve, consacr\u00e9e \u00e0 l\u2019impression g\u00e9n\u00e9rale, la boulangerie de M\u00e9r\u00e9 obtient 8,5\/10.<\/p>\n<p class=\" wall-content\">Les deux fr\u00e8res ont s\u00e9duit le jury avec leur <b>tarte \u00e0 la cr\u00e8me br\u00fbl\u00e9e<\/b>, salu\u00e9e par No\u00e9mie Honiat. \u00ab\u2009Je n\u2019ai jamais vu \u00e7a en boulangerie\u2009\u00bb, d\u00e9clare-t-elle. Ils obtiennent la note de 9,5\/10.<\/p>\n<p class=\" wall-content\">Pour l\u2019\u00e9preuve du produit f\u00e9tiche, Axel et Donatien ont pr\u00e9sent\u00e9 leur Feuill\u2019\u00e9t\u00e9, un sandwich \u00e0 base de p\u00e2te \u00e0 croissant feuillet\u00e9e, garni notamment de jambon de Parme, de melon, de cr\u00e8me feta et une vinaigrette au porto. Malgr\u00e9 une d\u00e9gustation jug\u00e9e l\u00e9g\u00e8rement d\u00e9licate, les jur\u00e9s ont salu\u00e9 son \u00ab\u2009audace\u2009\u00bb et <b>sa \u00ab\u2009fra\u00eecheur\u2009\u00bb<\/b> et lui attribuent la note de 9\/10. Ce snack est vendu \u00e0 6,50\u00a0\u20ac en boutique. Pour l\u2019hiver, il a \u00e9t\u00e9 revisit\u00e9 avec des produits de saison.<\/p>\n<blockquote class=\"ac-article-quote wall-content\">\n<p>\u00ab\u2009On a remplac\u00e9 le melon par des noix qui se marient tr\u00e8s bien avec la feta.\u2009\u00bb<\/p>\n<p>Axel<\/p><\/blockquote>\n<p>Votre r\u00e9gion, votre actu !<\/p>\n<p>Recevez chaque jour les infos qui comptent pour vous.<\/p>\n<p>\t<a href=\"https:\/\/actu.fr\/newsletter\" class=\"ac-btn ac-btn--corner ac-btn--medium ac-btn--blue800\" target=\"_blank\" rel=\"noopener\">S&rsquo;incrire<\/a><\/p>\n<p class=\" wall-content\">Le concurrent m\u00e9r\u00e9en a, quant \u00e0 lui, obtenu <b>9,5\/10<\/b>.<\/p>\n<p class=\" wall-content\">Place ensuite \u00e0 l\u2019\u00e9preuve du pain f\u00e9tiche. Les fr\u00e8res ont pr\u00e9sent\u00e9 leur <b>tourte de seigle au thym<\/b>. R\u00e9sultat\u2009: 9,5\/10. Le pain au curcuma, curry noir et graines de courge du boulanger de M\u00e9r\u00e9 a obtenu la note de 9\/10.<\/p>\n<p>L\u2019\u00e9preuve du jury<\/p>\n<p class=\" wall-content\">Enfin, pour l\u2019\u00e9preuve du jury, les candidats avaient <b>trois produits impos\u00e9s<\/b>\u2009: la courgette, les pickles de graines de moutarde et de la farine de Khorasan. La tarte Khorasan du jardin d\u2019Axel et Donatien, avec des pickles de graines de moutarde r\u00f4tis, un velout\u00e9 de courgette et ricotta, une touche de fromage de ch\u00e8vre et de jambon, a fait la diff\u00e9rence.<\/p>\n<p class=\" wall-content\">Avec la moyenne de 9,3\/10, ils remportent cette premi\u00e8re \u00e9tape et repr\u00e9senteront <b>l\u2019ouest de l\u2019\u00eele de France<\/b> lors de la d\u00e9lib\u00e9ration finale.<\/p>\n<p>Une histoire fraternelle<\/p>\n<p class=\" wall-content\">Les deux fr\u00e8res sont d\u2019autant plus fiers de leur victoire qu\u2019il s\u2019agit de leur <b>premi\u00e8re boulangerie<\/b>, ouverte seulement depuis le 1er\u00a0janvier 2024. Axel, le plus jeune fr\u00e8re, a commenc\u00e9 sa formation d\u00e8s l\u2019\u00e2ge de 15\u00a0ans. Son fr\u00e8re Donatien, en revanche, a eu un parcours plus sinueux.<\/p>\n<blockquote class=\"ac-article-quote wall-content\">\n<p>\u00ab\u2009J\u2019ai \u00e9t\u00e9 poissonnier, m\u00e9canicien poids lourd, j\u2019ai gard\u00e9 des enfants\u2026 Je suis rest\u00e9 \u00e0 peu pr\u00e8s deux ans dans chaque m\u00e9tier.\u2009\u00bb<\/p>\n<p>Donatien<\/p><\/blockquote>\n<p class=\" wall-content\">C\u2019est \u00e0 25\u00a0ans qu\u2019il d\u00e9cide de se former dans la p\u00e2tisserie. \u00ab\u2009Je ne me suis pas tourn\u00e9 vers la boulangerie parce que je savais que mon fr\u00e8re ma\u00eetrisait cela et que cela nous permettrait <b>d\u2019\u00eatre compl\u00e9mentaires<\/b>\u2009\u00bb, conclut-il.<\/p>\n<p class=\" wall-content\">Personnalisez votre actualit\u00e9 en ajoutant vos villes et m\u00e9dias en favori avec <a href=\"https:\/\/moncompte.actu.fr\" title=\"D\u00e9couvez Mon Actu\" rel=\"nofollow noopener\" data-trk=\"{&quot;cta&quot;:{&quot;action&quot;:&quot;https:\\\/\\\/moncompte.actu.fr&quot;,&quot;category&quot;:&quot;mon compte&quot;,&quot;from&quot;:&quot;article footer&quot;,&quot;name&quot;:&quot;Mon actu&quot;,&quot;type&quot;:&quot;cta&quot;}}\" target=\"_blank\">Mon Actu<\/a>.<\/p>\n<p>                    <script async src=\"\/\/www.instagram.com\/embed.js\"><\/script><\/p>\n","protected":false},"excerpt":{"rendered":"Par Julie Eslan Publi\u00e9 le 16 d\u00e9c. 2025 \u00e0 14h16 Pour la treizi\u00e8me fois, l\u2019\u00e9quipe de La Meilleure&hellip;\n","protected":false},"author":2,"featured_media":603166,"comment_status":"","ping_status":"","sticky":false,"template":"","format":"standard","meta":{"footnotes":""},"categories":[1592],"tags":[1111,11,215,1777,674,1011,27,662,12,626,25,104,252],"class_list":{"0":"post-603165","1":"post","2":"type-post","3":"status-publish","4":"format-standard","5":"has-post-thumbnail","7":"category-ile-de-france","8":"tag-actu","9":"tag-actualites","10":"tag-commerce","11":"tag-eu","12":"tag-europe","13":"tag-fr","14":"tag-france","15":"tag-ile-de-france","16":"tag-news","17":"tag-paris","18":"tag-republique-francaise","19":"tag-societe","20":"tag-television"},"share_on_mastodon":{"url":"https:\/\/pubeurope.com\/@fr\/115729729162325890","error":""},"_links":{"self":[{"href":"https:\/\/www.europesays.com\/fr\/wp-json\/wp\/v2\/posts\/603165","targetHints":{"allow":["GET"]}}],"collection":[{"href":"https:\/\/www.europesays.com\/fr\/wp-json\/wp\/v2\/posts"}],"about":[{"href":"https:\/\/www.europesays.com\/fr\/wp-json\/wp\/v2\/types\/post"}],"author":[{"embeddable":true,"href":"https:\/\/www.europesays.com\/fr\/wp-json\/wp\/v2\/users\/2"}],"replies":[{"embeddable":true,"href":"https:\/\/www.europesays.com\/fr\/wp-json\/wp\/v2\/comments?post=603165"}],"version-history":[{"count":0,"href":"https:\/\/www.europesays.com\/fr\/wp-json\/wp\/v2\/posts\/603165\/revisions"}],"wp:featuredmedia":[{"embeddable":true,"href":"https:\/\/www.europesays.com\/fr\/wp-json\/wp\/v2\/media\/603166"}],"wp:attachment":[{"href":"https:\/\/www.europesays.com\/fr\/wp-json\/wp\/v2\/media?parent=603165"}],"wp:term":[{"taxonomy":"category","embeddable":true,"href":"https:\/\/www.europesays.com\/fr\/wp-json\/wp\/v2\/categories?post=603165"},{"taxonomy":"post_tag","embeddable":true,"href":"https:\/\/www.europesays.com\/fr\/wp-json\/wp\/v2\/tags?post=603165"}],"curies":[{"name":"wp","href":"https:\/\/api.w.org\/{rel}","templated":true}]}}