{"id":603169,"date":"2025-12-16T14:32:14","date_gmt":"2025-12-16T14:32:14","guid":{"rendered":"https:\/\/www.europesays.com\/fr\/603169\/"},"modified":"2025-12-16T14:32:14","modified_gmt":"2025-12-16T14:32:14","slug":"on-se-detend-pas-mieux-que-le-braquage-du-louvre-nouvel-echange-tendu-entre-anne-hidalgo-et-rachida-dati-au-conseil-de-paris","status":"publish","type":"post","link":"https:\/\/www.europesays.com\/fr\/603169\/","title":{"rendered":"\u00ab\u00a0On se d\u00e9tend\u00a0\u00bb, \u00ab\u00a0pas mieux que le braquage du Louvre\u00a0\u00bb: nouvel \u00e9change tendu entre Anne Hidalgo et Rachida Dati au Conseil de Paris"},"content":{"rendered":"<p class=\"mb-4 text-lg md:leading-8 break-words\">L&rsquo;ambiance est toujours aussi <a href=\"https:\/\/www.bfmtv.com\/politique\/elections\/municipales\/video-de-quoi-avez-vous-peur-mme-dati-nouvelle-passe-d-armes-entre-anne-hidalgo-et-rachida-dati-au-conseil-de-paris_VN-202511180773.html\" rel=\"nofollow noopener\" target=\"_blank\" data-ylk=\"slk:\u00e9lectrique lors des conseils municipaux de la mairie de Paris;elm:context_link;itc:0;sec:content-canvas\" class=\"link \">\u00e9lectrique lors des conseils municipaux de la mairie de Paris<\/a>. \u00c0 quelques mois de l&rsquo;\u00e9lection municipale 2026, les \u00e9lus parisiens se rassemblent pour discuter du dernier budget avant l&rsquo;\u00e9ch\u00e9ance \u00e9lectorale.<\/p>\n<p class=\"mb-4 text-lg md:leading-8 break-words\">Anne Hidalgo d\u00e9fend son bilan \u00e0 la t\u00eate de la ville, avant de passer la main, tandis que son opposante principale <a href=\"https:\/\/fr.news.yahoo.com\/municipales-%C3%A0-paris-gauche-unie-054955918.html\" data-ylk=\"slk:Rachida Dati lance d\u00e9finitivement sa campagne;elm:context_link;itc:0;sec:content-canvas;outcm:mb_qualified_link;_E:mb_qualified_link;ct:story;\" class=\"link  yahoo-link\" target=\"_blank\" rel=\"noopener\">Rachida Dati lance d\u00e9finitivement sa campagne<\/a>. R\u00e9sultat: la s\u00e9ance de ce mardi 16 d\u00e9cembre a rapidement tourn\u00e9 \u00e0 la joute verbale entre les deux r\u00e9sponsables politiques.<\/p>\n<p class=\"mb-4 text-lg md:leading-8 break-words\">Lors de sa prise de parole au nom du groupe Changer Paris, la candidate LR a allum\u00e9 la premi\u00e8re m\u00e8che en \u00e9grenant les r\u00e9sultats financiers de la maire socialiste. Elle affirme notamment que la dette de la Ville \u00ab\u00a0atteindra 12 milliards d&rsquo;euros en 2026\u00a0\u00bb, d\u00e9non\u00e7ant \u00ab\u00a0le braquage budg\u00e9taire que sont les loyers capitalis\u00e9s\u00a0\u00bb.<\/p>\n<p class=\"mb-4 text-lg md:leading-8 break-words\">Anne Hidalgo n&rsquo;a pas attendu pour r\u00e9agir, pointant \u00e0 son tour le bilan de la ministre de la Culture et lan\u00e7ant: <a href=\"https:\/\/fr.news.yahoo.com\/cambriolage-spectaculaire-inondations-gr%C3%A8ve-r%C3%A9cit-045400179.html\" data-ylk=\"slk:&quot;Pas mieux que le braquage du Louvre, hein!&quot;;elm:context_link;itc:0;sec:content-canvas;outcm:mb_qualified_link;_E:mb_qualified_link;ct:story;\" class=\"link  yahoo-link\" target=\"_blank\" rel=\"noopener\">\u00ab\u00a0Pas mieux que le braquage du Louvre, hein!\u00a0\u00bb<\/a><\/p>\n<p>Une histoire d&rsquo;argent<\/p>\n<p class=\"mb-4 text-lg md:leading-8 break-words\">Le duel officiellement lanc\u00e9 dans l&rsquo;H\u00f4tel de Ville. Les deux \u00e9lues ont commenc\u00e9 \u00e0 se lancer des piques pendant de longues minutes. D&rsquo;un c\u00f4t\u00e9, la maire du VIIe arrondissement \u00e9voque le \u00ab\u00a0train de vie d\u00e9mesur\u00e9\u00a0\u00bb d&rsquo;Anne Hidalgo, qui \u00ab\u00a0ponctionne les Parisiens\u00a0\u00bb. De l&rsquo;autre, la maire en poste depuis 2014 fait r\u00e9f\u00e9rence aux affaires judiciaires de son homologue, ass\u00e9nant \u00e0 plusieurs reprises la date de son proc\u00e8s pour \u00ab\u00a0corruption\u00a0\u00bb et \u00ab\u00a0trafic d&rsquo;influence\u00a0\u00bb: \u00ab\u00a0<a href=\"https:\/\/fr.news.yahoo.com\/affaire-renault-nissan-proc%C3%A8s-rachida-132606955.html\" data-ylk=\"slk:au tribunal, le 16 septembre 2026. Au tribunal, le 16 septembre 2026!;elm:context_link;itc:0;sec:content-canvas;outcm:mb_qualified_link;_E:mb_qualified_link;ct:story;\" class=\"link  yahoo-link\" target=\"_blank\" rel=\"noopener\">au tribunal, le 16 septembre 2026. Au tribunal, le 16 septembre 2026!<\/a>\u00ab\u00a0<\/p>\n<p class=\"mb-4 text-lg md:leading-8 break-words\">\u00ab\u00a0Je n\u2019ai jamais utilis\u00e9 d\u2019argent public contrairement \u00e0 vous\u00a0\u00bb, r\u00e9torque alors Rachida Dati. \u00ab\u00a0Vous devrez vous expliquer sur les notes de frais et d\u00e9penses personnelles qu&rsquo;ont pay\u00e9s les Parisiens pour vous et notamment votre campagne rat\u00e9e pour l&rsquo;ONU.\u00a0\u00bb La membre du Parti socialiste a en effet \u00e9t\u00e9 recal\u00e9e pour prendre <a href=\"https:\/\/fr.news.yahoo.com\/lex-pr%C3%A9sident-irakien-barham-saleh-123641117.html\" data-ylk=\"slk:la t\u00eate du Haut Commissariat des Nations unies pour les r\u00e9fugi\u00e9s, le 12 d\u00e9cembre 2025;elm:context_link;itc:0;sec:content-canvas;outcm:mb_qualified_link;_E:mb_qualified_link;ct:story;\" class=\"link  yahoo-link\" target=\"_blank\" rel=\"noopener\">la t\u00eate du Haut Commissariat des Nations unies pour les r\u00e9fugi\u00e9s, le 12 d\u00e9cembre 2025<\/a>, au profit de l&rsquo;ancien pr\u00e9sident irakien Barham Saleh.<\/p>\n<p class=\"mb-4 text-lg md:leading-8 break-words\">\u00ab\u00a0Madame la maire, cessez d&rsquo;\u00eatre dans la haine et l&rsquo;amertume&#8230; On se d\u00e9tend\u00a0\u00bb, ajoute Rachida Dati avec un grand sourire.<\/p>\n<p class=\"mb-4 text-lg md:leading-8 break-words\">\u00ab\u00a0Vous savez, je me soucie beaucoup plus de votre avenir que du mien\u00a0\u00bb, termine la maire de Paris. \u00ab\u00a0En tout cas, souciez-vous de votre avenir plus que du mien. Au moins, je n&rsquo;ai pas un proc\u00e8s en cours pour corruption.\u00a0\u00bb<\/p>\n<p class=\"mb-4 text-lg md:leading-8 break-words\">Apr\u00e8s cette s\u00e9quence agit\u00e9e, la s\u00e9ance a finalement repris son cours. \u00ab\u00a0Le spectacle est un peu navrant\u00a0\u00bb, a l\u00e2ch\u00e9 dans la foul\u00e9e Fatoumata Kon\u00e9, conseill\u00e8re de Paris dans le 19e arrondissement. Le Conseil de Paris doit se poursuivre jusqu&rsquo;au vendredi 19 d\u00e9cembre 2025.<\/p>\n<p class=\"mb-4 text-lg md:leading-8 break-words\"><a href=\"https:\/\/www.bfmtv.com\/politique\/elections\/municipales\/on-se-detend-pas-mieux-que-le-braquage-du-louvre-nouvel-echange-tendu-entre-anne-hidalgo-et-rachida-dati-au-conseil-de-paris_AV-202512160643.html#xtor=AL-68\" rel=\"nofollow noopener\" target=\"_blank\" data-ylk=\"slk:Article original publi\u00e9 sur BFMTV.com;elm:context_link;itc:0;sec:content-canvas\" class=\"link \">Article original publi\u00e9 sur BFMTV.com<\/a><\/p>\n","protected":false},"excerpt":{"rendered":"L&rsquo;ambiance est toujours aussi \u00e9lectrique lors des conseils municipaux de la mairie de Paris. \u00c0 quelques mois de&hellip;\n","protected":false},"author":2,"featured_media":603170,"comment_status":"","ping_status":"","sticky":false,"template":"","format":"standard","meta":{"footnotes":""},"categories":[1888],"tags":[1111,1928,11,1927,2618,1777,674,1011,27,203,12258,2381,2616,12,1926,626,1925,417,25],"class_list":{"0":"post-603169","1":"post","2":"type-post","3":"status-publish","4":"format-standard","5":"has-post-thumbnail","7":"category-paris","8":"tag-actu","9":"tag-actu-paris","10":"tag-actualites","11":"tag-actualites-paris","12":"tag-anne-hidalgo","13":"tag-eu","14":"tag-europe","15":"tag-fr","16":"tag-france","17":"tag-la-tete","18":"tag-maire-de-paris","19":"tag-mairie-de-paris","20":"tag-ministre-de-la-culture","21":"tag-news","22":"tag-news-paris","23":"tag-paris","24":"tag-paris-news","25":"tag-rachida-dati","26":"tag-republique-francaise"},"share_on_mastodon":{"url":"https:\/\/pubeurope.com\/@fr\/115729737181501231","error":""},"_links":{"self":[{"href":"https:\/\/www.europesays.com\/fr\/wp-json\/wp\/v2\/posts\/603169","targetHints":{"allow":["GET"]}}],"collection":[{"href":"https:\/\/www.europesays.com\/fr\/wp-json\/wp\/v2\/posts"}],"about":[{"href":"https:\/\/www.europesays.com\/fr\/wp-json\/wp\/v2\/types\/post"}],"author":[{"embeddable":true,"href":"https:\/\/www.europesays.com\/fr\/wp-json\/wp\/v2\/users\/2"}],"replies":[{"embeddable":true,"href":"https:\/\/www.europesays.com\/fr\/wp-json\/wp\/v2\/comments?post=603169"}],"version-history":[{"count":0,"href":"https:\/\/www.europesays.com\/fr\/wp-json\/wp\/v2\/posts\/603169\/revisions"}],"wp:featuredmedia":[{"embeddable":true,"href":"https:\/\/www.europesays.com\/fr\/wp-json\/wp\/v2\/media\/603170"}],"wp:attachment":[{"href":"https:\/\/www.europesays.com\/fr\/wp-json\/wp\/v2\/media?parent=603169"}],"wp:term":[{"taxonomy":"category","embeddable":true,"href":"https:\/\/www.europesays.com\/fr\/wp-json\/wp\/v2\/categories?post=603169"},{"taxonomy":"post_tag","embeddable":true,"href":"https:\/\/www.europesays.com\/fr\/wp-json\/wp\/v2\/tags?post=603169"}],"curies":[{"name":"wp","href":"https:\/\/api.w.org\/{rel}","templated":true}]}}