{"id":60317,"date":"2025-04-28T22:20:13","date_gmt":"2025-04-28T22:20:13","guid":{"rendered":"https:\/\/www.europesays.com\/fr\/60317\/"},"modified":"2025-04-28T22:20:13","modified_gmt":"2025-04-28T22:20:13","slug":"une-replique-grandeur-nature-du-telescope-james-webb-a-la-cite-de-lespace-haute-garonne-toulouse","status":"publish","type":"post","link":"https:\/\/www.europesays.com\/fr\/60317\/","title":{"rendered":"Une r\u00e9plique grandeur nature du t\u00e9lescope James Webb \u00e0 la Cit\u00e9 de l&rsquo;espace &#8211; Haute Garonne &#8211; Toulouse"},"content":{"rendered":"<p>                    <img width=\"1067\" height=\"800\" src=\"https:\/\/www.europesays.com\/fr\/wp-content\/uploads\/2025\/04\/IMG_2403.jpg\" class=\"img-fluid landscape wp-post-image\" alt=\"De gauche \u00e0 droite : Jean-Claude Dardelet, Pr\u00e9sident de la Cit\u00e9 de l\u2019espace, Pierre-Olivier Lagage, chef du d\u00e9partement d\u2019astrophysique du CEA et Christophe Chaffardon, responsable des activit\u00e9s \u00e9ducatives \u00e0 la Cit\u00e9 de l\u2019espace effectuent un geste inaugural pour la maquette du t\u00e9lescope James Webb.\" itemprop=\"image\" decoding=\"async\" fetchpriority=\"high\"  \/>                    <\/p>\n<p itemprop=\"name\">\n                                                De gauche \u00e0 droite : Jean-Claude Dardelet, Pr\u00e9sident de la Cit\u00e9 de l\u2019espace, Pierre-Olivier Lagage, chef du d\u00e9partement d\u2019astrophysique du CEA et Christophe Chaffardon, responsable des activit\u00e9s \u00e9ducatives \u00e0 la Cit\u00e9 de l\u2019espace effectuent un geste inaugural pour la maquette du t\u00e9lescope James Webb.<br \/>\n                         Cr\u00e9dits :<br \/>\n                            WD\n                                                <\/p>\n<p><strong>Depuis le 28 avril dernier, la Cit\u00e9 de l\u2019espace \u00e0 Toulouse accueille dans ses jardins une impressionnante maquette \u00e0 l\u2019\u00e9chelle 1:1 des miroirs du t\u00e9lescope spatial James Webb, devenant ainsi un nouveau rep\u00e8re embl\u00e9matique du site. <\/strong>&#13;<br \/>\n&#13;<br \/>\nHaute de 6,5 m\u00e8tres et fid\u00e8le \u00e0 la structure hexagonale compos\u00e9e de 18 segments, cette reproduction monumentale, r\u00e9alis\u00e9e sous la direction du CEA et adapt\u00e9e pour r\u00e9sister aux intemp\u00e9ries, permet au grand public d\u2019appr\u00e9hender concr\u00e8tement l\u2019ampleur et la prouesse technologique de ce t\u00e9lescope r\u00e9volutionnaire. V\u00e9ritable exploit d\u2019ing\u00e9nierie locale, la maquette a mobilis\u00e9 un r\u00e9seau d\u2019entreprises toulousaines pour allier pr\u00e9cision scientifique et finesse artistique, jusqu\u2019au traitement thermo-laqu\u00e9 qui imite le b\u00e9ryllium plaqu\u00e9 or du miroir original.&#13;<br \/>\n&#13;<br \/>\nInstall\u00e9e \u00e0 proximit\u00e9 de la Coupole de l\u2019Astronome, elle s\u2019inscrit dans une d\u00e9marche p\u00e9dagogique globale, compl\u00e9t\u00e9e par des panneaux explicatifs et des dispositifs interactifs pour mieux comprendre les missions et les d\u00e9couvertes du James Webb, capable d\u2019explorer l\u2019Univers en infrarouge et de remonter jusqu\u2019aux origines des galaxies et des \u00e9toiles. Pierre-Olivier Lagage, directeur de recherche au D\u00e9partement d&rsquo;astrophysique du CEA, renseigne : \u00ab\u00a0Il y a 4 instruments juste derri\u00e8re le t\u00e9lescope, la lumi\u00e8re du cosmos arrive sur le miroir et r\u00e9fl\u00e9chit sur le miroir secondaire puis les outils d\u2019analyse captent la lumi\u00e8re puis la d\u00e9composent pour faire des spectres, des images, etc. Le tout est en infrarouge, c\u2019est pour \u00e7a que \u00e7a doit \u00eatre tr\u00e8s froid.\u00a0\u00bb&#13;<br \/>\n&#13;<br \/>\nCette initiative s\u2019accompagne d\u2019une programmation enrichie, notamment la projection du film IMAX \u00ab\u00a0Deep Sky\u00a0\u00bb, offrant une immersion totale dans l\u2019aventure scientifique et humaine de ce t\u00e9lescope hors norme, symbole de la collaboration internationale et du savoir-faire r\u00e9gional en mati\u00e8re de m\u00e9diation scientifique.<\/p>\n<p>                Cet article est r\u00e9serv\u00e9 aux abonn\u00e9s.<\/p>\n<p class=\"signature\" itemscope=\"\" itemprop=\"Author\" itemtype=\"http:\/\/schema.org\/Person\">\n                WD\n            <\/p>\n","protected":false},"excerpt":{"rendered":"De gauche \u00e0 droite : Jean-Claude Dardelet, Pr\u00e9sident de la Cit\u00e9 de l\u2019espace, Pierre-Olivier Lagage, chef du d\u00e9partement&hellip;\n","protected":false},"author":2,"featured_media":60318,"comment_status":"","ping_status":"","sticky":false,"template":"","format":"standard","meta":{"footnotes":""},"categories":[2816],"tags":[1111,11,1777,674,1011,27,12,2680,301,25,2312],"class_list":{"0":"post-60317","1":"post","2":"type-post","3":"status-publish","4":"format-standard","5":"has-post-thumbnail","7":"category-toulouse","8":"tag-actu","9":"tag-actualites","10":"tag-eu","11":"tag-europe","12":"tag-fr","13":"tag-france","14":"tag-news","15":"tag-occitanie","16":"tag-premium","17":"tag-republique-francaise","18":"tag-toulouse"},"share_on_mastodon":{"url":"https:\/\/pubeurope.com\/@fr\/114417921195231322","error":""},"_links":{"self":[{"href":"https:\/\/www.europesays.com\/fr\/wp-json\/wp\/v2\/posts\/60317","targetHints":{"allow":["GET"]}}],"collection":[{"href":"https:\/\/www.europesays.com\/fr\/wp-json\/wp\/v2\/posts"}],"about":[{"href":"https:\/\/www.europesays.com\/fr\/wp-json\/wp\/v2\/types\/post"}],"author":[{"embeddable":true,"href":"https:\/\/www.europesays.com\/fr\/wp-json\/wp\/v2\/users\/2"}],"replies":[{"embeddable":true,"href":"https:\/\/www.europesays.com\/fr\/wp-json\/wp\/v2\/comments?post=60317"}],"version-history":[{"count":0,"href":"https:\/\/www.europesays.com\/fr\/wp-json\/wp\/v2\/posts\/60317\/revisions"}],"wp:featuredmedia":[{"embeddable":true,"href":"https:\/\/www.europesays.com\/fr\/wp-json\/wp\/v2\/media\/60318"}],"wp:attachment":[{"href":"https:\/\/www.europesays.com\/fr\/wp-json\/wp\/v2\/media?parent=60317"}],"wp:term":[{"taxonomy":"category","embeddable":true,"href":"https:\/\/www.europesays.com\/fr\/wp-json\/wp\/v2\/categories?post=60317"},{"taxonomy":"post_tag","embeddable":true,"href":"https:\/\/www.europesays.com\/fr\/wp-json\/wp\/v2\/tags?post=60317"}],"curies":[{"name":"wp","href":"https:\/\/api.w.org\/{rel}","templated":true}]}}