{"id":603171,"date":"2025-12-16T14:33:12","date_gmt":"2025-12-16T14:33:12","guid":{"rendered":"https:\/\/www.europesays.com\/fr\/603171\/"},"modified":"2025-12-16T14:33:12","modified_gmt":"2025-12-16T14:33:12","slug":"ca-paraissait-utopique-le-cinema-la-clef-rachete-et-renove-grace-aux-benevoles-va-rouvrir-a-paris","status":"publish","type":"post","link":"https:\/\/www.europesays.com\/fr\/603171\/","title":{"rendered":"\u00ab\u00a0\u00c7a paraissait utopique\u00a0\u00bb\u00a0: le cin\u00e9ma La Clef, rachet\u00e9 et r\u00e9nov\u00e9 gr\u00e2ce aux b\u00e9n\u00e9voles, va rouvrir \u00e0 Paris"},"content":{"rendered":"<p class=\"paragraph text_align_left lp-f-body-02\">C\u2019est comme le dernier plan d\u2019un long-m\u00e9trage \u00e0 suspense. Celui-ci aura tenu en haleine cin\u00e9philes et riverains pendant huit ans. C\u2019est d\u00e9sormais officiel, le <a href=\"https:\/\/www.leparisien.fr\/paris-75\/paris-le-cinema-independant-la-clef-menace-de-fermeture-obtient-un-sursis-sur-le-fil-27-10-2023-YTR66DX4VNCUVJ3LHZCSPWNQTM.php\" target=\"_blank\" rel=\"noreferrer noopener\">cin\u00e9ma La Clef<\/a> (Ve) rouvrira ses portes le 14 janvier 2026, a annonc\u00e9 ce mardi le collectif La Clef Revival, par la voix de plusieurs de ses membres : Claire-Emmanuelle, Albane, Chlo\u00e9 et Simon.<\/p>\n<p class=\"\">Cette nouvelle, d\u00e9nouement d\u2019une saga \u00e0 rebondissements n\u00e9e de <a href=\"https:\/\/www.leparisien.fr\/paris-75\/paris-le-cinema-met-la-clef-sous-le-paillasson-15-04-2018-7665753.php\" target=\"_blank\" rel=\"noreferrer noopener\">la fermeture de la salle en 2018<\/a>, devrait r\u00e9jouir les habitants du Quartier Latin et les amateurs de la grande lucarne, attach\u00e9s \u00e0 ce cin\u00e9ma d\u2019art et d\u2019essai, \u00ab ind\u00e9pendant, autog\u00e9r\u00e9, associatif et solidaire \u00bb, fond\u00e9 en 1973.<\/p>\n<p>Occupation citoyenne<\/p>\n<p class=\"\">\u00ab C\u2019est l\u2019aboutissement de longues ann\u00e9es de mobilisation \u00bb, se f\u00e9licitent les membres du collectif \u00e9paul\u00e9 par pr\u00e8s de 200 b\u00e9n\u00e9voles qui \u0153uvrent \u00e0 la survie de l\u2019\u00e9tablissement parisien de la rue Daubenton.<\/p>\n<p class=\"\">Le chemin jusqu\u2019\u00e0 cette r\u00e9ouverture aura \u00e9t\u00e9 \u00ab long et compliqu\u00e9 \u00bb, remarque Claire-Emmanuelle, l\u2019une des membres du collectif. Tout commence en septembre 2019, quand des dizaines de b\u00e9n\u00e9voles et passionn\u00e9s d\u00e9cident d\u2019occuper le b\u00e2timent de 800 m2, qu\u2019un comit\u00e9 d\u2019entreprise de la Caisse d\u2019\u00e9pargne d\u2019\u00cele-de-France, alors propri\u00e9taire, avait d\u00e9cid\u00e9 de fermer.<\/p>\n<p class=\"\">Jusqu\u2019\u00e0 <a href=\"https:\/\/www.leparisien.fr\/paris-75\/paris-apres-son-evacuation-lavenir-du-cinema-independant-la-clef-plus-incertain-que-jamais-01-03-2022-LQZTASSOCBB23IRDVYL37U7WRI.php\" target=\"_blank\" rel=\"noreferrer noopener\">leur expulsion par les forces de l\u2019ordre en mars 2022<\/a>, pas moins de 1 300 films avaient \u00e9t\u00e9 projet\u00e9s. \u00ab La Clef est un symbole de ces lieux culturels \u00e9trangl\u00e9s par la hausse des loyers \u00bb, souligne Chlo\u00e9, autre membre active du collectif. \u00ab Dans les derni\u00e8res semaines de cette occupation citoyenne, on ouvrait chaque jour de 6 heures du matin jusqu\u2019\u00e0 minuit \u00bb, se souvient \u00e0 son tour Albane.<\/p>\n<p class=\"\">En parall\u00e8le, na\u00eet l\u2019id\u00e9e d\u2019un rachat des lieux, dont le co\u00fbt est d\u2019abord estim\u00e9 \u00e0 4 millions d\u2019euros. \u00ab Ce projet paraissait utopique \u00bb, relate Claire-Emmanuelle. Il s\u2019est finalement concr\u00e9tis\u00e9, par la cr\u00e9ation d\u2019un fonds de dotation &#8211; une structure d\u2019int\u00e9r\u00eat g\u00e9n\u00e9ral &#8211; et une premi\u00e8re collecte de 100 000 euros gr\u00e2ce aux dons du public. \u00ab \u00c7a nous a donn\u00e9 espoir. \u00bb<\/p>\n<p>Tarantino et Scorsese en soutien<\/p>\n<p class=\"\">Apr\u00e8s \u00ab d\u2019importantes n\u00e9gociations \u00bb, le montant d\u2019acquisition est revu \u00e0 la baisse : 2,3 millions d\u2019euros. Au total, 5 000 personnes ont particip\u00e9 \u00e0 la cagnotte, dont quelques \u00ab gros m\u00e9c\u00e8nes \u00bb. Par ailleurs, de grands noms du 7e art avaient apport\u00e9 leur soutien au collectif, parmi lesquels Quentin Tarantino, David Lynch ou encore Martin Scorsese. Ajout\u00e9 \u00e0 cela, un emprunt bancaire de 800 000 euros, la Clef Revival <a href=\"https:\/\/www.leparisien.fr\/paris-75\/autogere-et-independant-a-paris-les-anciens-occupants-du-cinema-la-clef-deviennent-proprietaires-19-06-2024-4FNGHEZDRJFBZPKYOGWZSEG7OE.php\" target=\"_blank\" rel=\"noreferrer noopener\">devient propri\u00e9taire en juin 2024<\/a>.<\/p>\n<p><img decoding=\"async\" class=\"image \" loading=\"lazy\" src=\"https:\/\/www.europesays.com\/fr\/wp-content\/uploads\/2025\/12\/V6XHY7WLGFEKPOTLBJF2M5I6KE.jpg\" alt=\"Paris (Ve), ce 16 d\u00e9cembre 2025. Chlo\u00e9, Albane et Simon font partie des membres actifs du collectif La Clef Revival qui a permis de sauver le cin\u00e9ma ind\u00e9pendant de la rue Daubenton. LP\/Paul Abran\" align=\"\" data-rubrique-principale=\"\" data-article-type=\"\" fetchpriority=\"auto\"\/>Paris (Ve), ce 16 d\u00e9cembre 2025. Chlo\u00e9, Albane et Simon font partie des membres actifs du collectif La Clef Revival qui a permis de sauver le cin\u00e9ma ind\u00e9pendant de la rue Daubenton. LP\/Paul Abran<\/p>\n<p class=\"\">Depuis, les b\u00e9n\u00e9voles ont entrepris d\u2019importants travaux &#8211; estim\u00e9s \u00e0 plus de 600 000 euros et auxquels le CNC, la r\u00e9gion \u00cele-de-France et la mairie de Paris ont particip\u00e9 au financement. \u00ab Nous avons d\u00fb proc\u00e9der \u00e0 des op\u00e9rations de d\u00e9samiantage, de remise aux normes incendie, \u00e9lectricit\u00e9, \u00e0 la mise en accessibilit\u00e9 du site \u00bb, liste Simon.<\/p>\n<p class=\"\">En mars dernier, <a href=\"https:\/\/www.leparisien.fr\/paris-75\/paris-avant-sa-reouverture-en-septembre-le-cinema-la-clef-en-mission-collecte-de-fonds-aux-etats-unis-06-03-2025-O3IARWATZNFXHGV4Y6EKJETOVY.php\" target=\"_blank\" rel=\"noreferrer noopener\">nous d\u00e9couvrions l\u2019avanc\u00e9e du chantier<\/a>. \u00c0 l\u2019\u00e9poque, le collectif devait encore r\u00e9unir 300 000 euros avant l\u2019\u00e9t\u00e9. Une mission qui les avait conduits \u00e0 New York (\u00c9tats-Unis) pour s\u00e9duire de nouveaux m\u00e9c\u00e8nes am\u00e9ricains lors de projections dans plusieurs cin\u00e9mas locaux. En 2024, durant la Mostra de Venise, La Clef Revival avait \u00e9galement re\u00e7u une mention sp\u00e9ciale du prix Carlo Lizzani, d\u00e9cern\u00e9 aux exploitants courageux.<\/p>\n<p>Prix libre et programmation collective<\/p>\n<p class=\"\">Finalement, la commission de s\u00e9curit\u00e9 a donn\u00e9 son feu vert il y a \u00e0 peine deux semaines, autorisant le retour du public. D\u00e9sormais, le cin\u00e9ma compos\u00e9 de deux salles (120 et 65 places) dont les cabines sont \u00e9quip\u00e9es en num\u00e9rique et en 35 mm, pr\u00e9pare sa r\u00e9ouverture tant attendue et planche sur \u00ab une programmation collective \u00bb.<\/p>\n<p class=\"\">Avec des projections qui mettent en lumi\u00e8re \u00ab des auteurs et autrices invisibilis\u00e9s \u00bb, des r\u00e9cits de lutte, engag\u00e9s, des histoires du monde entier, \u00ab des films qui ne figurent pas dans le circuit des cin\u00e9mas commerciaux \u00bb, \u00ab des films de patrimoine, des r\u00e9cents \u00bb, \u00e9num\u00e8rent les diff\u00e9rents membres du collectif.<\/p>\n<p><img decoding=\"async\" class=\"image \" loading=\"lazy\" src=\"https:\/\/www.europesays.com\/fr\/wp-content\/uploads\/2025\/12\/QV4XYIX3EBFZVPMMJ6L4HEXYWI.jpg\" alt=\"Paris (Ve), ce 16 d\u00e9cembre 2025. Durant la p\u00e9riode d'occupation entre 2019 et 2022, le ticket moyen \u00e9tait de 4,40 euros. Au cin\u00e9ma La Clef, chaque ticket est \u00e0 prix libre. LP\/Paul Abran\" align=\"\" data-rubrique-principale=\"\" data-article-type=\"\" fetchpriority=\"auto\"\/>Paris (Ve), ce 16 d\u00e9cembre 2025. Durant la p\u00e9riode d&rsquo;occupation entre 2019 et 2022, le ticket moyen \u00e9tait de 4,40 euros. Au cin\u00e9ma La Clef, chaque ticket est \u00e0 prix libre. LP\/Paul Abran<\/p>\n<p class=\"\">Car telle est l\u2019identit\u00e9 de cet \u00e9tablissement historique de la Rive gauche, dans lequel un nouveau bar a \u00e9t\u00e9 am\u00e9nag\u00e9, ainsi que deux salles de postproduction. Une demi-douzaine d\u2019associations de cin\u00e9ma adh\u00e9rentes pr\u00e9voient d\u00e9j\u00e0 d\u2019organiser leurs s\u00e9ances. \u00ab La privatisation sera \u00e9galement possible pour consolider le mod\u00e8le \u00e9conomique \u00bb, ajoute Claire-Emmanuelle.<\/p>\n<p class=\"\">Quant \u00e0 l\u2019\u00e9quipe de la Clef Revival, elle ouvrira les portes du cin\u00e9ma du mercredi au dimanche, et chaque projection sera \u00ab \u00e0 prix libre \u00bb, autre caract\u00e9ristique majeure de la Clef. Des premiers temps forts ont \u00e9t\u00e9 confirm\u00e9s mais la s\u00e9ance de r\u00e9ouverture reste pour l\u2019heure une surprise. Rendez-vous donc le 14 janvier.<\/p>\n","protected":false},"excerpt":{"rendered":"C\u2019est comme le dernier plan d\u2019un long-m\u00e9trage \u00e0 suspense. Celui-ci aura tenu en haleine cin\u00e9philes et riverains pendant&hellip;\n","protected":false},"author":2,"featured_media":603172,"comment_status":"","ping_status":"","sticky":false,"template":"","format":"standard","meta":{"footnotes":""},"categories":[1888],"tags":[11,872,1777,674,1011,27,1944,12,626,25],"class_list":{"0":"post-603171","1":"post","2":"type-post","3":"status-publish","4":"format-standard","5":"has-post-thumbnail","7":"category-paris","8":"tag-actualites","9":"tag-culture-et-loisirs","10":"tag-eu","11":"tag-europe","12":"tag-fr","13":"tag-france","14":"tag-ma-ville","15":"tag-news","16":"tag-paris","17":"tag-republique-francaise"},"share_on_mastodon":{"url":"https:\/\/pubeurope.com\/@fr\/115729742149032765","error":""},"_links":{"self":[{"href":"https:\/\/www.europesays.com\/fr\/wp-json\/wp\/v2\/posts\/603171","targetHints":{"allow":["GET"]}}],"collection":[{"href":"https:\/\/www.europesays.com\/fr\/wp-json\/wp\/v2\/posts"}],"about":[{"href":"https:\/\/www.europesays.com\/fr\/wp-json\/wp\/v2\/types\/post"}],"author":[{"embeddable":true,"href":"https:\/\/www.europesays.com\/fr\/wp-json\/wp\/v2\/users\/2"}],"replies":[{"embeddable":true,"href":"https:\/\/www.europesays.com\/fr\/wp-json\/wp\/v2\/comments?post=603171"}],"version-history":[{"count":0,"href":"https:\/\/www.europesays.com\/fr\/wp-json\/wp\/v2\/posts\/603171\/revisions"}],"wp:featuredmedia":[{"embeddable":true,"href":"https:\/\/www.europesays.com\/fr\/wp-json\/wp\/v2\/media\/603172"}],"wp:attachment":[{"href":"https:\/\/www.europesays.com\/fr\/wp-json\/wp\/v2\/media?parent=603171"}],"wp:term":[{"taxonomy":"category","embeddable":true,"href":"https:\/\/www.europesays.com\/fr\/wp-json\/wp\/v2\/categories?post=603171"},{"taxonomy":"post_tag","embeddable":true,"href":"https:\/\/www.europesays.com\/fr\/wp-json\/wp\/v2\/tags?post=603171"}],"curies":[{"name":"wp","href":"https:\/\/api.w.org\/{rel}","templated":true}]}}