{"id":603175,"date":"2025-12-16T14:35:19","date_gmt":"2025-12-16T14:35:19","guid":{"rendered":"https:\/\/www.europesays.com\/fr\/603175\/"},"modified":"2025-12-16T14:35:19","modified_gmt":"2025-12-16T14:35:19","slug":"une-attaque-russe-sur-un-immeuble-residentiel-a-zaporijjia-fait-plusieurs-blesses","status":"publish","type":"post","link":"https:\/\/www.europesays.com\/fr\/603175\/","title":{"rendered":"Une attaque russe sur un immeuble r\u00e9sidentiel \u00e0 Zaporijjia fait plusieurs bless\u00e9s"},"content":{"rendered":"<p>\n  Par&amp;nbsp<b>Euronews<\/b>\n<\/p>\n<p>\n                    Publi\u00e9 le                 16\/12\/2025 &#8211; 14:38 UTC+1<br \/>\n                \u2022Mis \u00e0 jour<br \/>\n                                     14:40\n                                        <\/p>\n<p>Plusieurs personnes ont \u00e9t\u00e9 bless\u00e9es lorsqu&rsquo;un drone russe a frapp\u00e9 un immeuble r\u00e9sidentiel de neuf \u00e9tages dans la ville ukrainienne de Zaporijjia t\u00f4t mardi matin.<\/p>\n<p>Les services d&rsquo;urgence ukrainiens ont indiqu\u00e9 que plusieurs \u00e9tages du b\u00e2timent avaient \u00e9t\u00e9 incendi\u00e9s, ajoutant que cinq personnes avaient \u00e9t\u00e9 secourues dans les \u00e9tages sup\u00e9rieurs et que trois personnes \u00e9taient soign\u00e9es pour des blessures.<\/p>\n<p>L&rsquo;attaque a \u00e9galement entra\u00een\u00e9 des coupures de courant temporaires dans toute la r\u00e9gion et endommag\u00e9 un \u00e9tablissement commercial.<\/p>\n<p>La Russie a lanc\u00e9 69 drones sur l&rsquo;Ukraine pendant la nuit, a rapport\u00e9 l&rsquo;arm\u00e9e de l&rsquo;air ukrainienne, dont 57 ont \u00e9t\u00e9 abattus par ses d\u00e9fenses a\u00e9riennes.<\/p>\n<p>Moscou a \u00e9galement pris pour cible Odessa dans la nuit de lundi \u00e0 mardi, provoquant un important incendie dans des entrep\u00f4ts contenant des appareils \u00e9lectrom\u00e9nagers.<\/p>\n<p>\u00ab Heureusement, il n&rsquo;y a ni bless\u00e9 ni mort. L&rsquo;op\u00e9ration d&rsquo;\u00e9limination a \u00e9t\u00e9 compliqu\u00e9e par les alarmes a\u00e9riennes r\u00e9p\u00e9t\u00e9es \u00bb, a d\u00e9clar\u00e9 Marina Averina, porte-parole du service d&rsquo;urgence de l&rsquo;\u00c9tat d&rsquo;Odessa.<\/p>\n<p>\u00ab Les sauveteurs ont trouv\u00e9 des abris. Plus de 60 pompiers, 20 \u00e9quipements et des unit\u00e9s de pompiers de la garde nationale ukrainienne ont \u00e9teint l&rsquo;incendie \u00bb, a ajout\u00e9 la porte-parole.<\/p>\n<p>La veille, les infrastructures \u00e9nerg\u00e9tiques de la ville avaient \u00e9t\u00e9 la cible de frappes russes. Les employ\u00e9s du secteur de l&rsquo;\u00e9nergie ont r\u00e9tabli l&rsquo;\u00e9lectricit\u00e9 dans 330 000 foyers mardi. Des dizaines de milliers de foyers \u00e0 Odessa sont toujours priv\u00e9s d&rsquo;\u00e9lectricit\u00e9, les r\u00e9parations \u00e9tant en cours.<\/p>\n<p>Depuis le d\u00e9but de son invasion \u00e0 grande \u00e9chelle de l&rsquo;Ukraine au d\u00e9but de l&rsquo;ann\u00e9e 2022, la Russie cible les infrastructures \u00e9nerg\u00e9tiques ukrainiennes, provoquant des coupures d&rsquo;\u00e9lectricit\u00e9 dans tout le pays, en particulier pendant la p\u00e9riode hivernale, laissant des millions d&rsquo;Ukrainiens sans \u00e9lectricit\u00e9 ni chauffage.<\/p>\n<p>Les frappes ont eu lieu apr\u00e8s que le pr\u00e9sident ukrainien Volodymyr Zelensky <a href=\"https:\/\/fr.euronews.com\/2025\/12\/14\/discussions-a-berlin-zelensky-va-t-il-renoncer-a-ladhesion-de-lukraine-a-lotan\" target=\"_blank\" rel=\"noopener\"><strong>a rencontr\u00e9 \u00e0 Berlin<\/strong><\/a> des dirigeants europ\u00e9ens et des n\u00e9gociateurs am\u00e9ricains pour des pourparlers. Il a annonc\u00e9 qu&rsquo;un accord de paix finalis\u00e9 pourrait \u00eatre pr\u00e9sent\u00e9 au Kremlin dans les jours \u00e0 venir.<\/p>\n","protected":false},"excerpt":{"rendered":"Par&amp;nbspEuronews Publi\u00e9 le 16\/12\/2025 &#8211; 14:38 UTC+1 \u2022Mis \u00e0 jour 14:40 Plusieurs personnes ont \u00e9t\u00e9 bless\u00e9es lorsqu&rsquo;un drone&hellip;\n","protected":false},"author":2,"featured_media":603176,"comment_status":"","ping_status":"","sticky":false,"template":"","format":"standard","meta":{"footnotes":""},"categories":[1591],"tags":[15533,11,2024,893,1887,12,1885,1886,132,220],"class_list":{"0":"post-603175","1":"post","2":"type-post","3":"status-publish","4":"format-standard","5":"has-post-thumbnail","7":"category-russie","8":"tag-accord-de-paix","9":"tag-actualites","10":"tag-drones","11":"tag-energie","12":"tag-federation-de-russie","13":"tag-news","14":"tag-russia","15":"tag-russian-federation","16":"tag-russie","17":"tag-ukraine"},"share_on_mastodon":{"url":"https:\/\/pubeurope.com\/@fr\/115729748759085694","error":""},"_links":{"self":[{"href":"https:\/\/www.europesays.com\/fr\/wp-json\/wp\/v2\/posts\/603175","targetHints":{"allow":["GET"]}}],"collection":[{"href":"https:\/\/www.europesays.com\/fr\/wp-json\/wp\/v2\/posts"}],"about":[{"href":"https:\/\/www.europesays.com\/fr\/wp-json\/wp\/v2\/types\/post"}],"author":[{"embeddable":true,"href":"https:\/\/www.europesays.com\/fr\/wp-json\/wp\/v2\/users\/2"}],"replies":[{"embeddable":true,"href":"https:\/\/www.europesays.com\/fr\/wp-json\/wp\/v2\/comments?post=603175"}],"version-history":[{"count":0,"href":"https:\/\/www.europesays.com\/fr\/wp-json\/wp\/v2\/posts\/603175\/revisions"}],"wp:featuredmedia":[{"embeddable":true,"href":"https:\/\/www.europesays.com\/fr\/wp-json\/wp\/v2\/media\/603176"}],"wp:attachment":[{"href":"https:\/\/www.europesays.com\/fr\/wp-json\/wp\/v2\/media?parent=603175"}],"wp:term":[{"taxonomy":"category","embeddable":true,"href":"https:\/\/www.europesays.com\/fr\/wp-json\/wp\/v2\/categories?post=603175"},{"taxonomy":"post_tag","embeddable":true,"href":"https:\/\/www.europesays.com\/fr\/wp-json\/wp\/v2\/tags?post=603175"}],"curies":[{"name":"wp","href":"https:\/\/api.w.org\/{rel}","templated":true}]}}