{"id":603180,"date":"2025-12-16T14:38:13","date_gmt":"2025-12-16T14:38:13","guid":{"rendered":"https:\/\/www.europesays.com\/fr\/603180\/"},"modified":"2025-12-16T14:38:13","modified_gmt":"2025-12-16T14:38:13","slug":"la-police-arrete-un-adolescent-soupconne-du-meurtre-dune-fillette-de-neuf-ans","status":"publish","type":"post","link":"https:\/\/www.europesays.com\/fr\/603180\/","title":{"rendered":"la police arr\u00eate un adolescent soup\u00e7onn\u00e9 du meurtre d\u2019une fillette de neuf ans"},"content":{"rendered":"<p>\n    \u00abNous savons que toute la ville de Weston-super-Mare sera boulevers\u00e9e et choqu\u00e9e d\u2019apprendre cette terrible nouvelle\u00a0\u00bb, a d\u00e9clar\u00e9 la police dans un communiqu\u00e9.<\/p>\n<p class=\"fig-paragraph\">La police\u00a0<a href=\"http:\/\/www.lefigaro.fr\/actualite-france\/affaire-epstein-faute-de-preuve-criminelle-la-police-britannique-n-enquetera-pas-sur-des-allegations-visant-l-ex-prince-andrew-20251213\" data-fig-type=\"NewsFlash\" data-gtm-custom-categorie=\"navigation\" data-gtm-custom-action=\"crossclick\" data-gtm-custom-label=\"Contextuel\" data-gtm-event=\"customEventSPE\" data-fig-domain=\"LEFIGARO\" target=\"_blank\" rel=\"noopener\">britannique\u00a0<\/a>a annonc\u00e9 mardi 16 d\u00e9cembre avoir arr\u00eat\u00e9 un adolescent soup\u00e7onn\u00e9 de meurtre suite au d\u00e9c\u00e8s d\u2019une fillette de neuf ans \u00e0 une adresse du sud-ouest de l\u2019Angleterre.<\/p>\n<p class=\"fig-paragraph\">La police a \u00e9t\u00e9 appel\u00e9e lundi soir \u00e0 une maison de Weston-super-Mare, o\u00f9 les ambulanciers prodiguaient les premiers soins \u00e0 la fillette, qui a \u00e9t\u00e9 d\u00e9clar\u00e9e morte sur place. L\u2019adolescent a \u00e9t\u00e9 arr\u00eat\u00e9 moins de dix minutes plus tard dans un quartier voisin et est actuellement en garde \u00e0 vue.<\/p>\n<p>                                            <a class=\"fig-a11y-skip\" href=\"#fig-a11y-skip-main-inarticle\" data-module=\"a11y-skip\" data-context=\"was @visible\"><br \/>\n    Passer la publicit\u00e9<br \/>\n<\/a>            <\/p>\n<p class=\"fig-paragraph\">\u00abNous savons que toute la ville de Weston-super-Mare sera boulevers\u00e9e et choqu\u00e9e d\u2019apprendre cette terrible nouvelle\u00bb, a d\u00e9clar\u00e9 la police dans un communiqu\u00e9, ajoutant qu\u2019elle pr\u00e9sentait ses \u00abplus sinc\u00e8res condol\u00e9ances\u00bb \u00e0 la famille de la victime.<\/p>\n","protected":false},"excerpt":{"rendered":"\u00abNous savons que toute la ville de Weston-super-Mare sera boulevers\u00e9e et choqu\u00e9e d\u2019apprendre cette terrible nouvelle\u00a0\u00bb, a d\u00e9clar\u00e9&hellip;\n","protected":false},"author":2,"featured_media":603181,"comment_status":"","ping_status":"","sticky":false,"template":"","format":"standard","meta":{"footnotes":""},"categories":[1588],"tags":[11,3959,1777,674,777,12,473,1853,1851,1850,1852],"class_list":{"0":"post-603180","1":"post","2":"type-post","3":"status-publish","4":"format-standard","5":"has-post-thumbnail","7":"category-royaume-uni","8":"tag-actualites","9":"tag-adolescents","10":"tag-eu","11":"tag-europe","12":"tag-meurtre","13":"tag-news","14":"tag-royaume-uni","15":"tag-royaume-uni-de-grande-bretagne-et-dirlande-du-nord","16":"tag-uk","17":"tag-united-kingdom","18":"tag-united-kingdom-of-great-britain-and-northern-ireland"},"share_on_mastodon":{"url":"https:\/\/pubeurope.com\/@fr\/115729760559952295","error":""},"_links":{"self":[{"href":"https:\/\/www.europesays.com\/fr\/wp-json\/wp\/v2\/posts\/603180","targetHints":{"allow":["GET"]}}],"collection":[{"href":"https:\/\/www.europesays.com\/fr\/wp-json\/wp\/v2\/posts"}],"about":[{"href":"https:\/\/www.europesays.com\/fr\/wp-json\/wp\/v2\/types\/post"}],"author":[{"embeddable":true,"href":"https:\/\/www.europesays.com\/fr\/wp-json\/wp\/v2\/users\/2"}],"replies":[{"embeddable":true,"href":"https:\/\/www.europesays.com\/fr\/wp-json\/wp\/v2\/comments?post=603180"}],"version-history":[{"count":0,"href":"https:\/\/www.europesays.com\/fr\/wp-json\/wp\/v2\/posts\/603180\/revisions"}],"wp:featuredmedia":[{"embeddable":true,"href":"https:\/\/www.europesays.com\/fr\/wp-json\/wp\/v2\/media\/603181"}],"wp:attachment":[{"href":"https:\/\/www.europesays.com\/fr\/wp-json\/wp\/v2\/media?parent=603180"}],"wp:term":[{"taxonomy":"category","embeddable":true,"href":"https:\/\/www.europesays.com\/fr\/wp-json\/wp\/v2\/categories?post=603180"},{"taxonomy":"post_tag","embeddable":true,"href":"https:\/\/www.europesays.com\/fr\/wp-json\/wp\/v2\/tags?post=603180"}],"curies":[{"name":"wp","href":"https:\/\/api.w.org\/{rel}","templated":true}]}}