{"id":603183,"date":"2025-12-16T14:40:14","date_gmt":"2025-12-16T14:40:14","guid":{"rendered":"https:\/\/www.europesays.com\/fr\/603183\/"},"modified":"2025-12-16T14:40:14","modified_gmt":"2025-12-16T14:40:14","slug":"menace-russe-la-defense-du-flanc-oriental-de-leurope-doit-etre-une-priorite-immediate-pour-ces-huit-pays","status":"publish","type":"post","link":"https:\/\/www.europesays.com\/fr\/603183\/","title":{"rendered":"Menace russe\u00a0: la d\u00e9fense du flanc oriental de l\u2019Europe doit \u00eatre une priorit\u00e9 \u00ab\u00a0imm\u00e9diate\u00a0\u00bb pour ces huit pays"},"content":{"rendered":"<p>La d\u00e9fense du flanc oriental de l\u2019Europe doit \u00eatre une priorit\u00e9 \u00ab imm\u00e9diate \u00bb en raison de la menace russe, ont d\u00e9clar\u00e9 ce mardi les dirigeants de huit pays du nord et de l\u2019est de l\u2019Europe lors d\u2019un sommet \u00e0 Helsinki.<\/p>\n<p><a href=\"https:\/\/www.letelegramme.fr\/monde\/guerre-ukraine-russie\/\" target=\"_blank\" rel=\"noopener\">Guerre en Ukraine : notre rubrique<\/a><\/p>\n<p>\u00ab La Russie reste une menace aujourd\u2019hui, demain et dans un avenir pr\u00e9visible \u00bb, a dit le Premier ministre finlandais Petteri Orpo, \u00e0 l\u2019occasion d\u2019une conf\u00e9rence de presse.<\/p>\n<blockquote><p>L\u2019UE peut jouer un r\u00f4le important en soutenant les efforts individuels des \u00c9tats membres pour renforcer leurs capacit\u00e9s de d\u00e9fense<\/p><\/blockquote>\n<p>\u00ab La situation exige que l\u2019on accorde imm\u00e9diatement la priorit\u00e9 au flanc oriental de l\u2019UE gr\u00e2ce \u00e0 une approche op\u00e9rationnelle, coordonn\u00e9e et multi-domaines \u00bb, \u00e9crivent dans une d\u00e9claration les dirigeants de la Finlande, la Su\u00e8de, la Lettonie, la Lituanie, l\u2019Estonie, la Pologne, la Roumanie et la Bulgarie.<\/p>\n<p>\u00ab Pas de signe montrant que la Russie veut la paix \u00bb<\/p>\n<p>Les signataires insistent en particulier sur un renforcement des efforts des capacit\u00e9s de combat terrestre, de d\u00e9fense contre les drones, de d\u00e9fense a\u00e9rienne et antimissile et de protection des fronti\u00e8res et des infrastructures critiques dans le cadre de l\u2019UE, et en lien avec l\u2019Otan. \u00ab L\u2019UE peut jouer un r\u00f4le important en soutenant les efforts individuels des \u00c9tats membres pour renforcer leurs capacit\u00e9s de d\u00e9fense, en d\u00e9finissant le financement, en simplifiant les r\u00e9glementations et en renfor\u00e7ant la mobilit\u00e9 militaire \u00bb, a soulign\u00e9 de son c\u00f4t\u00e9 le Premier ministre su\u00e9dois, Ulf Kristersson.<\/p>\n<p>Cette d\u00e9claration intervient au moment o\u00f9 l\u2019Ukraine, soutenue par les pays europ\u00e9ens, tente de trouver un compromis avec les \u00c9tats-Unis sur <a href=\"https:\/\/www.letelegramme.fr\/monde\/guerre-ukraine-russie\/kiev-a-remis-a-washington-sa-derniere-version-du-plan-pour-mettre-fin-a-la-guerre-avec-la-russie-6945214.php\" target=\"_blank\" rel=\"noopener\">un plan de paix<\/a> dont la version initiale <a href=\"https:\/\/www.letelegramme.fr\/monde\/guerre-ukraine-russie\/paix-en-ukraine-paris-berlin-londres-affirment-que-toute-decision-necessite-le-consensus-des-europeens-et-de-lotan-6933046.php\" target=\"_blank\" rel=\"noopener\">a \u00e9t\u00e9 jug\u00e9e tr\u00e8s favorable \u00e0 Moscou<\/a>. \u00ab Nous ne voyons pas de signe montrant que la Russie veut la paix \u00bb en Ukraine, a estim\u00e9 le Premier ministre finlandais.<\/p>\n","protected":false},"excerpt":{"rendered":"La d\u00e9fense du flanc oriental de l\u2019Europe doit \u00eatre une priorit\u00e9 \u00ab imm\u00e9diate \u00bb en raison de la&hellip;\n","protected":false},"author":2,"featured_media":603184,"comment_status":"","ping_status":"","sticky":false,"template":"","format":"standard","meta":{"footnotes":""},"categories":[1586],"tags":[11,9043,1782,765,1909,1777,674,219,1011,27,131,2069,7776,2050,74,12,2437,25,4868,132,7199,220,364],"class_list":{"0":"post-603183","1":"post","2":"type-post","3":"status-publish","4":"format-standard","5":"has-post-thumbnail","7":"category-europe","8":"tag-actualites","9":"tag-bulgarie","10":"tag-defense-nationale","11":"tag-en-continu","12":"tag-estonie","13":"tag-eu","14":"tag-europe","15":"tag-finlande","16":"tag-fr","17":"tag-france","18":"tag-guerre-en-ukraine","19":"tag-guerre-ukraine-russie","20":"tag-lettonie","21":"tag-lituanie","22":"tag-monde","23":"tag-news","24":"tag-pologne","25":"tag-republique-francaise","26":"tag-roumanie","27":"tag-russie","28":"tag-suede","29":"tag-ukraine","30":"tag-union-europeenne"},"share_on_mastodon":{"url":"https:\/\/pubeurope.com\/@fr\/115729768604005499","error":""},"_links":{"self":[{"href":"https:\/\/www.europesays.com\/fr\/wp-json\/wp\/v2\/posts\/603183","targetHints":{"allow":["GET"]}}],"collection":[{"href":"https:\/\/www.europesays.com\/fr\/wp-json\/wp\/v2\/posts"}],"about":[{"href":"https:\/\/www.europesays.com\/fr\/wp-json\/wp\/v2\/types\/post"}],"author":[{"embeddable":true,"href":"https:\/\/www.europesays.com\/fr\/wp-json\/wp\/v2\/users\/2"}],"replies":[{"embeddable":true,"href":"https:\/\/www.europesays.com\/fr\/wp-json\/wp\/v2\/comments?post=603183"}],"version-history":[{"count":0,"href":"https:\/\/www.europesays.com\/fr\/wp-json\/wp\/v2\/posts\/603183\/revisions"}],"wp:featuredmedia":[{"embeddable":true,"href":"https:\/\/www.europesays.com\/fr\/wp-json\/wp\/v2\/media\/603184"}],"wp:attachment":[{"href":"https:\/\/www.europesays.com\/fr\/wp-json\/wp\/v2\/media?parent=603183"}],"wp:term":[{"taxonomy":"category","embeddable":true,"href":"https:\/\/www.europesays.com\/fr\/wp-json\/wp\/v2\/categories?post=603183"},{"taxonomy":"post_tag","embeddable":true,"href":"https:\/\/www.europesays.com\/fr\/wp-json\/wp\/v2\/tags?post=603183"}],"curies":[{"name":"wp","href":"https:\/\/api.w.org\/{rel}","templated":true}]}}