{"id":603194,"date":"2025-12-16T14:49:13","date_gmt":"2025-12-16T14:49:13","guid":{"rendered":"https:\/\/www.europesays.com\/fr\/603194\/"},"modified":"2025-12-16T14:49:13","modified_gmt":"2025-12-16T14:49:13","slug":"atp-si-je-pense-que-djokovic-remportera-un-grand-chelem-en-2026-mon-avis-cest-que-si-sinner-ou-alcaraz-echouent-il-sera-la-je-nai-aucun-doute-la-dessus-affirme-jose-moron","status":"publish","type":"post","link":"https:\/\/www.europesays.com\/fr\/603194\/","title":{"rendered":"ATP > \u00ab\u00a0Si je pense que Djokovic remportera un Grand Chelem en 2026 ? Mon avis, c&rsquo;est que Si Sinner ou Alcaraz \u00e9chouent, il sera l\u00e0. Je n&rsquo;ai aucun doute l\u00e0-dessus\u00a0\u00bb, affirme Jos\u00e9 Moron"},"content":{"rendered":"<p>La grande ques\u00adtion que tous les obser\u00adva\u00adteurs avant le d\u00e9but de saison 2026 est la m\u00eame qu\u2019a\u00advant l\u2019ann\u00e9e 2025 et m\u00eame avant 2024, une \u00e9poque o\u00f9 la r\u00e9ponse penchait tr\u00e8s large\u00adment vers le oui\u00a0: Novak Djokovic va\u2010t\u2010il remporter un 25e tournoi du Grand Chelem\u202f?<\/p>\n<p>Le jour\u00adna\u00adliste espa\u00adgnol Jos\u00e9 Moron, suivi par plus de 87 000 personnes sur le r\u00e9seau social X, a donn\u00e9 son\u00a0avis.\u00a0<\/p>\n<p><strong>\u00ab\u202fDjokovic s\u2019en\u00adtra\u00eene en Gr\u00e8ce en vue de l\u2019Open d\u2019Australie. Pensez\u2010vous qu\u2019il rempor\u00adtera un Grand Chelem en 2026\u202f? Mon avis\u00a0: il ne faut jamais l\u2019\u00e9carter. Si Sinner ou Alcaraz \u00e9chouent, il sera l\u00e0. Je n\u2019ai aucun doute l\u00e0\u2010dessus\u202f\u00bb<\/strong>, a \u00e9crit le r\u00e9dac\u00adteur en chef de Punto de Break.<\/p>\n<blockquote class=\"twitter-tweet\">\n<p lang=\"es\" dir=\"ltr\">Djokovic entre\u00adnando en Grecia de cara al Open de Australia.<\/p>\n<p>\u00bfPens\u00e1is que en este 2026 ganar\u00e1 un Grand Slam\u202f?<\/p>\n<p>Mi opini\u00f3n\u00a0: nunca hay que descar\u00adtarle. Si fallan Sinner o Alcaraz, ah\u00ed va a estar \u00e9l. No tengo dudas. <a href=\"https:\/\/t.co\/LIdfyg1qMP\" data-wpel-link=\"external\" target=\"_blank\" rel=\"nofollow external noopener\">pic.twitter.com\/LIdfyg1qMP<\/a><\/p>\n<p>\u2014 Jos\u00e9 Mor\u00f3n (@jmgmoron) <a href=\"https:\/\/twitter.com\/jmgmoron\/status\/2000694318349128070?ref_src=twsrc%5Etfw\" data-wpel-link=\"external\" target=\"_blank\" rel=\"nofollow external noopener\">December 15,\u00a02025<\/a><\/p><\/blockquote>\n<p>Dans cette qu\u00eate, <a href=\"https:\/\/www.welovetennis.fr\/atp\/en-quete-dun-25e-grand-chelem-novak-djokovic-fait-un-recrutement-majeur-pour-2026\" data-wpel-link=\"internal\" target=\"_blank\" rel=\"noopener\">Novak Djokovic se donne les moyens d\u2019y parvenir et a d\u00e9j\u00e0 fait un recru\u00adte\u00adment majeur pour\u00a02026<\/a>.<\/p>\n<p class=\"post-published-date\" style=\"color: silver; font-size: 75%; text-align: left;\">Publi\u00e9 le mardi 16 d\u00e9cembre 2025 \u00e0 12:24<\/p>\n<p>  <script async src=\"https:\/\/platform.twitter.com\/widgets.js\" charset=\"utf-8\"><\/script><\/p>\n","protected":false},"excerpt":{"rendered":"La grande ques\u00adtion que tous les obser\u00adva\u00adteurs avant le d\u00e9but de saison 2026 est la m\u00eame qu\u2019a\u00advant l\u2019ann\u00e9e&hellip;\n","protected":false},"author":2,"featured_media":363313,"comment_status":"","ping_status":"","sticky":false,"template":"","format":"standard","meta":{"footnotes":""},"categories":[1415],"tags":[1744,105,1011,27,2127,60,1467],"class_list":{"0":"post-603194","1":"post","2":"type-post","3":"status-publish","4":"format-standard","5":"has-post-thumbnail","7":"category-tennis","8":"tag-alcaraz","9":"tag-djokovic","10":"tag-fr","11":"tag-france","12":"tag-sinner","13":"tag-sports","14":"tag-tennis"},"share_on_mastodon":{"url":"https:\/\/pubeurope.com\/@fr\/115729803725166194","error":""},"_links":{"self":[{"href":"https:\/\/www.europesays.com\/fr\/wp-json\/wp\/v2\/posts\/603194","targetHints":{"allow":["GET"]}}],"collection":[{"href":"https:\/\/www.europesays.com\/fr\/wp-json\/wp\/v2\/posts"}],"about":[{"href":"https:\/\/www.europesays.com\/fr\/wp-json\/wp\/v2\/types\/post"}],"author":[{"embeddable":true,"href":"https:\/\/www.europesays.com\/fr\/wp-json\/wp\/v2\/users\/2"}],"replies":[{"embeddable":true,"href":"https:\/\/www.europesays.com\/fr\/wp-json\/wp\/v2\/comments?post=603194"}],"version-history":[{"count":0,"href":"https:\/\/www.europesays.com\/fr\/wp-json\/wp\/v2\/posts\/603194\/revisions"}],"wp:featuredmedia":[{"embeddable":true,"href":"https:\/\/www.europesays.com\/fr\/wp-json\/wp\/v2\/media\/363313"}],"wp:attachment":[{"href":"https:\/\/www.europesays.com\/fr\/wp-json\/wp\/v2\/media?parent=603194"}],"wp:term":[{"taxonomy":"category","embeddable":true,"href":"https:\/\/www.europesays.com\/fr\/wp-json\/wp\/v2\/categories?post=603194"},{"taxonomy":"post_tag","embeddable":true,"href":"https:\/\/www.europesays.com\/fr\/wp-json\/wp\/v2\/tags?post=603194"}],"curies":[{"name":"wp","href":"https:\/\/api.w.org\/{rel}","templated":true}]}}