{"id":603199,"date":"2025-12-16T14:55:17","date_gmt":"2025-12-16T14:55:17","guid":{"rendered":"https:\/\/www.europesays.com\/fr\/603199\/"},"modified":"2025-12-16T14:55:17","modified_gmt":"2025-12-16T14:55:17","slug":"je-pensais-que-je-netais-pas-drole","status":"publish","type":"post","link":"https:\/\/www.europesays.com\/fr\/603199\/","title":{"rendered":"je pensais que je n&rsquo;\u00e9tais pas dr\u00f4le"},"content":{"rendered":"<p>            <a href=\"https:\/\/www.journaldesfemmes.fr\/people\/magazine\/3250584-infos-actu-people-france-decembre-carole-rousseau-sarkozy-shym\/3250638-charles-iii\" class=\"app_button_nav_prev jMiddlePreviousButton\" target=\"_blank\" rel=\"noopener\"><\/a><a href=\"https:\/\/www.journaldesfemmes.fr\/people\/magazine\/3250584-infos-actu-people-france-decembre-carole-rousseau-sarkozy-shym\/3250592-cristiana-reali\" class=\"app_button_nav_next jMiddleNextButton\" target=\"_blank\" rel=\"noopener\"><\/a><\/p>\n<p>                <img loading=\"lazy\" decoding=\"async\" src=\"https:\/\/www.europesays.com\/fr\/wp-content\/uploads\/2025\/12\/40059107.jpeg\" alt=\"\" width=\"250\" height=\"458\"\/><br \/>\n            <a href=\"https:\/\/img-3.journaldesfemmes.fr\/_Nhnaws86oG2_gh1OtpgP7G7gFU=\/632x\/smart\/1793fe5827aa49d1b7fb25e35076d937\/ccmcms-jdf\/40059107.jpeg\" class=\"fancy app_btn_1 app_btn--ico\" target=\"_blank\" rel=\"noopener\"><\/a>Marianne James \u00a9\u00a0Zabulon Laurent\/ABACA    <\/p>\n<p><strong>Questionnement.<\/strong> Apr\u00e8s plus de\u00a035\u00a0ans de carri\u00e8re,\u00a0Marianne James propose son premier\u00a0seule en sc\u00e8ne o\u00f9 elle ne se cache pas derri\u00e8re un personnage comme\u00a0Ulrika von Glot. Mais elle reconna\u00eet qu&rsquo;elle a h\u00e9sit\u00e9 avant se lancer ! \u00ab\u00a0Je pensais que je n&rsquo;\u00e9tais pas dr\u00f4le si je n&rsquo;avais pas un accent russe, am\u00e9ricain ou allemand, si je n&rsquo;avais pas des kilos de faux-cils et de perruques ou des costumes \u00e0 30000\u00a0dollars. Qu&rsquo;il fallait que je sois un peu planqu\u00e9e. L\u00e0 effectivement, c&rsquo;est la premi\u00e8re fois que j&rsquo;y vais en Marianne donc j&rsquo;assume tout ce que j&rsquo;ai \u00e0 dire, et parfois je dis des grosses conneries quand m\u00eame\u00a0\u00bb, a confi\u00e9 la chanteuse de 63 ans \u00e0 T\u00e9l\u00e9-Loisirs.<\/p>\n","protected":false},"excerpt":{"rendered":"Marianne James \u00a9\u00a0Zabulon Laurent\/ABACA Questionnement. Apr\u00e8s plus de\u00a035\u00a0ans de carri\u00e8re,\u00a0Marianne James propose son premier\u00a0seule en sc\u00e8ne o\u00f9 elle&hellip;\n","protected":false},"author":2,"featured_media":603200,"comment_status":"","ping_status":"","sticky":false,"template":"","format":"standard","meta":{"footnotes":""},"categories":[1359],"tags":[71553,51761,58,59,52292,1011,27,51766,1031,973],"class_list":{"0":"post-603199","1":"post","2":"type-post","3":"status-publish","4":"format-standard","5":"has-post-thumbnail","7":"category-people","8":"tag-cms-journaldesfemmes-3250622","9":"tag-controller-content","10":"tag-divertissement","11":"tag-entertainment","12":"tag-format-reportage","13":"tag-fr","14":"tag-france","15":"tag-les-histoires-du-jdf","16":"tag-magazine","17":"tag-people"},"share_on_mastodon":{"url":"https:\/\/pubeurope.com\/@fr\/115729829052056541","error":""},"_links":{"self":[{"href":"https:\/\/www.europesays.com\/fr\/wp-json\/wp\/v2\/posts\/603199","targetHints":{"allow":["GET"]}}],"collection":[{"href":"https:\/\/www.europesays.com\/fr\/wp-json\/wp\/v2\/posts"}],"about":[{"href":"https:\/\/www.europesays.com\/fr\/wp-json\/wp\/v2\/types\/post"}],"author":[{"embeddable":true,"href":"https:\/\/www.europesays.com\/fr\/wp-json\/wp\/v2\/users\/2"}],"replies":[{"embeddable":true,"href":"https:\/\/www.europesays.com\/fr\/wp-json\/wp\/v2\/comments?post=603199"}],"version-history":[{"count":0,"href":"https:\/\/www.europesays.com\/fr\/wp-json\/wp\/v2\/posts\/603199\/revisions"}],"wp:featuredmedia":[{"embeddable":true,"href":"https:\/\/www.europesays.com\/fr\/wp-json\/wp\/v2\/media\/603200"}],"wp:attachment":[{"href":"https:\/\/www.europesays.com\/fr\/wp-json\/wp\/v2\/media?parent=603199"}],"wp:term":[{"taxonomy":"category","embeddable":true,"href":"https:\/\/www.europesays.com\/fr\/wp-json\/wp\/v2\/categories?post=603199"},{"taxonomy":"post_tag","embeddable":true,"href":"https:\/\/www.europesays.com\/fr\/wp-json\/wp\/v2\/tags?post=603199"}],"curies":[{"name":"wp","href":"https:\/\/api.w.org\/{rel}","templated":true}]}}