{"id":603201,"date":"2025-12-16T14:56:42","date_gmt":"2025-12-16T14:56:42","guid":{"rendered":"https:\/\/www.europesays.com\/fr\/603201\/"},"modified":"2025-12-16T14:56:42","modified_gmt":"2025-12-16T14:56:42","slug":"le-louvre-ferme-en-raison-dune-greve-votee-a-lunanimite-deux-mois-apres-son-cambriolage-2","status":"publish","type":"post","link":"https:\/\/www.europesays.com\/fr\/603201\/","title":{"rendered":"Le Louvre ferm\u00e9 en raison d\u2019une gr\u00e8ve vot\u00e9e \u00ab \u00e0 l\u2019unanimit\u00e9 \u00bb, deux mois apr\u00e8s son cambriolage"},"content":{"rendered":"<p class=\"mb-4 text-lg md:leading-8 break-words\">Un nouveau coup dur pour le Louvre. Le c\u00e9l\u00e8bre mus\u00e9e parisien n\u2019ouvrira pas ses portes au public ce lundi 15 d\u00e9cembre, en raison d\u2019une gr\u00e8ve vot\u00e9e \u00ab \u00e0 l\u2019unanimit\u00e9 \u00bb par ses salari\u00e9s. Cette gr\u00e8ve intervient pr\u00e8s de deux mois apr\u00e8s le spectaculaire <a data-i13n=\"cpos:1;pos:1\" href=\"https:\/\/fr.news.yahoo.com\/cambriolage-au-louvre-quatri%C3%A8me-membre-131417798.html\" data-ylk=\"slk:cambriolage du mus\u00e9e;cpos:1;pos:1;elm:context_link;itc:0;sec:content-canvas;outcm:mb_qualified_link;_E:mb_qualified_link;ct:story;\" class=\"link  yahoo-link\" target=\"_blank\" rel=\"noopener\">cambriolage du mus\u00e9e <\/a>et la mise \u00e0 nu de ses <a data-i13n=\"cpos:2;pos:1\" href=\"https:\/\/fr.news.yahoo.com\/casse-louvre-rapport-troublant-pointait-082928258.html\" data-ylk=\"slk:nombreux dysfonctionnements;cpos:2;pos:1;elm:context_link;itc:0;sec:content-canvas;outcm:mb_qualified_link;_E:mb_qualified_link;ct:story;\" class=\"link  yahoo-link\" target=\"_blank\" rel=\"noopener\">nombreux dysfonctionnements<\/a>.<\/p>\n<p class=\"mb-4 text-lg md:leading-8 break-words\">Quelque 400 agents ont vot\u00e9 cette \u00ab gr\u00e8ve reconductible \u00bb, ont indiqu\u00e9 la CGT et la CFDT. Les salari\u00e9s du Louvre souhaitent ainsi d\u00e9noncer la d\u00e9t\u00e9rioration de leurs conditions de travail, mais aussi la d\u00e9gradation de l\u2019accueil du public dans le mus\u00e9e le plus visit\u00e9 au monde.<\/p>\n<p class=\"mb-4 text-lg md:leading-8 break-words\"><a data-i13n=\"cpos:3;pos:1\" href=\"https:\/\/fr.news.yahoo.com\/au-louvre-fuite-d-eau-204452456.html\" data-ylk=\"slk:Au Louvre, une fuite d\u2019eau sale endommage des livres rares du d\u00e9partement des antiquit\u00e9s \u00e9gyptiennes;cpos:3;pos:1;elm:context_link;itc:0;sec:content-canvas;outcm:mb_qualified_link;_E:mb_qualified_link;ct:story;\" class=\"link  yahoo-link\" target=\"_blank\" rel=\"noopener\">Au Louvre, une fuite d\u2019eau sale endommage des livres rares du d\u00e9partement des antiquit\u00e9s \u00e9gyptiennes <\/a><\/p>\n<p class=\"mb-4 text-lg md:leading-8 break-words\">La direction du mus\u00e9e a pour sa part indiqu\u00e9 qu\u2019elle recensait actuellement les agents non-gr\u00e9vistes pour pouvoir envisager une ouverture du mus\u00e9e ce lundi. Dans la matin\u00e9e, de nombreux visiteurs munis d\u2019un billet ont \u00e9t\u00e9 \u00e9conduits. \u00ab Je suis vraiment d\u00e9\u00e7u, le Louvre \u00e9tait la raison principale de notre venue \u00e0 Paris, parce que nous voulions voir Mona Lisa \u00bb, a confi\u00e9 un touriste cor\u00e9en \u00e0 l\u2019AFP.<\/p>\n<p class=\"mb-4 text-lg md:leading-8 break-words\">\u00ab Visiter le Louvre est devenu un v\u00e9ritable parcours du combattant \u00bb, ont d\u00e9nonc\u00e9 les syndicats dans leurs pr\u00e9avis de gr\u00e8ve, alors que la salle d\u2019exposition de La Joconde est chaque jour bond\u00e9e, que le plafond de la <a data-i13n=\"cpos:4;pos:1\" href=\"https:\/\/fr.news.yahoo.com\/louvre-ferme-galerie-au-public-154455010.html\" data-ylk=\"slk:galerie Campana;cpos:4;pos:1;elm:context_link;itc:0;sec:content-canvas;outcm:mb_qualified_link;_E:mb_qualified_link;ct:story;\" class=\"link  yahoo-link\" target=\"_blank\" rel=\"noopener\">galerie Campana<\/a> a r\u00e9cemment menac\u00e9 de s\u2019effondrer et qu\u2019une une fuite d\u2019eau a endommag\u00e9 des centaines de livres rares fin novembre.<\/p>\n<p class=\"mb-4 text-lg md:leading-8 break-words\">Le cambriolage du mus\u00e9e mi-octobre \u00ab a mis en lumi\u00e8re les d\u00e9faillances de priorisations pourtant signal\u00e9es de longue date \u00bb, soulignent \u00e9galement la CGT et la CFDT. Les syndicats d\u00e9plorent que les employ\u00e9s du mus\u00e9e \u00ab sont emp\u00each\u00e9s d\u2019accomplir leurs missions de service public \u00bb en raison de leurs conditions de travail.<\/p>\n<p>\u00c9chec des discussions avec Rachida Dati<\/p>\n<p class=\"mb-4 text-lg md:leading-8 break-words\">Pour tenter d\u2019\u00e9viter une fermeture du mus\u00e9e \u00e0 l\u2019approche des <a data-i13n=\"cpos:5;pos:1\" href=\"https:\/\/fr.news.yahoo.com\/france-inter-clara-luciani-prend-102150845.html\" data-ylk=\"slk:vacances de No\u00ebl;cpos:5;pos:1;elm:context_link;itc:0;sec:content-canvas;outcm:mb_qualified_link;_E:mb_qualified_link;ct:story;\" class=\"link  yahoo-link\" target=\"_blank\" rel=\"noopener\">vacances de No\u00ebl<\/a>, des r\u00e9unions avaient eu lieu la semaine derni\u00e8re au minist\u00e8re de la Culture avec les syndicats, dont une avec <a data-i13n=\"cpos:6;pos:1\" href=\"https:\/\/fr.news.yahoo.com\/municipales-2026-r%C3%A9v%C3%A8le-strat%C3%A9gie-tr%C3%A8s-060018093.html\" data-ylk=\"slk:Rachida Dati;cpos:6;pos:1;elm:context_link;itc:0;sec:content-canvas;outcm:mb_qualified_link;_E:mb_qualified_link;ct:story;\" class=\"link  yahoo-link\" target=\"_blank\" rel=\"noopener\">Rachida Dati<\/a> en personne. La ministre s\u2019\u00e9tait engag\u00e9e \u00e0 revenir sur la baisse de 5,7 millions d\u2019euros de dotation publique au Louvre pr\u00e9vue dans le projet de loi de finances 2026. Une promesse qui n\u2019a finalement pas convaincu les syndicats.<\/p>\n<p class=\"mb-4 text-lg md:leading-8 break-words\">En parall\u00e8le de ce conflit social, le mus\u00e9e doit faire face \u00e0 une r\u00e9organisation \u00e0 marche forc\u00e9e et continuer de r\u00e9pondre aux interrogations sur les failles qui ont permis \u00e0 un commando de s\u2019emparer de huit joyaux de la Couronne en octobre. Ces bijoux sont <a data-i13n=\"cpos:7;pos:1\" href=\"https:\/\/fr.news.yahoo.com\/vol-bijoux-au-mus%C3%A9e-louvre-170000706.html\" data-ylk=\"slk:toujours introuvables;cpos:7;pos:1;elm:context_link;itc:0;sec:content-canvas;outcm:mb_qualified_link;_E:mb_qualified_link;ct:story;\" class=\"link  yahoo-link\" target=\"_blank\" rel=\"noopener\">toujours introuvables<\/a>.<\/p>\n<p class=\"mb-4 text-lg md:leading-8 break-words\">Fragilis\u00e9e, la pr\u00e9sidente du Louvre Laurence des Cars devra, en l\u2019espace de quelques mois, travailler en tandem avec Philippe Jost, le haut fonctionnaire charg\u00e9 du chantier de reconstruction de Notre-Dame, \u00e0 qui Rachida Dati a confi\u00e9 vendredi la mission de \u00ab r\u00e9organiser en profondeur le mus\u00e9e \u00bb. Le minist\u00e8re de la Culture a pr\u00e9cis\u00e9 que la mission de Philippe Jost serait men\u00e9e en janvier et f\u00e9vrier et que ses premi\u00e8res recommandations \u00e9taient attendues \u00ab fin f\u00e9vrier \u00bb.<\/p>\n<p class=\"mb-4 text-lg md:leading-8 break-words\"><a data-i13n=\"cpos:8;pos:1\" href=\"https:\/\/fr.news.yahoo.com\/casse-louvre-s-invite-municipales-125957886.html\" data-ylk=\"slk:Le casse du Louvre s\u2019invite dans les municipales \u00e0 Paris entre Dati et la gauche;cpos:8;pos:1;elm:context_link;itc:0;sec:content-canvas;outcm:mb_qualified_link;_E:mb_qualified_link;ct:story;\" class=\"link  yahoo-link\" target=\"_blank\" rel=\"noopener\"> Le casse du Louvre s\u2019invite dans les municipales \u00e0 Paris entre Dati et la gauche <\/a><\/p>\n<p class=\"mb-4 text-lg md:leading-8 break-words\"><a data-i13n=\"cpos:9;pos:1\" href=\"https:\/\/fr.news.yahoo.com\/avant-vol-au-louvre-pr%C3%A9sidente-192415137.html\" data-ylk=\"slk:Avant le vol au Louvre, sa pr\u00e9sidente \u00e9tait persuad\u00e9e que la galerie d\u2019Apollon \u00e9tait s\u00e9curis\u00e9e;cpos:9;pos:1;elm:context_link;itc:0;sec:content-canvas;outcm:mb_qualified_link;_E:mb_qualified_link;ct:story;\" class=\"link  yahoo-link\" target=\"_blank\" rel=\"noopener\"> Avant le vol au Louvre, sa pr\u00e9sidente \u00e9tait persuad\u00e9e que la galerie d\u2019Apollon \u00e9tait s\u00e9curis\u00e9e <\/a><\/p>\n","protected":false},"excerpt":{"rendered":"Un nouveau coup dur pour le Louvre. Le c\u00e9l\u00e8bre mus\u00e9e parisien n\u2019ouvrira pas ses portes au public ce&hellip;\n","protected":false},"author":2,"featured_media":603202,"comment_status":"","ping_status":"","sticky":false,"template":"","format":"standard","meta":{"footnotes":""},"categories":[1358],"tags":[1348,1384,1385,29937,1386,58,59,1011,27,71554,51394,12842,71555,417],"class_list":{"0":"post-603201","1":"post","2":"type-post","3":"status-publish","4":"format-standard","5":"has-post-thumbnail","7":"category-arts-et-design","8":"tag-arts","9":"tag-arts-and-design","10":"tag-arts-et-design","11":"tag-conditions-de-travail","12":"tag-design","13":"tag-divertissement","14":"tag-entertainment","15":"tag-fr","16":"tag-france","17":"tag-laccueil-du-public","18":"tag-la-matinee","19":"tag-le-louvre","20":"tag-preavis-de-greve","21":"tag-rachida-dati"},"share_on_mastodon":{"url":"https:\/\/pubeurope.com\/@fr\/115729831261565748","error":""},"_links":{"self":[{"href":"https:\/\/www.europesays.com\/fr\/wp-json\/wp\/v2\/posts\/603201","targetHints":{"allow":["GET"]}}],"collection":[{"href":"https:\/\/www.europesays.com\/fr\/wp-json\/wp\/v2\/posts"}],"about":[{"href":"https:\/\/www.europesays.com\/fr\/wp-json\/wp\/v2\/types\/post"}],"author":[{"embeddable":true,"href":"https:\/\/www.europesays.com\/fr\/wp-json\/wp\/v2\/users\/2"}],"replies":[{"embeddable":true,"href":"https:\/\/www.europesays.com\/fr\/wp-json\/wp\/v2\/comments?post=603201"}],"version-history":[{"count":0,"href":"https:\/\/www.europesays.com\/fr\/wp-json\/wp\/v2\/posts\/603201\/revisions"}],"wp:featuredmedia":[{"embeddable":true,"href":"https:\/\/www.europesays.com\/fr\/wp-json\/wp\/v2\/media\/603202"}],"wp:attachment":[{"href":"https:\/\/www.europesays.com\/fr\/wp-json\/wp\/v2\/media?parent=603201"}],"wp:term":[{"taxonomy":"category","embeddable":true,"href":"https:\/\/www.europesays.com\/fr\/wp-json\/wp\/v2\/categories?post=603201"},{"taxonomy":"post_tag","embeddable":true,"href":"https:\/\/www.europesays.com\/fr\/wp-json\/wp\/v2\/tags?post=603201"}],"curies":[{"name":"wp","href":"https:\/\/api.w.org\/{rel}","templated":true}]}}