{"id":60321,"date":"2025-04-28T22:22:23","date_gmt":"2025-04-28T22:22:23","guid":{"rendered":"https:\/\/www.europesays.com\/fr\/60321\/"},"modified":"2025-04-28T22:22:23","modified_gmt":"2025-04-28T22:22:23","slug":"meteo-soleil-et-jusqua-26-degres-le-mercure-grimpe-dans-le-nord","status":"publish","type":"post","link":"https:\/\/www.europesays.com\/fr\/60321\/","title":{"rendered":"M\u00e9t\u00e9o. Soleil et jusqu\u2019\u00e0 26 degr\u00e9s : le mercure grimpe dans le Nord"},"content":{"rendered":"<p>            Par<br \/>\n        <strong><br \/>\n            <a href=\"https:\/\/actu.fr\/auteur\/amandine-vachez\" title=\"Consulter tous les articles de Amandine Vachez\" rel=\"nofollow noopener\" target=\"_blank\">Amandine Vachez<\/a><br \/>\n        <\/strong><\/p>\n<p>        Publi\u00e9 le<\/p>\n<p>            28 avr. 2025 \u00e0 6h36        <\/p>\n<p>Serait-ce le retour du printemps\u2009? Il semblerait\u2009! <a href=\"https:\/\/actu.fr\/tag\/meteo-france\" rel=\"nofollow noopener\" target=\"_blank\">M\u00e9t\u00e9o France<\/a> pr\u00e9voit une semaine douce dans le<b> Nord <\/b>et le <b>Pas-de-Calais<\/b>, avec des <b>journ\u00e9es ensoleill\u00e9es.<\/b> Le mercure va grimper aussi, avec<b> jusqu\u2019\u00e0 26\u00a0\u00b0C dans le Nord<\/b> et 25 \u00e0 Lille et Arras\u2009!<\/p>\n<p>Un grand soleil pour ouvrir la semaine du 1er-Mai<\/p>\n<p class=\" wall-content\">Ce dimanche a donn\u00e9 le ton de la prochaine semaine, dans le Nord et le Pas-de-Calais. Grand soleil lundi et des temp\u00e9ratures aux alentours de 16-17\u00a0\u00b0C le matin et 20-22\u00a0\u00b0C l\u2019apr\u00e8s-midi\u2009!<\/p>\n<p class=\" wall-content\">Mardi ce sera sensiblement la m\u00eame chose, avec jusqu\u2019\u00e0 23\u00a0\u00b0C \u00e0 Lille et Arras l\u2019apr\u00e8s-midi.<\/p>\n<p class=\" wall-content\">\u00c7a grimpera au fil des jours, avec 24-25\u00a0\u00b0C mercredi, jeudi et vendredi apr\u00e8s-midi. Le thermom\u00e8tre devrait m\u00eame monter jusqu\u2019\u00e0 26 dans le sud du Nord, \u00e0 Avesnes-sur-Helpe\u2009!<\/p>\n<p>Quelques nuages ce week-end mais des temp\u00e9ratures douces<\/p>\n<p class=\" wall-content\">Il fera un peu plus frais samedi, avec 15\u00a0\u00b0C sur la c\u00f4te et entre 21 et 23\u00a0\u00b0C dans les terres. Quelques nuages s\u2019inviteront dans le ciel le dimanche, avec 13 \u00e0 17\u00a0\u00b0C sur le territoire. Mais pas de pluie au programme, selon M\u00e9t\u00e9o France.<\/p>\n<p>Vid\u00e9os : en ce moment sur Actu<\/p>\n<p class=\" wall-content\">Les nuits seront assez douces, avec une petite dizaine de degr\u00e9s. Les derniers \u00e0 l\u2019avoir encore en fonction vont peut-\u00eatre pouvoir couper le chauffage\u2026<\/p>\n<p class=\" wall-content\">En bref, de la lumi\u00e8re et de la chaleur\u2009: voil\u00e0 un temps printanier\u2009!<\/p>\n<p class=\" wall-content\">Suivez toute l\u2019actualit\u00e9 de vos villes et m\u00e9dias favoris en vous inscrivant \u00e0 <a href=\"https:\/\/moncompte.actu.fr\" title=\"D\u00e9couvez Mon Actu\" rel=\"nofollow noopener\" data-trk=\"{&quot;cta&quot;:{&quot;action&quot;:&quot;https:\\\/\\\/moncompte.actu.fr&quot;,&quot;category&quot;:&quot;mon compte&quot;,&quot;from&quot;:&quot;article footer&quot;,&quot;name&quot;:&quot;Mon actu&quot;,&quot;type&quot;:&quot;cta&quot;}}\" target=\"_blank\">Mon Actu<\/a>.<\/p>\n","protected":false},"excerpt":{"rendered":"Par Amandine Vachez Publi\u00e9 le 28 avr. 2025 \u00e0 6h36 Serait-ce le retour du printemps\u2009? Il semblerait\u2009! M\u00e9t\u00e9o&hellip;\n","protected":false},"author":2,"featured_media":60322,"comment_status":"","ping_status":"","sticky":false,"template":"","format":"standard","meta":{"footnotes":""},"categories":[2815],"tags":[1111,11,1777,674,1011,27,811,1307,2357,12,25,104],"class_list":{"0":"post-60321","1":"post","2":"type-post","3":"status-publish","4":"format-standard","5":"has-post-thumbnail","7":"category-lille","8":"tag-actu","9":"tag-actualites","10":"tag-eu","11":"tag-europe","12":"tag-fr","13":"tag-france","14":"tag-hauts-de-france","15":"tag-lille","16":"tag-meteo-france","17":"tag-news","18":"tag-republique-francaise","19":"tag-societe"},"share_on_mastodon":{"url":"https:\/\/pubeurope.com\/@fr\/114417929002073038","error":""},"_links":{"self":[{"href":"https:\/\/www.europesays.com\/fr\/wp-json\/wp\/v2\/posts\/60321","targetHints":{"allow":["GET"]}}],"collection":[{"href":"https:\/\/www.europesays.com\/fr\/wp-json\/wp\/v2\/posts"}],"about":[{"href":"https:\/\/www.europesays.com\/fr\/wp-json\/wp\/v2\/types\/post"}],"author":[{"embeddable":true,"href":"https:\/\/www.europesays.com\/fr\/wp-json\/wp\/v2\/users\/2"}],"replies":[{"embeddable":true,"href":"https:\/\/www.europesays.com\/fr\/wp-json\/wp\/v2\/comments?post=60321"}],"version-history":[{"count":0,"href":"https:\/\/www.europesays.com\/fr\/wp-json\/wp\/v2\/posts\/60321\/revisions"}],"wp:featuredmedia":[{"embeddable":true,"href":"https:\/\/www.europesays.com\/fr\/wp-json\/wp\/v2\/media\/60322"}],"wp:attachment":[{"href":"https:\/\/www.europesays.com\/fr\/wp-json\/wp\/v2\/media?parent=60321"}],"wp:term":[{"taxonomy":"category","embeddable":true,"href":"https:\/\/www.europesays.com\/fr\/wp-json\/wp\/v2\/categories?post=60321"},{"taxonomy":"post_tag","embeddable":true,"href":"https:\/\/www.europesays.com\/fr\/wp-json\/wp\/v2\/tags?post=60321"}],"curies":[{"name":"wp","href":"https:\/\/api.w.org\/{rel}","templated":true}]}}