{"id":603219,"date":"2025-12-16T15:11:52","date_gmt":"2025-12-16T15:11:52","guid":{"rendered":"https:\/\/www.europesays.com\/fr\/603219\/"},"modified":"2025-12-16T15:11:52","modified_gmt":"2025-12-16T15:11:52","slug":"une-trentaine-de-personnes-majoritairement-des-militaires-ecrouees","status":"publish","type":"post","link":"https:\/\/www.europesays.com\/fr\/603219\/","title":{"rendered":"une trentaine de personnes, majoritairement des militaires, \u00e9crou\u00e9es"},"content":{"rendered":"<p>                      <img loading=\"lazy\" decoding=\"async\" src=\"https:\/\/www.europesays.com\/fr\/wp-content\/uploads\/2025\/12\/a054649_ftp-1-5nox8qcor9yr-2025-12-08t233546z-1666495857-rc2gcia18u3o-rtrmadp-3-benin-security.JPG\" alt=\"L\u2019arm\u00e9e patrouille dans les rues de Cotonou, au lendemain d\u2019une tentative de coup d\u2019Etat militaire d\u00e9jou\u00e9e le jour m\u00eame, le 8\u00a0d\u00e9cembre\u00a02025.\"   width=\"664\" height=\"443\"\/>    L\u2019arm\u00e9e patrouille dans les rues de Cotonou, au lendemain d\u2019une tentative de coup d\u2019Etat militaire d\u00e9jou\u00e9e le jour m\u00eame, le 8\u00a0d\u00e9cembre\u00a02025.  CHARLES PLACIDE TOSSOU\/REUTERS                        <\/p>\n<p class=\"article__paragraph  \">Une trentaine de personnes, majoritairement des militaires, ont \u00e9t\u00e9 \u00e9crou\u00e9es, mardi 16\u00a0d\u00e9cembre, apr\u00e8s avoir \u00e9t\u00e9 arr\u00eat\u00e9es \u00e0 la suite de la tentative de coup d\u2019Etat d\u00e9jou\u00e9e au B\u00e9nin d\u00e9but d\u00e9cembre, a appris l\u2019Agence France-Presse (AFP) de sources judiciaires.<\/p>\n<p>                                          Lire aussi |  Article r\u00e9serv\u00e9 \u00e0 nos abonn\u00e9s  <a href=\"https:\/\/www.lemonde.fr\/afrique\/article\/2025\/12\/07\/au-benin-le-pouvoir-affirme-avoir-dejoue-une-tentative-de-coup-d-etat_6656383_3212.html\" class=\"js-article-read-also catcher--favoris__link\" data-premium=\"1\" id=\"article-title-3450005\" target=\"_blank\" rel=\"noopener\">Le B\u00e9nin fr\u00f4le le basculement apr\u00e8s une tentative de putsch<\/a>    <\/p>\n<p>   Lire plus tard  <\/p>\n<p class=\"article__paragraph  \">Le 7\u00a0d\u00e9cembre, des mutins affirmaient \u00e0 la t\u00e9l\u00e9vision nationale avoir destitu\u00e9 le pr\u00e9sident, Patrice Talon. Le putsch a finalement \u00e9t\u00e9 d\u00e9jou\u00e9 le m\u00eame jour, par l\u2019arm\u00e9e b\u00e9ninoise, qui a ensuite re\u00e7u l\u2019appui du Nigeria voisin et de la France. Plusieurs personnes sont mortes et des mutins, dont leur leader, le lieutenant-colonel Pascal Tigri, sont toujours en fuite.<\/p>\n<p class=\"article__paragraph  \">Une trentaine de personnes ont \u00e9t\u00e9 pr\u00e9sent\u00e9es, lundi, au procureur sp\u00e9cial de la Cour de r\u00e9pression des infractions \u00e9conomiques et du terrorisme (Criet) \u00e0 Cotonou, puis ont \u00e9t\u00e9 plac\u00e9es sous mandat de d\u00e9p\u00f4t, mardi, \u00e0 l\u2019issue de leur audition, ont indiqu\u00e9 des sources judiciaires. Elles sont poursuivies pour \u00ab\u00a0trahison\u00a0\u00bb, \u00ab\u00a0assassinat\u00a0\u00bb et \u00ab\u00a0attentat \u00e0 la s\u00fbret\u00e9 de l\u2019Etat\u00a0\u00bb, indiquent les m\u00eames sources. Un fort d\u00e9ploiement s\u00e9curitaire \u00e9tait visible aux abords du tribunal, a constat\u00e9 l\u2019AFP.<\/p>\n<p>                  Remise en libert\u00e9 de Chabi Yayi                  <\/p>\n<p class=\"article__paragraph  \">Par ailleurs, Chabi Yayi, fils de l\u2019ancien pr\u00e9sident et d\u00e9sormais opposant Thomas Boni Yayi, a \u00e9t\u00e9 remis en libert\u00e9, lundi, apr\u00e8s son audition par la police judiciaire, mais reste poursuivi lui aussi en lien avec la tentative de coup d\u2019Etat, pour des motifs inconnus. Chabi Yayi est membre du parti d\u2019opposition pr\u00e9sid\u00e9 par son p\u00e8re, Les D\u00e9mocrates. Sa garde \u00e0 vue a \u00e9t\u00e9 lev\u00e9e et il est libre de ses mouvements, ont pr\u00e9cis\u00e9 \u00e0 l\u2019AFP plusieurs de ses proches joints par t\u00e9l\u00e9phone mardi. Il est attendu de nouveau dans les locaux de la police judiciaire, jeudi, selon des sources judiciaires.<\/p>\n<p>                                     Lire aussi |  Article r\u00e9serv\u00e9 \u00e0 nos abonn\u00e9s  <a href=\"https:\/\/www.lemonde.fr\/afrique\/article\/2025\/12\/12\/tentative-de-coup-d-etat-au-benin-la-junte-nigerienne-soupconnee-d-avoir-soutenu-les-putschistes_6657094_3212.html\" class=\"js-article-read-also catcher--favoris__link\" data-premium=\"1\" id=\"article-title-3450841\" target=\"_blank\" rel=\"noopener\">Tentative de coup d\u2019Etat au B\u00e9nin\u00a0: la junte nig\u00e9rienne soup\u00e7onn\u00e9e d\u2019avoir soutenu les putschistes<\/a>    <\/p>\n<p>   Lire plus tard  <\/p>\n<p class=\"article__paragraph  \">Si Patrice Talon est salu\u00e9 pour le d\u00e9veloppement \u00e9conomique du B\u00e9nin, il est aussi r\u00e9guli\u00e8rement accus\u00e9 par ses d\u00e9tracteurs d\u2019avoir op\u00e9r\u00e9 un virage autoritaire, dans un pays autrefois salu\u00e9 pour le dynamisme de sa d\u00e9mocratie. Il doit passer la main en avril, lors de l\u2019\u00e9lection pr\u00e9sidentielle, car il arrive au terme de ses deux mandats, le maximum autoris\u00e9 par la Constitution.<\/p>\n<p class=\"author__detail\">  Le Monde avec AFP  <\/p>\n<p>                <a href=\"https:\/\/www.lemonde.fr\/syndication\/\" class=\"reuse__content\" title=\"R\u00e9utiliser ce contenu\" target=\"_blank\" rel=\"noopener\">R\u00e9utiliser ce contenu<\/a>      <\/p>\n","protected":false},"excerpt":{"rendered":"L\u2019arm\u00e9e patrouille dans les rues de Cotonou, au lendemain d\u2019une tentative de coup d\u2019Etat militaire d\u00e9jou\u00e9e le jour&hellip;\n","protected":false},"author":2,"featured_media":603220,"comment_status":"","ping_status":"","sticky":false,"template":"","format":"standard","meta":{"footnotes":""},"categories":[5],"tags":[11,1011,27,14,12,28],"class_list":{"0":"post-603219","1":"post","2":"type-post","3":"status-publish","4":"format-standard","5":"has-post-thumbnail","7":"category-international","8":"tag-actualites","9":"tag-fr","10":"tag-france","11":"tag-international","12":"tag-news","13":"tag-world"},"share_on_mastodon":{"url":"https:\/\/pubeurope.com\/@fr\/115729899277414324","error":""},"_links":{"self":[{"href":"https:\/\/www.europesays.com\/fr\/wp-json\/wp\/v2\/posts\/603219","targetHints":{"allow":["GET"]}}],"collection":[{"href":"https:\/\/www.europesays.com\/fr\/wp-json\/wp\/v2\/posts"}],"about":[{"href":"https:\/\/www.europesays.com\/fr\/wp-json\/wp\/v2\/types\/post"}],"author":[{"embeddable":true,"href":"https:\/\/www.europesays.com\/fr\/wp-json\/wp\/v2\/users\/2"}],"replies":[{"embeddable":true,"href":"https:\/\/www.europesays.com\/fr\/wp-json\/wp\/v2\/comments?post=603219"}],"version-history":[{"count":0,"href":"https:\/\/www.europesays.com\/fr\/wp-json\/wp\/v2\/posts\/603219\/revisions"}],"wp:featuredmedia":[{"embeddable":true,"href":"https:\/\/www.europesays.com\/fr\/wp-json\/wp\/v2\/media\/603220"}],"wp:attachment":[{"href":"https:\/\/www.europesays.com\/fr\/wp-json\/wp\/v2\/media?parent=603219"}],"wp:term":[{"taxonomy":"category","embeddable":true,"href":"https:\/\/www.europesays.com\/fr\/wp-json\/wp\/v2\/categories?post=603219"},{"taxonomy":"post_tag","embeddable":true,"href":"https:\/\/www.europesays.com\/fr\/wp-json\/wp\/v2\/tags?post=603219"}],"curies":[{"name":"wp","href":"https:\/\/api.w.org\/{rel}","templated":true}]}}