{"id":603225,"date":"2025-12-16T15:26:28","date_gmt":"2025-12-16T15:26:28","guid":{"rendered":"https:\/\/www.europesays.com\/fr\/603225\/"},"modified":"2025-12-16T15:26:28","modified_gmt":"2025-12-16T15:26:28","slug":"saint-etienne-de-tulmont-le-maire-sortant-annonce-sa-candidature","status":"publish","type":"post","link":"https:\/\/www.europesays.com\/fr\/603225\/","title":{"rendered":"Saint-\u00c9tienne-de-Tulmont\u00a0: le maire sortant annonce sa candidature"},"content":{"rendered":"<p>\n                                                                    l&rsquo;essentiel<br \/>\n                                                                Le maire de Saint-\u00c9tienne-de-Tulmont (Tarn-et-Garonne) officialise sa candidature \u00e0 sa r\u00e9\u00e9lection. Fort du bilan des six derni\u00e8res ann\u00e9es, il entend poursuivre les projets engag\u00e9s, d\u00e9fendre les services publics de proximit\u00e9 et renforcer l\u2019attractivit\u00e9 du territoire.\n                            <\/p>\n<p>\u00ab\u00a0C\u2019est avec une profonde \u00e9motion et un grand sens des responsabilit\u00e9s que je vous annonce \u00eatre candidat \u00e0 ma r\u00e9\u00e9lection pour ce prochain mandat. Depuis six ans, vous m\u2019avez accord\u00e9 votre confiance pour servir notre commune de Saint-Etienne-de-Tulmont.<\/p>\n<p>J\u2019ai consacr\u00e9 toute mon \u00e9nergie \u00e0 d\u00e9fendre nos int\u00e9r\u00eats, \u00e0 am\u00e9liorer notre quotidien et \u00e0 pr\u00e9parer l\u2019avenir de notre territoire. Au cours de ce mandat, nous avons travers\u00e9 des moments de d\u00e9fis et connu de belles r\u00e9ussites.\u00a0\u00bb<\/p>\n<p>\u00ab\u00a0Me battre pour accueillir un nouveau m\u00e9decin\u00a0\u00bb<\/p>\n<p>\u00ab\u00a0Ensemble, nous avons modernis\u00e9 nos \u00e9quipements publics, accueilli un nouveau m\u00e9decin, soutenu nos commerces de proximit\u00e9, renforc\u00e9 la vie associative et engag\u00e9 des projets essentiels pour notre qualit\u00e9 de vie. Saint-\u00c9tienne-de-Tulmont grandit et se transforme dans le bon sens, sans augmentation d\u2019imp\u00f4ts et en r\u00e9duisant son endettement. Rien de tout cela n\u2019aurait \u00e9t\u00e9 possible sans votre participation, vos id\u00e9es et parfois vos critiques, toujours constructives.<\/p>\n<p>Mais un mandat n\u2019est jamais une fin en soi. La commune a encore des ambitions, et j\u2019ai encore la volont\u00e9 et la d\u00e9termination de les porter dans l\u2019int\u00e9r\u00eat g\u00e9n\u00e9ral. Je souhaite poursuivre pleinement les chantiers engag\u00e9s\u00a0: garantir votre s\u00e9curit\u00e9, toujours de fa\u00e7on plus efficace, et lutter contre les incivilit\u00e9s\u00a0; accompagner nos jeunes, nos a\u00een\u00e9s et toutes celles et ceux qui ont besoin d\u2019un service public proche et humain\u00a0; encourager l\u2019attractivit\u00e9 \u00e9conomique et culturelle qui fait l\u2019identit\u00e9 de notre territoire\u00a0; poursuivre la transition \u00e9cologique de notre commune. Je me repr\u00e9sente pour continuer \u00e0 agir, et non pour me contenter du travail accompli. Comme je le fais depuis six ans, je continuerai \u00e0 me battre pour accueillir au moins un nouveau m\u00e9decin sur notre village. Je vous communiquerai, dans quelques semaines, la liste de mes colistiers qui ont d\u00e9cid\u00e9 de m\u2019accompagner dans un projet \u00e0 votre service.\u00a0\u00bb<\/p>\n","protected":false},"excerpt":{"rendered":"l&rsquo;essentiel Le maire de Saint-\u00c9tienne-de-Tulmont (Tarn-et-Garonne) officialise sa candidature \u00e0 sa r\u00e9\u00e9lection. Fort du bilan des six derni\u00e8res&hellip;\n","protected":false},"author":2,"featured_media":603226,"comment_status":"","ping_status":"","sticky":false,"template":"","format":"standard","meta":{"footnotes":""},"categories":[9653],"tags":[1111,11,2430,1777,674,1011,27,329,3434,12,316,25,4001,70725,36586,37919],"class_list":{"0":"post-603225","1":"post","2":"type-post","3":"status-publish","4":"format-standard","5":"has-post-thumbnail","7":"category-saint-etienne","8":"tag-actu","9":"tag-actualites","10":"tag-auvergne-rhone-alpes","11":"tag-eu","12":"tag-europe","13":"tag-fr","14":"tag-france","15":"tag-france-monde","16":"tag-municipales-2026","17":"tag-news","18":"tag-politique","19":"tag-republique-francaise","20":"tag-saint-etienne","21":"tag-saintetiennedetulmont","22":"tag-tarn-et-garonne","23":"tag-u00c9lections"},"share_on_mastodon":{"url":"https:\/\/pubeurope.com\/@fr\/115729949277205068","error":""},"_links":{"self":[{"href":"https:\/\/www.europesays.com\/fr\/wp-json\/wp\/v2\/posts\/603225","targetHints":{"allow":["GET"]}}],"collection":[{"href":"https:\/\/www.europesays.com\/fr\/wp-json\/wp\/v2\/posts"}],"about":[{"href":"https:\/\/www.europesays.com\/fr\/wp-json\/wp\/v2\/types\/post"}],"author":[{"embeddable":true,"href":"https:\/\/www.europesays.com\/fr\/wp-json\/wp\/v2\/users\/2"}],"replies":[{"embeddable":true,"href":"https:\/\/www.europesays.com\/fr\/wp-json\/wp\/v2\/comments?post=603225"}],"version-history":[{"count":0,"href":"https:\/\/www.europesays.com\/fr\/wp-json\/wp\/v2\/posts\/603225\/revisions"}],"wp:featuredmedia":[{"embeddable":true,"href":"https:\/\/www.europesays.com\/fr\/wp-json\/wp\/v2\/media\/603226"}],"wp:attachment":[{"href":"https:\/\/www.europesays.com\/fr\/wp-json\/wp\/v2\/media?parent=603225"}],"wp:term":[{"taxonomy":"category","embeddable":true,"href":"https:\/\/www.europesays.com\/fr\/wp-json\/wp\/v2\/categories?post=603225"},{"taxonomy":"post_tag","embeddable":true,"href":"https:\/\/www.europesays.com\/fr\/wp-json\/wp\/v2\/tags?post=603225"}],"curies":[{"name":"wp","href":"https:\/\/api.w.org\/{rel}","templated":true}]}}