{"id":603235,"date":"2025-12-16T15:34:14","date_gmt":"2025-12-16T15:34:14","guid":{"rendered":"https:\/\/www.europesays.com\/fr\/603235\/"},"modified":"2025-12-16T15:34:14","modified_gmt":"2025-12-16T15:34:14","slug":"fanny-montagne-premier-bilan-et-la-place-du-8-mai-1945-reamenagee","status":"publish","type":"post","link":"https:\/\/www.europesays.com\/fr\/603235\/","title":{"rendered":"Fanny Montagn\u00e9 \u00ab\u00a0Premier bilan\u00a0\u00bb et la place du 8 Mai 1945 r\u00e9am\u00e9nag\u00e9e"},"content":{"rendered":"<p>                    Par<br \/>\n        <strong><br \/>\n            <a href=\"https:\/\/actu.fr\/auteur\/metropoop\" title=\"Consulter tous les articles de R\u00e9daction M\u00e9tropolitain\" target=\"_blank\" rel=\"noopener\">R\u00e9daction M\u00e9tropolitain<\/a><br \/>\n                    <\/strong><\/p>\n<p>        Publi\u00e9 le<\/p>\n<p>            16 d\u00e9c. 2025 \u00e0 11h15        <\/p>\n<p>Comme chaque semaine,<strong> l\u2019hebdomadaire M\u00e9tropolitain<\/strong> vous propose un autre regard sur <strong>l\u2019actualit\u00e9 de Montpellier et de l\u2019H\u00e9rault<\/strong>. D\u00e9couvrez le sommaire de notre nouveau num\u00e9ro.<\/p>\n<p>\u00c0 la Une<\/p>\n<p class=\" wall-content\">La <strong>Caisse d\u2019Epargne Languedoc-Roussillon<\/strong> fait des transitions environnementales et soci\u00e9tales un axe majeur de sa strat\u00e9gie. Pour acc\u00e9l\u00e9rer encore cette dynamique, elle a cr\u00e9\u00e9, il y a juste 1 an, une direction d\u00e9di\u00e9e \u00e0 l\u2019Impact et la RSE. \u00c0 sa t\u00eate, <strong>Fanny Montagn\u00e9<\/strong>. La nouvelle directrice revient aujourd\u2019hui sur les derniers d\u00e9fis relev\u00e9s, les actions concr\u00e8tes d\u00e9ploy\u00e9es par la Caisse et l\u2019ambition d\u2019une institution financi\u00e8re qu\u2019elle souhaite \u00ab\u00a0aussi exemplaire que chacun est en droit de l\u2019attendre d\u2019un partenaire\u00a0\u00bb. Rencontre.<\/p>\n<p>News.<\/p>\n<p class=\" wall-content\"><strong>\u00c9conomie :<\/strong> \u00c0 Montpellier, une histoire de fid\u00e9lit\u00e9 entre le MHB et FDI autour du handball<\/p>\n<p class=\" wall-content\"><strong>La vid\u00e9o de la semaine :<\/strong> Mus\u00e9e de Lod\u00e8ve : l\u2019exposition \u00e9v\u00e9nement qui m\u00eale culture populaire et science du vivant<\/p>\n<p class=\" wall-content\"><strong>Montpellier :<\/strong> la place du 8 Mai 1945 m\u00e9connaissable apr\u00e8s sa m\u00e9tamorphose<\/p>\n<p>Vid\u00e9os : en ce moment sur ActuLifestyle.<\/p>\n<p class=\" wall-content\"><strong>Galerie de l\u2019Ancien Courrier<\/strong> : Constellation d\u2019artistes pour les jours de f\u00eate<\/p>\n<p class=\" wall-content\"><strong>Essai auto :<\/strong> Toyota Hilux \u00e9lectrique 4\u00d74<\/p>\n<p>Votre r\u00e9gion, votre actu !<\/p>\n<p>Recevez chaque jour les infos qui comptent pour vous.<\/p>\n<p>\t<a href=\"https:\/\/actu.fr\/newsletter\" class=\"ac-btn ac-btn--corner ac-btn--medium ac-btn--blue800\" target=\"_blank\" rel=\"noopener\">S&rsquo;incrire<\/a><\/p>\n<p class=\" wall-content\"><strong>S\u00e9lection caviste :<\/strong> Ami Buggy Rip Curl<\/p>\n<p>\u00c9co.<\/p>\n<p class=\" wall-content\"><strong>Oliz :<\/strong> Le leasing sur-mesure port\u00e9 par une vision profond\u00e9ment humaine<\/p>\n<p>Annonces l\u00e9gales<\/p>\n<p class=\" wall-content\"><strong>O\u00f9 le trouver ?<\/strong><\/p>\n<p class=\" wall-content\">Le magazine M\u00e9tropolitain est disponible gratuitement chaque semaine dans plus de 350 points de passage dans le d\u00e9partement de l\u2019H\u00e9rault. M\u00e9tropolitain est \u00e9galement le seul titre de presse disponible en libre-service au sein des halls d\u2019embarquement des a\u00e9roports de Montpellier et de B\u00e9ziers. Il est bien s\u00fbr possible de s\u2019abonner, afin de le recevoir directement chez soi. Aussi, toutes les semaines, retrouvez en ligne la version digitale, <a href=\"https:\/\/v.calameo.com\/library\/?type=account&amp;id=5794458&amp;rows=1&amp;sortBy=latestPublished&amp;theme=wood&amp;bgColor=&amp;thumbSize=large&amp;showTitle=true&amp;showShadow=true&amp;showGloss=true&amp;showInfo=account&amp;linkTo=view&amp;linkTarget=_blank\" target=\"_blank\" rel=\"noopener\">consultable sur notre site.<\/a><\/p>\n<p class=\" wall-content\">Personnalisez votre actualit\u00e9 en ajoutant vos villes et m\u00e9dias en favori avec <a href=\"https:\/\/moncompte.actu.fr\" title=\"D\u00e9couvez Mon Actu\" rel=\"nofollow noopener\" data-trk=\"{&quot;cta&quot;:{&quot;action&quot;:&quot;https:\\\/\\\/moncompte.actu.fr&quot;,&quot;category&quot;:&quot;mon compte&quot;,&quot;from&quot;:&quot;article footer&quot;,&quot;name&quot;:&quot;Mon actu&quot;,&quot;type&quot;:&quot;cta&quot;}}\" target=\"_blank\">Mon Actu<\/a>.<\/p>\n","protected":false},"excerpt":{"rendered":"Par R\u00e9daction M\u00e9tropolitain Publi\u00e9 le 16 d\u00e9c. 2025 \u00e0 11h15 Comme chaque semaine, l\u2019hebdomadaire M\u00e9tropolitain vous propose un&hellip;\n","protected":false},"author":2,"featured_media":603236,"comment_status":"","ping_status":"","sticky":false,"template":"","format":"standard","meta":{"footnotes":""},"categories":[9599],"tags":[1111,11,1777,674,1011,27,2208,13473,12,2680,25,18573,104,2086],"class_list":{"0":"post-603235","1":"post","2":"type-post","3":"status-publish","4":"format-standard","5":"has-post-thumbnail","7":"category-montpellier","8":"tag-actu","9":"tag-actualites","10":"tag-eu","11":"tag-europe","12":"tag-fr","13":"tag-france","14":"tag-montpellier","15":"tag-montpellier-handball","16":"tag-news","17":"tag-occitanie","18":"tag-republique-francaise","19":"tag-rse","20":"tag-societe","21":"tag-travaux"},"share_on_mastodon":{"url":"https:\/\/pubeurope.com\/@fr\/115729981009129183","error":""},"_links":{"self":[{"href":"https:\/\/www.europesays.com\/fr\/wp-json\/wp\/v2\/posts\/603235","targetHints":{"allow":["GET"]}}],"collection":[{"href":"https:\/\/www.europesays.com\/fr\/wp-json\/wp\/v2\/posts"}],"about":[{"href":"https:\/\/www.europesays.com\/fr\/wp-json\/wp\/v2\/types\/post"}],"author":[{"embeddable":true,"href":"https:\/\/www.europesays.com\/fr\/wp-json\/wp\/v2\/users\/2"}],"replies":[{"embeddable":true,"href":"https:\/\/www.europesays.com\/fr\/wp-json\/wp\/v2\/comments?post=603235"}],"version-history":[{"count":0,"href":"https:\/\/www.europesays.com\/fr\/wp-json\/wp\/v2\/posts\/603235\/revisions"}],"wp:featuredmedia":[{"embeddable":true,"href":"https:\/\/www.europesays.com\/fr\/wp-json\/wp\/v2\/media\/603236"}],"wp:attachment":[{"href":"https:\/\/www.europesays.com\/fr\/wp-json\/wp\/v2\/media?parent=603235"}],"wp:term":[{"taxonomy":"category","embeddable":true,"href":"https:\/\/www.europesays.com\/fr\/wp-json\/wp\/v2\/categories?post=603235"},{"taxonomy":"post_tag","embeddable":true,"href":"https:\/\/www.europesays.com\/fr\/wp-json\/wp\/v2\/tags?post=603235"}],"curies":[{"name":"wp","href":"https:\/\/api.w.org\/{rel}","templated":true}]}}