{"id":603241,"date":"2025-12-16T15:39:02","date_gmt":"2025-12-16T15:39:02","guid":{"rendered":"https:\/\/www.europesays.com\/fr\/603241\/"},"modified":"2025-12-16T15:39:02","modified_gmt":"2025-12-16T15:39:02","slug":"un-policier-mis-en-examen-et-incarcere-pour-agressions-sexuelles-sur-mineures-et-detention-dimages-pedopornographiques","status":"publish","type":"post","link":"https:\/\/www.europesays.com\/fr\/603241\/","title":{"rendered":"un policier mis en examen et incarc\u00e9r\u00e9 pour \u00ab\u00a0agressions sexuelles sur mineures\u00a0\u00bb et \u00ab\u00a0d\u00e9tention d&rsquo;images p\u00e9dopornographiques\u00a0\u00bb"},"content":{"rendered":"<p>Rouen: un policier mis en examen et incarc\u00e9r\u00e9 pour \u00ab\u00a0agressions sexuelles sur mineures\u00a0\u00bb et \u00ab\u00a0d\u00e9tention d&rsquo;images p\u00e9dopornographiques\u00a0\u00bbSur le m\u00eame sujet<a href=\"https:\/\/www.bfmtv.com\/police-justice\/video-hommage-d-emmanuel-macron-aux-freres-kessaci-mehdi-mon-petit-frere-20-ans-est-mort-pour-rien-declare-amine-kessaci_VN-202512160579.html\" title=\"Hommage d&#039;Emmanuel Macron aux fr\u00e8res Kessaci : &quot;Mehdi, mon petit fr\u00e8re, 20 ans, est mort pour rien&quot; d\u00e9clare Amine Kessaci\" target=\"_blank\" rel=\"noopener\"><img width=\"16\" height=\"9\" class=\"lozad\"  alt=\"Hommage d'Emmanuel Macron aux fr\u00e8res Kessaci : &quot;Mehdi, mon petit fr\u00e8re, 20 ans, est mort pour rien&quot; d\u00e9clare Amine Kessaci\"\/>2:31Hommage d&rsquo;Emmanuel Macron aux fr\u00e8res Kessaci : \u00ab\u00a0Mehdi, mon petit fr\u00e8re, 20 ans, est mort pour rien\u00a0\u00bb d\u00e9clare Amine Kessaci<\/a><a href=\"https:\/\/www.bfmtv.com\/police-justice\/video-explosion-dans-l-ain-les-sinistres-reloges-provisoirement-dans-un-gymnase-de-trevoux_VN-202512160536.html\" title=\"Explosion dans l&#039;Ain: les sinistr\u00e9s relog\u00e9s provisoirement dans un gymnase de Tr\u00e9voux\" target=\"_blank\" rel=\"noopener\"><img width=\"16\" height=\"9\" class=\"lozad\"  alt=\"Explosion dans l'Ain: les sinistr\u00e9s relog\u00e9s provisoirement dans un gymnase de Tr\u00e9voux\"\/>1:39Explosion dans l&rsquo;Ain: les sinistr\u00e9s relog\u00e9s provisoirement dans un gymnase de Tr\u00e9voux<\/a><a href=\"https:\/\/www.bfmtv.com\/police-justice\/video-explosion-dans-un-immeuble-dans-l-ain-une-personne-manque-encore-a-l-appel-annonce-laurent-nunez_VN-202512160481.html\" title=\"Explosion dans un immeuble dans l&#039;Ain: &quot;Une personne manque encore \u00e0 l&#039;appel&quot;, annonce Laurent Nu\u00f1ez\" target=\"_blank\" rel=\"noopener\"><img width=\"16\" height=\"9\" class=\"lozad\"  alt=\"Explosion dans un immeuble dans l'Ain: &quot;Une personne manque encore \u00e0 l'appel&quot;, annonce Laurent Nu\u00f1ez\"\/>1:42Explosion dans un immeuble dans l&rsquo;Ain: \u00ab\u00a0Une personne manque encore \u00e0 l&rsquo;appel\u00a0\u00bb, annonce Laurent Nu\u00f1ez<\/a><a href=\"https:\/\/www.bfmtv.com\/police-justice\/video-ain-les-images-des-degats-quelques-minutes-apres-l-explosion-a-trevoux_VN-202512160304.html\" title=\"Ain: les images des d\u00e9g\u00e2ts quelques minutes apr\u00e8s l&#039;explosion \u00e0 Tr\u00e9voux\" target=\"_blank\" rel=\"noopener\"><img width=\"16\" height=\"9\" class=\"lozad\"  alt=\"Ain: les images des d\u00e9g\u00e2ts quelques minutes apr\u00e8s l'explosion \u00e0 Tr\u00e9voux\"\/>0:36Ain: les images des d\u00e9g\u00e2ts quelques minutes apr\u00e8s l&rsquo;explosion \u00e0 Tr\u00e9voux<\/a><a href=\"https:\/\/www.bfmtv.com\/police-justice\/video-explosion-dans-l-ain-le-maire-de-trevoux-confirme-que-l-incident-est-lie-a-une-fuite-de-gaz-mais-assure-que-l-immeuble-etait-tres-bien-entretenu_VN-202512160162.html\" title=\"Explosion dans l&#039;Ain: le maire de Tr\u00e9voux confirme que l&#039;incident est li\u00e9 \u00e0 une &quot;fuite de gaz&quot;, mais assure que l&#039;immeuble \u00e9tait &quot;tr\u00e8s bien entretenu&quot;\" target=\"_blank\" rel=\"noopener\"><img width=\"16\" height=\"9\" class=\"lozad\"  alt=\"Explosion dans l'Ain: le maire de Tr\u00e9voux confirme que l'incident est li\u00e9 \u00e0 une &quot;fuite de gaz&quot;, mais assure que l'immeuble \u00e9tait &quot;tr\u00e8s bien entretenu&quot;\"\/>3:05Explosion dans l&rsquo;Ain: le maire de Tr\u00e9voux confirme que l&rsquo;incident est li\u00e9 \u00e0 une \u00ab\u00a0fuite de gaz\u00a0\u00bb, mais assure que l&rsquo;immeuble \u00e9tait \u00ab\u00a0tr\u00e8s bien entretenu\u00a0\u00bb<\/a><a href=\"https:\/\/www.bfmtv.com\/police-justice\/video-explosion-dans-l-ain-laurent-nunez-attendu-sur-place-ce-mardi_VN-202512160119.html\" title=\"Explosion dans l&#039;Ain: Laurent Nu\u00f1ez attendu sur place ce mardi\" target=\"_blank\" rel=\"noopener\"><img width=\"16\" height=\"9\" class=\"lozad\"  alt=\"Explosion dans l'Ain: Laurent Nu\u00f1ez attendu sur place ce mardi\"\/>0:47Explosion dans l&rsquo;Ain: Laurent Nu\u00f1ez attendu sur place ce mardi<\/a><a href=\"https:\/\/www.bfmtv.com\/police-justice\/video-rouen-un-policier-mis-en-examen-et-incarcere-pour-agressions-sexuelles-sur-mineures-et-detention-d-images-pedopornographiques_VN-202512160088.html\" title=\"Rouen: un policier mis en examen et incarc\u00e9r\u00e9 pour &quot;agressions sexuelles sur mineures&quot; et &quot;d\u00e9tention d&#039;images p\u00e9dopornographiques&quot;\" target=\"_blank\" rel=\"noopener\"><img width=\"16\" height=\"9\" class=\"lozad\"  alt=\"Rouen: un policier mis en examen et incarc\u00e9r\u00e9 pour &quot;agressions sexuelles sur mineures&quot; et &quot;d\u00e9tention d'images p\u00e9dopornographiques&quot;\"\/>en lectureRouen: un policier mis en examen et incarc\u00e9r\u00e9 pour \u00ab\u00a0agressions sexuelles sur mineures\u00a0\u00bb et \u00ab\u00a0d\u00e9tention d&rsquo;images p\u00e9dopornographiques\u00a0\u00bb<\/a><a href=\"https:\/\/www.bfmtv.com\/police-justice\/video-votre-tete-aurait-fini-au-bout-d-un-pique-le-president-de-la-federation-des-syndicats-veterinaires-porte-plainte-apres-des-menaces_VN-202512160083.html\" title=\"&quot;Votre t\u00eate aurait fini au bout d\u2019un pique&quot;: le pr\u00e9sident de la F\u00e9d\u00e9ration des syndicats v\u00e9t\u00e9rinaires porte plainte apr\u00e8s des menaces\" target=\"_blank\" rel=\"noopener\"><img width=\"16\" height=\"9\" class=\"lozad\"  alt=\"&quot;Votre t\u00eate aurait fini au bout d\u2019un pique&quot;: le pr\u00e9sident de la F\u00e9d\u00e9ration des syndicats v\u00e9t\u00e9rinaires porte plainte apr\u00e8s des menaces\"\/>1:24&Prime;Votre t\u00eate aurait fini au bout d\u2019un pique\u00a0\u00bb: le pr\u00e9sident de la F\u00e9d\u00e9ration des syndicats v\u00e9t\u00e9rinaires porte plainte apr\u00e8s des menaces<\/a><a href=\"https:\/\/www.bfmtv.com\/police-justice\/video-deux-enfants-morts-piste-du-gaz-degats-materiels-ce-que-l-on-sait-de-l-explosion-dans-un-immeuble-dans-l-ain_VN-202512160073.html\" title=\"Deux enfants morts, piste du gaz, d\u00e9g\u00e2ts mat\u00e9riels... Ce que l&#039;on sait de l&#039;explosion dans un immeuble dans l&#039;Ain\" target=\"_blank\" rel=\"noopener\"><img width=\"16\" height=\"9\" class=\"lozad\"  alt=\"Deux enfants morts, piste du gaz, d\u00e9g\u00e2ts mat\u00e9riels... Ce que l'on sait de l'explosion dans un immeuble dans l'Ain\"\/>1:31Deux enfants morts, piste du gaz, d\u00e9g\u00e2ts mat\u00e9riels&#8230; Ce que l&rsquo;on sait de l&rsquo;explosion dans un immeuble dans l&rsquo;Ain<\/a><a href=\"https:\/\/www.bfmtv.com\/police-justice\/video-explosion-dans-l-ain-j-ai-entendu-un-bruit-extremement-fort-avec-une-forte-vibration-raconte-nassim-temoin-de-l-explosion_VN-202512150929.html\" title=\"Explosion dans l&#039;Ain: &quot;J&#039;ai entendu un bruit extr\u00eamement fort avec une forte vibration&quot;, raconte Nassim, t\u00e9moin de l&#039;explosion\" target=\"_blank\" rel=\"noopener\"><img width=\"16\" height=\"9\" class=\"lozad\"  alt=\"Explosion dans l'Ain: &quot;J'ai entendu un bruit extr\u00eamement fort avec une forte vibration&quot;, raconte Nassim, t\u00e9moin de l'explosion\"\/>1:37Explosion dans l&rsquo;Ain: \u00ab\u00a0J&rsquo;ai entendu un bruit extr\u00eamement fort avec une forte vibration\u00a0\u00bb, raconte Nassim, t\u00e9moin de l&rsquo;explosion<\/a><a href=\"https:\/\/www.bfmtv.com\/police-justice\/video-explosion-dans-l-ain-marc-pechoux-maire-de-trevoux-affirme-que-l-explosion-est-due-au-gaz_VN-202512150928.html\" title=\"Explosion dans l\u2019Ain: Marc P\u00e9choux, maire de Tr\u00e9voux, affirme que  &quot;l&#039;explosion est due au gaz\u201d \" target=\"_blank\" rel=\"noopener\"><img width=\"16\" height=\"9\" class=\"lozad\"  alt=\"Explosion dans l\u2019Ain: Marc P\u00e9choux, maire de Tr\u00e9voux, affirme que  &quot;l'explosion est due au gaz\u201d \"\/>3:11Explosion dans l\u2019Ain: Marc P\u00e9choux, maire de Tr\u00e9voux, affirme que \u00ab\u00a0l&rsquo;explosion est due au gaz\u201d<\/a><a href=\"https:\/\/www.bfmtv.com\/police-justice\/video-explosion-mortelle-a-trevoux-le-point-en-integralite-de-la-prefete-de-l-ain_VN-202512150897.html\" title=\"Explosion mortelle \u00e0 Tr\u00e9voux: le point en int\u00e9gralit\u00e9 de la pr\u00e9f\u00e8te de l&#039;Ain\" target=\"_blank\" rel=\"noopener\"><img width=\"16\" height=\"9\" class=\"lozad\"  alt=\"Explosion mortelle \u00e0 Tr\u00e9voux: le point en int\u00e9gralit\u00e9 de la pr\u00e9f\u00e8te de l'Ain\"\/>5:03Explosion mortelle \u00e0 Tr\u00e9voux: le point en int\u00e9gralit\u00e9 de la pr\u00e9f\u00e8te de l&rsquo;Ain<\/a><a href=\"https:\/\/www.bfmtv.com\/police-justice\/video-explosion-dans-l-ain-la-prefete-annonce-qu-une-trentaine-de-personnes-sont-secourues-et-qu-une-enquete-a-ete-ouverte_VN-202512150893.html\" title=\"Explosion dans l&#039;Ain: la pr\u00e9f\u00e8te annonce qu&#039;&quot;une trentaine de personnes sont secourues&quot; et qu&#039;&quot;une enqu\u00eate a \u00e9t\u00e9 ouverte&quot;\" target=\"_blank\" rel=\"noopener\"><img width=\"16\" height=\"9\" class=\"lozad\"  alt=\"Explosion dans l'Ain: la pr\u00e9f\u00e8te annonce qu'&quot;une trentaine de personnes sont secourues&quot; et qu'&quot;une enqu\u00eate a \u00e9t\u00e9 ouverte&quot;\"\/>0:56Explosion dans l&rsquo;Ain: la pr\u00e9f\u00e8te annonce qu'\u00a0\u00bbune trentaine de personnes sont secourues\u00a0\u00bb et qu'\u00a0\u00bbune enqu\u00eate a \u00e9t\u00e9 ouverte\u00a0\u00bb<\/a><a href=\"https:\/\/www.bfmtv.com\/police-justice\/video-explosion-dans-l-ain-il-n-y-a-pas-eu-d-effondrement-de-l-immeuble-explique-chantal-mauchet-prefete-de-l-ain_VN-202512150894.html\" title=\"Explosion dans l\u2019Ain: \u201cIl n\u2019y a pas eu d\u2019effondrement de l\u2019immeuble\u201d, explique Chantal Mauchet, pr\u00e9f\u00e8te de l\u2019Ain \" target=\"_blank\" rel=\"noopener\"><img width=\"16\" height=\"9\" class=\"lozad\"  alt=\"Explosion dans l\u2019Ain: \u201cIl n\u2019y a pas eu d\u2019effondrement de l\u2019immeuble\u201d, explique Chantal Mauchet, pr\u00e9f\u00e8te de l\u2019Ain \"\/>1:47Explosion dans l\u2019Ain: \u201cIl n\u2019y a pas eu d\u2019effondrement de l\u2019immeuble\u201d, explique Chantal Mauchet, pr\u00e9f\u00e8te de l\u2019Ain<\/a><a class=\"jumpToVideo\" target=\"_blank\"><img class=\"thumbnailPreview\"\/><\/a><\/p>\n","protected":false},"excerpt":{"rendered":"Rouen: un policier mis en examen et incarc\u00e9r\u00e9 pour \u00ab\u00a0agressions sexuelles sur mineures\u00a0\u00bb et \u00ab\u00a0d\u00e9tention d&rsquo;images p\u00e9dopornographiques\u00a0\u00bbSur le&hellip;\n","protected":false},"author":2,"featured_media":603242,"comment_status":"","ping_status":"","sticky":false,"template":"","format":"standard","meta":{"footnotes":""},"categories":[9587],"tags":[1111,11,1777,674,1011,27,12,5161,25,9590],"class_list":{"0":"post-603241","1":"post","2":"type-post","3":"status-publish","4":"format-standard","5":"has-post-thumbnail","7":"category-rouen","8":"tag-actu","9":"tag-actualites","10":"tag-eu","11":"tag-europe","12":"tag-fr","13":"tag-france","14":"tag-news","15":"tag-normandie","16":"tag-republique-francaise","17":"tag-rouen"},"share_on_mastodon":{"url":"","error":""},"_links":{"self":[{"href":"https:\/\/www.europesays.com\/fr\/wp-json\/wp\/v2\/posts\/603241","targetHints":{"allow":["GET"]}}],"collection":[{"href":"https:\/\/www.europesays.com\/fr\/wp-json\/wp\/v2\/posts"}],"about":[{"href":"https:\/\/www.europesays.com\/fr\/wp-json\/wp\/v2\/types\/post"}],"author":[{"embeddable":true,"href":"https:\/\/www.europesays.com\/fr\/wp-json\/wp\/v2\/users\/2"}],"replies":[{"embeddable":true,"href":"https:\/\/www.europesays.com\/fr\/wp-json\/wp\/v2\/comments?post=603241"}],"version-history":[{"count":0,"href":"https:\/\/www.europesays.com\/fr\/wp-json\/wp\/v2\/posts\/603241\/revisions"}],"wp:featuredmedia":[{"embeddable":true,"href":"https:\/\/www.europesays.com\/fr\/wp-json\/wp\/v2\/media\/603242"}],"wp:attachment":[{"href":"https:\/\/www.europesays.com\/fr\/wp-json\/wp\/v2\/media?parent=603241"}],"wp:term":[{"taxonomy":"category","embeddable":true,"href":"https:\/\/www.europesays.com\/fr\/wp-json\/wp\/v2\/categories?post=603241"},{"taxonomy":"post_tag","embeddable":true,"href":"https:\/\/www.europesays.com\/fr\/wp-json\/wp\/v2\/tags?post=603241"}],"curies":[{"name":"wp","href":"https:\/\/api.w.org\/{rel}","templated":true}]}}