{"id":603245,"date":"2025-12-16T15:41:16","date_gmt":"2025-12-16T15:41:16","guid":{"rendered":"https:\/\/www.europesays.com\/fr\/603245\/"},"modified":"2025-12-16T15:41:16","modified_gmt":"2025-12-16T15:41:16","slug":"une-premiere-action-dampleur-annoncee","status":"publish","type":"post","link":"https:\/\/www.europesays.com\/fr\/603245\/","title":{"rendered":"une premi\u00e8re action d&rsquo;ampleur annonc\u00e9e"},"content":{"rendered":"<p>                    Par<br \/>\n        <strong><br \/>\n            <a href=\"https:\/\/actu.fr\/auteur\/lisa-rodrigues\" title=\"Consulter tous les articles de Lisa Rodrigues\" target=\"_blank\" rel=\"noopener\">Lisa Rodrigues<\/a><br \/>\n                    <\/strong><\/p>\n<p>        Publi\u00e9 le<\/p>\n<p>            16 d\u00e9c. 2025 \u00e0 15h34        <\/p>\n<p>Les mobilisations des agriculteurs s\u2019\u00e9tendent en Is\u00e8re. Apr\u00e8s la premi\u00e8re op\u00e9ration pr\u00e9vue <a href=\"https:\/\/actu.fr\/auvergne-rhone-alpes\/bourgoin-jallieu_38053\/colere-des-agriculteurs-sur-l-a43-et-en-isere-d-importants-bouchons-a-prevoir_63582125.html\" target=\"_blank\" rel=\"noopener\">mardi 16 d\u00e9cembre sur l\u2019A43<\/a>, c\u2019est dans la m\u00e9tropole de <a href=\"https:\/\/actu.fr\/auvergne-rhone-alpes\/grenoble_38185\" target=\"_blank\" rel=\"noopener\">Grenoble<\/a> que le monde paysan veut se faire entendre contre les politiques sanitaires du gouvernement face \u00e0 la dermatose nodulaire contagieuse, le Mercosur ou encore les probl\u00e9matiques de r\u00e9mun\u00e9ration des agriculteurs.<br \/>C\u2019est le syndicat de la Conf\u00e9d\u00e9ration paysanne qui est cette fois-ci \u00e0 la man\u0153uvre, avec une <strong>op\u00e9ration pr\u00e9vue mercredi 17 d\u00e9cembre <\/strong>aux portes de l\u2019agglom\u00e9ration grenobloise, d\u00e8s 9h30.\u00a0<\/p>\n<p>Une trentaine de tracteurs attendue<\/p>\n<p class=\" wall-content\">Les agriculteurs donnent rendez-vous \u00e0 <strong>Voreppe<\/strong>, au rond-point de l\u2019intersection entre la route de Lyon, la route de Voiron et l\u2019avenue de juin 1940.<\/p>\n<p>    <a href=\"https:\/\/www.google.com\/maps\/embed?pb=!1m14!1m12!1m3!1d2042.3081778427972!2d5.622220710204818!3d45.307682447580255!2m3!1f0!2f0!3f0!3m2!1i1024!2i768!4f13.1!5e0!3m2!1sfr!2sfr!4v1765893247036!5m2!1sfr!2sfr\" title=\"Ouvrie le lien\" target=\"_blank\" rel=\"noopener\">Cliquez ici pour visualiser le contenu<\/a><\/p>\n<p class=\" wall-content\">Selon le syndicat, \u00ab\u00a0une trentaine de tracteurs\u00a0\u00bb est attendue pour mettre en place <strong>un barrage filtrant<\/strong>, qu\u2019il esp\u00e8re faire tenir une grande partie de la journ\u00e9e pour faire entendre leur voix aupr\u00e8s du grand public.<\/p>\n<p class=\" wall-content\">Parmi leurs revendications : b\u00e9n\u00e9ficier d\u2019un acc\u00e8s plus large \u00e0 la vaccination des troupeaux de bovins \u2013 aujourd\u2019hui limit\u00e9e aux zones r\u00e9glement\u00e9es \u2013 et surtout la fin de l\u2019abattage total des troupeaux d\u00e8s le premier cas de dermatose nodulaire d\u00e9tect\u00e9.\u00a0<\/p>\n<p>Une vaccination sur une partie de l\u2019Is\u00e8re<\/p>\n<p class=\" wall-content\">Pour rappel, l\u2019<a href=\"https:\/\/actu.fr\/auvergne-rhone-alpes\/isere_38\" target=\"_blank\" rel=\"noopener\">Is\u00e8re<\/a> a \u00e9t\u00e9 concern\u00e9e pendant plusieurs semaines par la dermatose nodulaire.<\/p>\n<p>Votre r\u00e9gion, votre actu !<\/p>\n<p>Recevez chaque jour les infos qui comptent pour vous.<\/p>\n<p>\t<a href=\"https:\/\/actu.fr\/newsletter\" class=\"ac-btn ac-btn--corner ac-btn--medium ac-btn--blue800\" target=\"_blank\" rel=\"noopener\">S&rsquo;incrire<\/a><\/p>\n<p class=\" wall-content\">Si <strong>aucun foyer<\/strong> n\u2019a \u00e9t\u00e9 d\u00e9tect\u00e9 sur le territoire, une centaine de communes s\u2019est tout de m\u00eame retrouv\u00e9e dans des zones r\u00e8glement\u00e9es, perturbant l\u2019activit\u00e9 de dizaines d\u2019exploitations et <a href=\"https:\/\/actu.fr\/societe\/alpes-pres-de-300-vaches-iseroises-bloquees-en-montagne-c-est-lunaire_63208540.html\" target=\"_blank\" rel=\"noopener\">bloquant m\u00eame des vaches dans les alpages<\/a>.<\/p>\n<p class=\" wall-content\">Une partie de l\u2019Is\u00e8re a ainsi \u00e9t\u00e9 \u00e9ligible \u00e0 la vaccination, en limite des foyers du Rh\u00f4ne, de l\u2019Ain et de la Savoie. Aucune ferme de Grenoble et de son agglom\u00e9ration n\u2019a \u00e9t\u00e9 concern\u00e9e par cette campagne, selon les donn\u00e9es du Groupe de d\u00e9fense sanitaire de l\u2019Is\u00e8re.<\/p>\n<p class=\" wall-content\">Personnalisez votre actualit\u00e9 en ajoutant vos villes et m\u00e9dias en favori avec <a href=\"https:\/\/moncompte.actu.fr\" title=\"D\u00e9couvez Mon Actu\" rel=\"nofollow noopener\" data-trk=\"{&quot;cta&quot;:{&quot;action&quot;:&quot;https:\\\/\\\/moncompte.actu.fr&quot;,&quot;category&quot;:&quot;mon compte&quot;,&quot;from&quot;:&quot;article footer&quot;,&quot;name&quot;:&quot;Mon actu&quot;,&quot;type&quot;:&quot;cta&quot;}}\" target=\"_blank\">Mon Actu<\/a>.<\/p>\n","protected":false},"excerpt":{"rendered":"Par Lisa Rodrigues Publi\u00e9 le 16 d\u00e9c. 2025 \u00e0 15h34 Les mobilisations des agriculteurs s\u2019\u00e9tendent en Is\u00e8re. Apr\u00e8s&hellip;\n","protected":false},"author":2,"featured_media":603246,"comment_status":"","ping_status":"","sticky":false,"template":"","format":"standard","meta":{"footnotes":""},"categories":[9566],"tags":[1111,11,327,2430,1777,674,1011,27,2731,1272,12,25,104],"class_list":{"0":"post-603245","1":"post","2":"type-post","3":"status-publish","4":"format-standard","5":"has-post-thumbnail","7":"category-grenoble","8":"tag-actu","9":"tag-actualites","10":"tag-agriculture","11":"tag-auvergne-rhone-alpes","12":"tag-eu","13":"tag-europe","14":"tag-fr","15":"tag-france","16":"tag-grenoble","17":"tag-manifestations","18":"tag-news","19":"tag-republique-francaise","20":"tag-societe"},"share_on_mastodon":{"url":"https:\/\/pubeurope.com\/@fr\/115730008274999835","error":""},"_links":{"self":[{"href":"https:\/\/www.europesays.com\/fr\/wp-json\/wp\/v2\/posts\/603245","targetHints":{"allow":["GET"]}}],"collection":[{"href":"https:\/\/www.europesays.com\/fr\/wp-json\/wp\/v2\/posts"}],"about":[{"href":"https:\/\/www.europesays.com\/fr\/wp-json\/wp\/v2\/types\/post"}],"author":[{"embeddable":true,"href":"https:\/\/www.europesays.com\/fr\/wp-json\/wp\/v2\/users\/2"}],"replies":[{"embeddable":true,"href":"https:\/\/www.europesays.com\/fr\/wp-json\/wp\/v2\/comments?post=603245"}],"version-history":[{"count":0,"href":"https:\/\/www.europesays.com\/fr\/wp-json\/wp\/v2\/posts\/603245\/revisions"}],"wp:featuredmedia":[{"embeddable":true,"href":"https:\/\/www.europesays.com\/fr\/wp-json\/wp\/v2\/media\/603246"}],"wp:attachment":[{"href":"https:\/\/www.europesays.com\/fr\/wp-json\/wp\/v2\/media?parent=603245"}],"wp:term":[{"taxonomy":"category","embeddable":true,"href":"https:\/\/www.europesays.com\/fr\/wp-json\/wp\/v2\/categories?post=603245"},{"taxonomy":"post_tag","embeddable":true,"href":"https:\/\/www.europesays.com\/fr\/wp-json\/wp\/v2\/tags?post=603245"}],"curies":[{"name":"wp","href":"https:\/\/api.w.org\/{rel}","templated":true}]}}