{"id":603250,"date":"2025-12-16T15:44:13","date_gmt":"2025-12-16T15:44:13","guid":{"rendered":"https:\/\/www.europesays.com\/fr\/603250\/"},"modified":"2025-12-16T15:44:13","modified_gmt":"2025-12-16T15:44:13","slug":"le-festival-de-noel-fait-son-retour-a-saint-guillaume","status":"publish","type":"post","link":"https:\/\/www.europesays.com\/fr\/603250\/","title":{"rendered":"le Festival de No\u00ebl fait son retour \u00e0 Saint-Guillaume"},"content":{"rendered":"<p>Dans une \u00e9glise plant\u00e9e de sapins de six m\u00e8tres et toute de rouge v\u00eatue, avec son calendrier de l\u2019avent dont une fen\u00eatre s\u2019ouvre <a href=\"https:\/\/www.dna.fr\/economie\/2025\/12\/02\/le-styliste-alsacien-victor-weinsanto-mis-a-l-honneur-a-l-eglise-saint-guillaume\" target=\"_blank\" rel=\"noopener\">chaque soir \u00e0 18\u00a0h, surprise \u00e0 la cl\u00e9<\/a>, et apr\u00e8s les deux grands d\u00eeners autour du Lac des cygnes \u00a0qui ont rassembl\u00e9 pr\u00e8s de 200 convives les 5 et 13\u00a0d\u00e9cembre, la \u201cmagie de No\u00ebl\u201d se poursuit \u00e0 Saint-Guillaume. Du 23 au 30\u00a0d\u00e9cembre, l\u2019\u00e9glise des Bateliers s\u2019animera au rythme de son troisi\u00e8me Festival de No\u00ebl.<\/p>\n<p>  Avec Graham Cooper et Vincent Grobelny<\/p>\n<p><a href=\"https:\/\/www.dna.fr\/culture-loisirs\/2025\/11\/20\/marche-de-noel-tout-ce-qu-il-faut-savoir-sur-l-edition-2025\" target=\"_blank\" rel=\"noopener\">Int\u00e9gr\u00e9 \u00e0 la programmation de Strasbourg &#8211; Capitale de No\u00ebl<\/a>, ce qui vaut \u00e0 l\u2019association Passions Crois\u00e9es qui l\u2019organise une subvention d\u00e9di\u00e9e de 15\u00a0000\u00a0\u20ac, il d\u00e9marre ce mardi 23\u00a0d\u00e9cembre \u00e0 16\u00a0h par une s\u00e9ance de contes gratuite, accessible d\u00e8s six ans et sans r\u00e9servation. Imagin\u00e9e dans le prolongement des Biblioth\u00e8ques id\u00e9ales, elle verra Fran\u00e7ois Wolfermann lire deux contes d\u2019Hans Christian Andersen et Alphonse Daudet, entrecoup\u00e9s de quelques minutes de piano par Guillem Aubry. Apr\u00e8s la s\u00e9ance, un salon de th\u00e9 \u00e9ph\u00e9m\u00e8re (aux consommations payantes) sera propos\u00e9 dans la chapelle, avec m\u00e4nneles et boissons chaudes \u00e0 disposition.<\/p>\n<p>\u00c0 20\u00a0h, place au Concert de No\u00ebl, avec le t\u00e9nor Graham Cooper au chant, Guillem Aubry au piano <a href=\"https:\/\/www.dna.fr\/culture-loisirs\/2024\/02\/02\/le-champion-du-monde-de-pole-dance-vincent-grobelny-en-spectacle-a-saint-guillaume-pour-la-saint-valentin\" target=\"_blank\" rel=\"noopener\">ainsi que le retour de la pole dance et du champion du monde Vincent Grobelny \u00e0 Saint-Guillaume.<\/a> \u00ab\u00a0Cette soir\u00e9e sera aussi l\u2019occasion d\u2019inaugurer notre nouveau syst\u00e8me d\u2019accroche permanent, qui nous permettra \u00e0 l\u2019avenir de produire des spectacles de danse a\u00e9rienne, sans structure ext\u00e9rieure\u00a0\u00bb, pr\u00e9cise le pr\u00e9sident de Passions Crois\u00e9es, Cyril Pallaud. Au programme (moyennant 20\u00a0\u20ac)\u00a0: de grandes \u0153uvres de la musique classique \u2013\u00a0Oratorios de No\u00ebl de Jean-S\u00e9bastien Bach et Camille Saint-Saens, Le Messie de George Friedrich Haendel, Casse-Noisette \u2026\u2013, suivies de chants de No\u00ebl traditionnels (Douce nuit, Minuit chr\u00e9tien,  Ave Maria\u2026 ) et de quelques notes de jazz.<\/p>\n<p>Ce contenu est bloqu\u00e9 car vous n&rsquo;avez pas accept\u00e9 les cookies et autres traceurs.<\/p>\n<p>En cliquant sur \u00ab J\u2019accepte \u00bb, les cookies et autres traceurs seront d\u00e9pos\u00e9s et vous pourrez visualiser les contenus  (<a href=\"\" class=\"consentModule_policy\" target=\"_blank\" title=\"Consulter la politique de protection des donn\u00e9es du fournisseur\">plus d&rsquo;informations<\/a>).<\/p>\n<p>En cliquant sur \u00ab J\u2019accepte tous les cookies \u00bb, vous autorisez des d\u00e9p\u00f4ts de cookies et autres traceurs pour le stockage de vos donn\u00e9es sur nos sites et applications \u00e0 des fins de personnalisation et de ciblage publicitaire.<\/p>\n<p class=\"consentModule_secondaryText\">Vous gardez la possibilit\u00e9 de retirer votre consentement \u00e0 tout moment en consultant notre <a href=\"https:\/\/www.dna.fr\/protection-des-donnees\" target=\"_blank\" title=\"Consulter notre politique de protection des donn\u00e9es\" rel=\"noopener\">politique de protection des donn\u00e9es<\/a>. <br \/>&#13;<br \/>\n            <a href=\"https:\/\/www.dna.fr\/culture-loisirs\/2025\/12\/16\/javascript:Didomi.notice.show()\" class=\"consentModule_cmp\" target=\"_blank\" rel=\"noopener\">G\u00e9rer mes choix<\/a>&#13;\n        <\/p>\n<p>&#13;<br \/>\n                        J&rsquo;accepte&#13;<br \/>\n            J&rsquo;accepte tous les cookies&#13;\n        <\/p>\n<p>Mercredi 24\u00a0d\u00e9cembre, deux autres s\u00e9ances de contes seront propos\u00e9es \u00e0 15\u00a0h et 16\u00a0h par Cyril Pallaud et Guillem Aubry jouera des extraits du Lac des cygnes. Pour se mettre dans l\u2019ambiance de No\u00ebl, des chants participatifs accompagn\u00e9s \u00e0 l\u2019orgue suivront \u00e0 17\u00a0h.<\/p>\n<p>  Concerts de prestige et bredeles<\/p>\n<p>Le Festival de No\u00ebl se poursuivra \u00e0 partir du 26\u00a0d\u00e9cembre par une s\u00e9rie de \u00abconcerts de prestige\u00bb. L\u2019occasion, les 26, 28 et 30\u00a0d\u00e9cembre \u00e0 15\u00a0h, d\u2019entendre La Petite messe solennelle de Rossini par l\u2019ensemble professionnel Les Ornements, avec notamment la <a href=\"https:\/\/www.dna.fr\/p\/soprano\" target=\"_blank\" rel=\"noopener\">soprano<\/a> Martina Russomanno en soliste. Elle sera pr\u00e9c\u00e9d\u00e9e \u00e0 14\u00a0h par\u00a0une conf\u00e9rence de pr\u00e9sentation donn\u00e9e par Cyril Pallaud. Les 27 et 29\u00a0d\u00e9cembre \u00e0 15\u00a0h, place au Concerto pour piano n\u00b0\u00a020 de Mozart, avec Guillem Aubry au piano et Cyril Pallaud \u00e0 l\u2019orgue.<\/p>\n<p>Hors concerts, l\u2019\u00e9glise est ouverte au public du mardi au dimanche, de 12\u00a0h \u00e0 18\u00a0h, jusqu\u2019au 30\u00a0d\u00e9cembre, et on peut aussi y acheter ses bredeles\u00a0! M\u00eame si \u00e0 raison de \u00ab\u00a0300 personnes par jour, soit une fr\u00e9quentation en hausse de 60\u00a0% par rapport \u00e0 l\u2019ann\u00e9e derni\u00e8re, les 60\u00a0kilos initialement pr\u00e9vus sont d\u00e9j\u00e0 \u00e9puis\u00e9s\u00a0!\u00a0\u00bb pr\u00e9cise Cyril Pallaud. Qu\u2019on se rassure\u2026 Ce lundi, une nouvelle fourn\u00e9e de 30\u00a0kilos finissait de cuire en cuisine, gr\u00e2ce aux sept b\u00e9n\u00e9voles qui ont repris du service. La recette ira \u00e0 la restauration de l\u2019\u00e9glise.<\/p>\n<p class=\"note\">Festival de No\u00ebl, du 23 au 30\u00a0d\u00e9cembre \u00e0 l\u2019\u00e9glise Saint-Guillaume. Plus d\u2019informations et r\u00e9servations\u00a0: www.passions-crois\u00e9es.com<\/p>\n","protected":false},"excerpt":{"rendered":"Dans une \u00e9glise plant\u00e9e de sapins de six m\u00e8tres et toute de rouge v\u00eatue, avec son calendrier de&hellip;\n","protected":false},"author":2,"featured_media":603251,"comment_status":"","ping_status":"","sticky":false,"template":"","format":"standard","meta":{"footnotes":""},"categories":[2820],"tags":[1111,11,1687,2880,1777,674,107,1011,27,775,873,12,2661,5889,25,104,640,2879,1631],"class_list":{"0":"post-603250","1":"post","2":"type-post","3":"status-publish","4":"format-standard","5":"has-post-thumbnail","7":"category-strasbourg","8":"tag-actu","9":"tag-actualites","10":"tag-culture-loisirs","11":"tag-edition-strasbourg","12":"tag-eu","13":"tag-europe","14":"tag-fil-info","15":"tag-fr","16":"tag-france","17":"tag-grand-est","18":"tag-musique","19":"tag-news","20":"tag-patrimoine-culturel","21":"tag-religion-croyance","22":"tag-republique-francaise","23":"tag-societe","24":"tag-strasbourg","25":"tag-strasbourg-ville","26":"tag-vie-associative"},"share_on_mastodon":{"url":"https:\/\/pubeurope.com\/@fr\/115730020118557153","error":""},"_links":{"self":[{"href":"https:\/\/www.europesays.com\/fr\/wp-json\/wp\/v2\/posts\/603250","targetHints":{"allow":["GET"]}}],"collection":[{"href":"https:\/\/www.europesays.com\/fr\/wp-json\/wp\/v2\/posts"}],"about":[{"href":"https:\/\/www.europesays.com\/fr\/wp-json\/wp\/v2\/types\/post"}],"author":[{"embeddable":true,"href":"https:\/\/www.europesays.com\/fr\/wp-json\/wp\/v2\/users\/2"}],"replies":[{"embeddable":true,"href":"https:\/\/www.europesays.com\/fr\/wp-json\/wp\/v2\/comments?post=603250"}],"version-history":[{"count":0,"href":"https:\/\/www.europesays.com\/fr\/wp-json\/wp\/v2\/posts\/603250\/revisions"}],"wp:featuredmedia":[{"embeddable":true,"href":"https:\/\/www.europesays.com\/fr\/wp-json\/wp\/v2\/media\/603251"}],"wp:attachment":[{"href":"https:\/\/www.europesays.com\/fr\/wp-json\/wp\/v2\/media?parent=603250"}],"wp:term":[{"taxonomy":"category","embeddable":true,"href":"https:\/\/www.europesays.com\/fr\/wp-json\/wp\/v2\/categories?post=603250"},{"taxonomy":"post_tag","embeddable":true,"href":"https:\/\/www.europesays.com\/fr\/wp-json\/wp\/v2\/tags?post=603250"}],"curies":[{"name":"wp","href":"https:\/\/api.w.org\/{rel}","templated":true}]}}