{"id":603252,"date":"2025-12-16T15:45:17","date_gmt":"2025-12-16T15:45:17","guid":{"rendered":"https:\/\/www.europesays.com\/fr\/603252\/"},"modified":"2025-12-16T15:45:17","modified_gmt":"2025-12-16T15:45:17","slug":"un-politologue-analyse-les-dessous-de-la-dynamique-trautmann-a-strasbourg","status":"publish","type":"post","link":"https:\/\/www.europesays.com\/fr\/603252\/","title":{"rendered":"un politologue analyse les dessous de la dynamique Trautmann \u00e0 Strasbourg"},"content":{"rendered":"<p>                    Par<br \/>\n        <strong><br \/>\n            <a href=\"https:\/\/actu.fr\/auteur\/thomas-blanc\" title=\"Consulter tous les articles de Thomas Blanc\" target=\"_blank\" rel=\"noopener\">Thomas Blanc<\/a><br \/>\n                    <\/strong><\/p>\n<p>        Publi\u00e9 le<\/p>\n<p>            16 d\u00e9c. 2025 \u00e0 16h31        <\/p>\n<p>Deux r\u00e9cents sondages command\u00e9s par <a href=\"https:\/\/actu.fr\/grand-est\/strasbourg_67482\/municipales-2026-jean-philippe-vetter-se-lance-dans-la-course-et-cree-son-mouvement_62102551.html\" target=\"_blank\" rel=\"noopener\">Jean-Philippe Vetter<\/a> et <a href=\"https:\/\/actu.fr\/grand-est\/strasbourg_67482\/municipales-2026-a-strasbourg-pierre-jakubowicz-horizons-officialise-sa-candidature_63115980.html\" target=\"_blank\" rel=\"noopener\">Pierre Jakubowicz<\/a>, tous deux candidats aux <a href=\"https:\/\/actu.fr\/tag\/municipales-2026\" target=\"_blank\" rel=\"noopener\">\u00e9lections municipales de 2026<\/a>, ont pr\u00e9sent\u00e9 les intentions de vote des \u00e9lecteurs strasbourgeois respectivement <strong>\u00e0 six et trois mois du scrutin<\/strong>.<\/p>\n<p class=\" wall-content\">Si les r\u00e9sultats des <a href=\"https:\/\/actu.fr\/tag\/sondages\" target=\"_blank\" rel=\"noopener\">sondages<\/a> sont \u00e0 prendre avec des pincettes et ne repr\u00e9sentent jamais le r\u00e9sultat final d\u2019une \u00e9lection, une chose est frappante : la candidate socialiste <a href=\"https:\/\/actu.fr\/grand-est\/strasbourg_67482\/municipales-2026-l-ex-maire-de-strasbourg-catherine-trautmann-recoit-un-soutien-a-trois-mois-du-scrutin_63568590.html\" target=\"_blank\" rel=\"noopener\">Catherine Trautmann<\/a> <strong>caracole <\/strong>en t\u00eate du premier tour. Pour rappel, elle n\u2019avait termin\u00e9 que 3e de l\u2019\u00e9lection en 2020 avec 23\u2009% des voix au second tour.<\/p>\n<p>L\u2019ex-maire de Strasbourg Catherine Trautmann s\u00e9duit plusieurs \u00e9lectorats<\/p>\n<p class=\" wall-content\">Pour S\u00e9bastien Michon, politologue et directeur de recherche au CNRS, \u00ab\u2009il est clair qu\u2019il y a eu <strong>une bonne r\u00e9ception<\/strong> de la candidature de Catherine Trautmann\u2009\u00bb lors de ces deux sondages r\u00e9alis\u00e9s.<\/p>\n<p class=\" wall-content\">Selon lui, ce r\u00e9sultat est d\u00fb au fait qu\u2019\u00ab\u2009elle <strong>s\u00e9duit un \u00e9lectorat de centre gauche<\/strong> ainsi que des \u00e9lecteurs qui ont pu se positionner sur <a href=\"https:\/\/actu.fr\/grand-est\/strasbourg_67482\/municipales-2020-alain-fontanel-annonce-officiellement-candidature-lrem-strasbourg_28428345.html\" target=\"_blank\" rel=\"noopener\">Alain Fontanel<\/a> [candidat de la macronie aux derni\u00e8res municipales, NDLR]\u2009\u00bb et subtilise donc des voix \u00e0 Pierre Jakubowicz, issu du camp pr\u00e9sidentiel.<\/p>\n<p class=\" wall-content\">Mais l\u2019influence de la candidate PS ne s\u2019arr\u00eate pas l\u00e0, \u00ab\u2009quand elle fait <a href=\"https:\/\/actu.fr\/grand-est\/strasbourg_67482\/securite-catherine-trautmann-veut-un-conseil-des-droits-et-devoirs-des-familles-voici-quel-serait-son-role_63562746.html\" target=\"_blank\" rel=\"noopener\">des discours sur la s\u00e9curit\u00e9<\/a>, cela peut <strong>satisfaire le centre droit<\/strong>\u2009\u00bb, explique M. Michon \u00e0 Actu Strasbourg.<\/p>\n<p>Catherine Trautmann devra se d\u00e9voiler<\/p>\n<p class=\" wall-content\">Il d\u00e9crit la candidate Trautmann comme \u00ab\u2009quelqu\u2019un de <strong>tr\u00e8s exp\u00e9riment\u00e9e en politique<\/strong>, qui <strong>mise sur son nom<\/strong> et n\u2019a pas de bilan \u00e0 d\u00e9fendre\u2009\u00bb. Au contraire m\u00eame, \u00ab\u2009elle n\u2019est plus aux manettes depuis longtemps et jouit d\u2019<strong>un souvenir positif de son mandat<\/strong> de maire chez ceux qui habitaient d\u00e9j\u00e0 Strasbourg\u2009\u00bb.<\/p>\n<p class=\" wall-content\">Mais, \u00ab\u2009les deux sondages la pla\u00e7ant en t\u00eate ont \u00e9t\u00e9 publi\u00e9s <strong>sans que l\u2019on ait la totalit\u00e9 des programmes<\/strong>\u2009\u00bb, le choix se fait donc \u00ab\u2009pour la personnalit\u00e9 du candidat <strong>plus que sur les propositions<\/strong>\u2009\u00bb, nuance le sp\u00e9cialiste du paysage politique local.<\/p>\n<p>Votre r\u00e9gion, votre actu !<\/p>\n<p>Recevez chaque jour les infos qui comptent pour vous.<\/p>\n<p>\t<a href=\"https:\/\/actu.fr\/newsletter\" class=\"ac-btn ac-btn--corner ac-btn--medium ac-btn--blue800\" target=\"_blank\" rel=\"noopener\">S&rsquo;incrire<\/a><\/p>\n<p class=\" wall-content\">S\u00e9bastien Michon souligne pour conclure que Catherine Trautmann reste pour l\u2019instant \u00ab<strong>\u2009prudente<\/strong> pour jouer sur plusieurs \u00e9lectorats\u2009\u00bb mais, comme \u00ab\u2009elle se base sur un souvenir qui date, elle va <strong>devoir se d\u00e9voiler<\/strong>\u2009\u00bb.<\/p>\n<p class=\" wall-content\">Personnalisez votre actualit\u00e9 en ajoutant vos villes et m\u00e9dias en favori avec <a href=\"https:\/\/moncompte.actu.fr\" title=\"D\u00e9couvez Mon Actu\" rel=\"nofollow noopener\" data-trk=\"{&quot;cta&quot;:{&quot;action&quot;:&quot;https:\\\/\\\/moncompte.actu.fr&quot;,&quot;category&quot;:&quot;mon compte&quot;,&quot;from&quot;:&quot;article footer&quot;,&quot;name&quot;:&quot;Mon actu&quot;,&quot;type&quot;:&quot;cta&quot;}}\" target=\"_blank\">Mon Actu<\/a>.<\/p>\n","protected":false},"excerpt":{"rendered":"Par Thomas Blanc Publi\u00e9 le 16 d\u00e9c. 2025 \u00e0 16h31 Deux r\u00e9cents sondages command\u00e9s par Jean-Philippe Vetter et&hellip;\n","protected":false},"author":2,"featured_media":603253,"comment_status":"","ping_status":"","sticky":false,"template":"","format":"standard","meta":{"footnotes":""},"categories":[2820],"tags":[1111,11,4188,1777,674,1011,27,775,3434,12,316,25,11243,640],"class_list":{"0":"post-603252","1":"post","2":"type-post","3":"status-publish","4":"format-standard","5":"has-post-thumbnail","7":"category-strasbourg","8":"tag-actu","9":"tag-actualites","10":"tag-elections-municipales","11":"tag-eu","12":"tag-europe","13":"tag-fr","14":"tag-france","15":"tag-grand-est","16":"tag-municipales-2026","17":"tag-news","18":"tag-politique","19":"tag-republique-francaise","20":"tag-sondages","21":"tag-strasbourg"},"share_on_mastodon":{"url":"https:\/\/pubeurope.com\/@fr\/115730024005031799","error":""},"_links":{"self":[{"href":"https:\/\/www.europesays.com\/fr\/wp-json\/wp\/v2\/posts\/603252","targetHints":{"allow":["GET"]}}],"collection":[{"href":"https:\/\/www.europesays.com\/fr\/wp-json\/wp\/v2\/posts"}],"about":[{"href":"https:\/\/www.europesays.com\/fr\/wp-json\/wp\/v2\/types\/post"}],"author":[{"embeddable":true,"href":"https:\/\/www.europesays.com\/fr\/wp-json\/wp\/v2\/users\/2"}],"replies":[{"embeddable":true,"href":"https:\/\/www.europesays.com\/fr\/wp-json\/wp\/v2\/comments?post=603252"}],"version-history":[{"count":0,"href":"https:\/\/www.europesays.com\/fr\/wp-json\/wp\/v2\/posts\/603252\/revisions"}],"wp:featuredmedia":[{"embeddable":true,"href":"https:\/\/www.europesays.com\/fr\/wp-json\/wp\/v2\/media\/603253"}],"wp:attachment":[{"href":"https:\/\/www.europesays.com\/fr\/wp-json\/wp\/v2\/media?parent=603252"}],"wp:term":[{"taxonomy":"category","embeddable":true,"href":"https:\/\/www.europesays.com\/fr\/wp-json\/wp\/v2\/categories?post=603252"},{"taxonomy":"post_tag","embeddable":true,"href":"https:\/\/www.europesays.com\/fr\/wp-json\/wp\/v2\/tags?post=603252"}],"curies":[{"name":"wp","href":"https:\/\/api.w.org\/{rel}","templated":true}]}}