{"id":60326,"date":"2025-04-28T22:25:14","date_gmt":"2025-04-28T22:25:14","guid":{"rendered":"https:\/\/www.europesays.com\/fr\/60326\/"},"modified":"2025-04-28T22:25:14","modified_gmt":"2025-04-28T22:25:14","slug":"plusieurs-importants-narcotrafiquants-du-reseau-de-la-castellane-sont-tombes","status":"publish","type":"post","link":"https:\/\/www.europesays.com\/fr\/60326\/","title":{"rendered":"Plusieurs importants narcotrafiquants du r\u00e9seau de la Castellane sont tomb\u00e9s"},"content":{"rendered":"<p><strong>narcoup de filet &#8211; Au moins cinq des plus gros membres d\u2019un r\u00e9seau criminel qui op\u00e9rait et brassait des millions d\u2019euros du trafic de stup\u00e9fiants pendant des ann\u00e9es dans la cit\u00e9 marseillaise de la Castellane ont \u00e9t\u00e9 plac\u00e9s en d\u00e9tention provisoire<\/strong><\/p>\n<p>Ces cinq membres \u00ab\u00a0importants\u00a0\u00bb font partie de la vague d\u2019interpellations de trafiquants men\u00e9e, jeudi, et r\u00e9v\u00e9l\u00e9e le jour m\u00eame par le ministre de l\u2019Int\u00e9rieur <a href=\"https:\/\/www.20minutes.fr\/dossier\/bruno_retailleau?at_medium=RSS+feed&amp;at_campaign=ynews&amp;utm_source=yahoo&amp;utm_medium=rss&amp;utm_campaign=news_feed&amp;utm_content=in_article_link\" rel=\"nofollow noopener\" target=\"_blank\" data-ylk=\"slk:Bruno Retailleau;elm:context_link;itc:0;sec:content-canvas\" class=\"link \">Bruno Retailleau<\/a>, lors d\u2019un d\u00e9placement \u00e0 <a href=\"https:\/\/www.20minutes.fr\/marseille\/?at_medium=RSS+feed&amp;at_campaign=ynews&amp;utm_source=yahoo&amp;utm_medium=rss&amp;utm_campaign=news_feed&amp;utm_content=in_article_link\" rel=\"nofollow noopener\" target=\"_blank\" data-ylk=\"slk:Marseille;elm:context_link;itc:0;sec:content-canvas\" class=\"link \">Marseille<\/a>. Il avait alors parl\u00e9 d\u2019un coup de filet ayant frapp\u00e9 le \u00ab\u00a0haut du spectre\u00a0\u00bb du <a href=\"https:\/\/www.20minutes.fr\/dossier\/narcotrafiquants?at_medium=RSS+feed&amp;at_campaign=ynews&amp;utm_source=yahoo&amp;utm_medium=rss&amp;utm_campaign=news_feed&amp;utm_content=in_article_link\" rel=\"nofollow noopener\" target=\"_blank\" data-ylk=\"slk:narcobanditisme;elm:context_link;itc:0;sec:content-canvas\" class=\"link \">narcobanditisme <\/a>marseillais.<\/p>\n<p>\u00ab\u00a0Un coup tr\u00e8s fort a \u00e9t\u00e9 port\u00e9 \u00e0 cette organisation criminelle de type mafieuse \u00e0 la Castellane\u00a0\u00bb, s\u2019est f\u00e9licit\u00e9 ce lundi, lors d\u2019une conf\u00e9rence de presse, le procureur de la R\u00e9publique de Marseille, Nicolas Bessone.<\/p>\n<p>Les t\u00eates du r\u00e9seau \u00ab\u00a0pour l\u2019instant hors d\u2019atteinte\u00a0\u00bb<\/p>\n<p>En tout, 23 personnes ont \u00e9t\u00e9 arr\u00eat\u00e9es dans l\u2019agglom\u00e9ration de la deuxi\u00e8me ville de France et en Moselle. Parmi elles, \u00ab\u00a0seize ont fait l\u2019objet d\u2019un d\u00e9ferrement\u00a0\u00bb et \u00ab\u00a0cinq ont \u00e9t\u00e9 plac\u00e9es en d\u00e9tention provisoire\u00a0\u00bb. La sixi\u00e8me a \u00e9t\u00e9 plac\u00e9e sous contr\u00f4le judiciaire et l\u2019on attend le sort qui sera r\u00e9serv\u00e9 aux dix derni\u00e8res.<\/p>\n<p>\u00ab\u00a0On a tap\u00e9 au niveau des membres les plus importants qui \u00e9taient pr\u00e9sents sur le territoire national de cette organisation criminelle\u00a0\u00bb, a ajout\u00e9 le patron du Service interd\u00e9partemental de la police judiciaire Philippe Frizon. Il pr\u00e9cise toutefois que les t\u00eates du r\u00e9seau sont \u00ab\u00a0pour l\u2019instant hors d\u2019atteinte\u00a0\u00bb parce qu\u2019elles se trouvent \u00e0 l\u2019\u00e9tranger. Ils feront l\u2019objet de mandats d\u2019arr\u00eat a pr\u00e9cis\u00e9 le policier.<\/p>\n<p>Ce groupe criminel op\u00e9rait depuis \u00ab\u00a0plusieurs ann\u00e9es\u00a0\u00bb \u00e0 la Castellane, une cit\u00e9 des quartiers Nord de la cit\u00e9 phoc\u00e9enne, gangren\u00e9e par le trafic de drogue. Mais son (&#8230;)<\/p>\n<p><a href=\"https:\/\/www.20minutes.fr\/justice\/4150824-20250428-marseille-plusieurs-importants-narcotrafiquants-reseau-castellane-tombes?at_medium=RSS+feed&amp;at_campaign=ynews&amp;utm_source=yahoo&amp;utm_medium=rss&amp;utm_campaign=news_feed&amp;utm_content=read_more_link&quot;\" rel=\"nofollow noopener\" target=\"_blank\" data-ylk=\"slk:Lire la suite sur 20minutes;elm:context_link;itc:0;sec:content-canvas\" class=\"link \">Lire la suite sur 20minutes<\/a><\/p>\n<p>\u00c0 lire aussi :<br \/><a href=\"https:\/\/www.20minutes.fr\/societe\/4147982-20250410-pu-entrer-future-prison-haute-securite-narcos-vendin-vieil-sortir?at_medium=RSS+feed&amp;at_campaign=ynews&amp;utm_source=yahoo&amp;utm_medium=rss&amp;utm_campaign=news_feed&amp;utm_content=related_content_link\" rel=\"nofollow noopener\" target=\"_blank\" data-ylk=\"slk:On a pu entrer dans la future prison de haute s\u00e9curit\u00e9 pour narcos \u00e0 Vendin-le-Vieil (et en sortir);elm:context_link;itc:0;sec:content-canvas\" class=\"link \">On a pu entrer dans la future prison de haute s\u00e9curit\u00e9 pour narcos \u00e0 Vendin-le-Vieil (et en sortir)<\/a><br \/><a href=\"https:\/\/www.20minutes.fr\/faits_divers\/4148078-20250414-drogue-cocaine-cannabis-apres-dockers-marins-collimateur-enqueteurs?at_medium=RSS+feed&amp;at_campaign=ynews&amp;utm_source=yahoo&amp;utm_medium=rss&amp;utm_campaign=news_feed&amp;utm_content=related_content_link\" rel=\"nofollow noopener\" target=\"_blank\" data-ylk=\"slk:Drogue\u00a0: Coca\u00efne, cannabis\u2026 Apr\u00e8s les dockers, les marins dans le collimateur des enqu\u00eateurs;elm:context_link;itc:0;sec:content-canvas\" class=\"link \">Drogue\u00a0: Coca\u00efne, cannabis\u2026 Apr\u00e8s les dockers, les marins dans le collimateur des enqu\u00eateurs<\/a><\/p>\n","protected":false},"excerpt":{"rendered":"narcoup de filet &#8211; Au moins cinq des plus gros membres d\u2019un r\u00e9seau criminel qui op\u00e9rait et brassait&hellip;\n","protected":false},"author":2,"featured_media":60327,"comment_status":"","ping_status":"","sticky":false,"template":"","format":"standard","meta":{"footnotes":""},"categories":[2814],"tags":[1111,11,1013,4110,5816,1777,674,1011,27,884,12,15728,15729,882,25],"class_list":{"0":"post-60326","1":"post","2":"type-post","3":"status-publish","4":"format-standard","5":"has-post-thumbnail","7":"category-marseille","8":"tag-actu","9":"tag-actualites","10":"tag-bruno-retailleau","11":"tag-castellane","12":"tag-detention-provisoire","13":"tag-eu","14":"tag-europe","15":"tag-fr","16":"tag-france","17":"tag-marseille","18":"tag-news","19":"tag-nicolas-bessone","20":"tag-organisation-criminelle","21":"tag-provence-alpes-cote-dazur","22":"tag-republique-francaise"},"share_on_mastodon":{"url":"https:\/\/pubeurope.com\/@fr\/114417940826131739","error":""},"_links":{"self":[{"href":"https:\/\/www.europesays.com\/fr\/wp-json\/wp\/v2\/posts\/60326","targetHints":{"allow":["GET"]}}],"collection":[{"href":"https:\/\/www.europesays.com\/fr\/wp-json\/wp\/v2\/posts"}],"about":[{"href":"https:\/\/www.europesays.com\/fr\/wp-json\/wp\/v2\/types\/post"}],"author":[{"embeddable":true,"href":"https:\/\/www.europesays.com\/fr\/wp-json\/wp\/v2\/users\/2"}],"replies":[{"embeddable":true,"href":"https:\/\/www.europesays.com\/fr\/wp-json\/wp\/v2\/comments?post=60326"}],"version-history":[{"count":0,"href":"https:\/\/www.europesays.com\/fr\/wp-json\/wp\/v2\/posts\/60326\/revisions"}],"wp:featuredmedia":[{"embeddable":true,"href":"https:\/\/www.europesays.com\/fr\/wp-json\/wp\/v2\/media\/60327"}],"wp:attachment":[{"href":"https:\/\/www.europesays.com\/fr\/wp-json\/wp\/v2\/media?parent=60326"}],"wp:term":[{"taxonomy":"category","embeddable":true,"href":"https:\/\/www.europesays.com\/fr\/wp-json\/wp\/v2\/categories?post=60326"},{"taxonomy":"post_tag","embeddable":true,"href":"https:\/\/www.europesays.com\/fr\/wp-json\/wp\/v2\/tags?post=60326"}],"curies":[{"name":"wp","href":"https:\/\/api.w.org\/{rel}","templated":true}]}}