{"id":603260,"date":"2025-12-16T15:49:13","date_gmt":"2025-12-16T15:49:13","guid":{"rendered":"https:\/\/www.europesays.com\/fr\/603260\/"},"modified":"2025-12-16T15:49:13","modified_gmt":"2025-12-16T15:49:13","slug":"le-nantes-atlantique-business-club-annonce-une-fermeture-temporaire-avant-une-relance-en-2026","status":"publish","type":"post","link":"https:\/\/www.europesays.com\/fr\/603260\/","title":{"rendered":"Le Nantes Atlantique Business Club annonce une fermeture temporaire avant une relance en 2026"},"content":{"rendered":"<p melodystyle=\"texte\" data-end=\"603\">Le Nantes Atlantique Business Club a ferm\u00e9 temporairement ses portes au 1er d\u00e9cembre 2025. Le r\u00e9seau d&rsquo;affaires nantais pr\u00e9pare actuellement sa relance, avec l&rsquo;arriv\u00e9e d&rsquo;une nouvelle \u00e9quipe et d&rsquo;un nouveau manager, annonc\u00e9e pour le premier trimestre 2026. Objectif : proposer de nouveaux rendez-vous et poursuivre le d\u00e9veloppement du club, actif sur la r\u00e9gion nantaise depuis 2017. Cette pause fait suite au d\u00e9part, en juillet 2024, de Jean-Charles Verdalle et Julien Denis, qui avaient anim\u00e9 le club pendant sept ans. Le repreneur qui leur avait succ\u00e9d\u00e9 a rencontr\u00e9 des difficult\u00e9s, conduisant \u00e0 la rupture du contrat. \u00ab\u00a0Dans quelques semaines, une nouvelle \u00e9quipe, tr\u00e8s motiv\u00e9e, sera \u00e0 nos c\u00f4t\u00e9s pour poursuivre et d\u00e9velopper ce beau projet\u00a0\u00bb, indique Olivier Talbert, pr\u00e9sident et fondateur du Business Club Group. <\/p>\n","protected":false},"excerpt":{"rendered":"Le Nantes Atlantique Business Club a ferm\u00e9 temporairement ses portes au 1er d\u00e9cembre 2025. Le r\u00e9seau d&rsquo;affaires nantais&hellip;\n","protected":false},"author":2,"featured_media":603261,"comment_status":"","ping_status":"","sticky":false,"template":"","format":"standard","meta":{"footnotes":""},"categories":[2818],"tags":[1111,11,1777,674,1011,27,766,12,2636,25],"class_list":{"0":"post-603260","1":"post","2":"type-post","3":"status-publish","4":"format-standard","5":"has-post-thumbnail","7":"category-nantes","8":"tag-actu","9":"tag-actualites","10":"tag-eu","11":"tag-europe","12":"tag-fr","13":"tag-france","14":"tag-nantes","15":"tag-news","16":"tag-pays-de-la-loire","17":"tag-republique-francaise"},"share_on_mastodon":{"url":"https:\/\/pubeurope.com\/@fr\/115730039855256931","error":""},"_links":{"self":[{"href":"https:\/\/www.europesays.com\/fr\/wp-json\/wp\/v2\/posts\/603260","targetHints":{"allow":["GET"]}}],"collection":[{"href":"https:\/\/www.europesays.com\/fr\/wp-json\/wp\/v2\/posts"}],"about":[{"href":"https:\/\/www.europesays.com\/fr\/wp-json\/wp\/v2\/types\/post"}],"author":[{"embeddable":true,"href":"https:\/\/www.europesays.com\/fr\/wp-json\/wp\/v2\/users\/2"}],"replies":[{"embeddable":true,"href":"https:\/\/www.europesays.com\/fr\/wp-json\/wp\/v2\/comments?post=603260"}],"version-history":[{"count":0,"href":"https:\/\/www.europesays.com\/fr\/wp-json\/wp\/v2\/posts\/603260\/revisions"}],"wp:featuredmedia":[{"embeddable":true,"href":"https:\/\/www.europesays.com\/fr\/wp-json\/wp\/v2\/media\/603261"}],"wp:attachment":[{"href":"https:\/\/www.europesays.com\/fr\/wp-json\/wp\/v2\/media?parent=603260"}],"wp:term":[{"taxonomy":"category","embeddable":true,"href":"https:\/\/www.europesays.com\/fr\/wp-json\/wp\/v2\/categories?post=603260"},{"taxonomy":"post_tag","embeddable":true,"href":"https:\/\/www.europesays.com\/fr\/wp-json\/wp\/v2\/tags?post=603260"}],"curies":[{"name":"wp","href":"https:\/\/api.w.org\/{rel}","templated":true}]}}