{"id":603264,"date":"2025-12-16T15:51:12","date_gmt":"2025-12-16T15:51:12","guid":{"rendered":"https:\/\/www.europesays.com\/fr\/603264\/"},"modified":"2025-12-16T15:51:12","modified_gmt":"2025-12-16T15:51:12","slug":"un-pharmacien-condamne-pour-avoir-falsifie-des-ordonnances-de-la-cpam-a-hauteur-de-243-000-euros","status":"publish","type":"post","link":"https:\/\/www.europesays.com\/fr\/603264\/","title":{"rendered":"un pharmacien condamn\u00e9 pour avoir falsifi\u00e9 des ordonnances de la CPAM \u00e0 hauteur de 243.000 euros"},"content":{"rendered":"<p>\n    Le pharmacien de 58 ans a \u00e9t\u00e9 condamn\u00e9 \u00e0 deux ans de prison avec sursis au tribunal correctionnel de Bordeaux.<\/p>\n<p class=\"fig-paragraph\">La justice a tranch\u00e9. Un pharmacien de 58 ans a \u00e9t\u00e9 condamn\u00e9 lundi par le tribunal correctionnel de\u00a0<a href=\"http:\/\/www.lefigaro.fr\/bordeaux\/on-n-y-comprend-rien-a-bordeaux-de-nombreux-usagers-des-transports-en-commun-agaces-par-les-nouvelles-lignes-de-tramway-20251216\" data-fig-type=\"NewsFlash\" data-gtm-custom-categorie=\"navigation\" data-gtm-custom-action=\"crossclick\" data-gtm-custom-label=\"Contextuel\" data-gtm-event=\"customEventSPE\" data-fig-domain=\"LEFIGARO\" target=\"_blank\" rel=\"noopener\">Bordeaux<\/a>\u00a0\u00e0 deux ans d\u2019emprisonnement avec sursis pour des faits de fraude \u00e0 l\u2019<a href=\"http:\/\/www.lefigaro.fr\/social\/le-conseil-de-l-assurance-maladie-rejette-un-projet-de-decret-durcissant-les-conditions-pour-beneficier-de-l-ame-20251106\" data-fig-type=\"NewsFlash\" data-gtm-custom-categorie=\"navigation\" data-gtm-custom-action=\"crossclick\" data-gtm-custom-label=\"Contextuel\" data-gtm-event=\"customEventSPE\" data-fig-domain=\"LEFIGARO\" target=\"_blank\" rel=\"noopener\">assurance maladie<\/a>. Le quinquag\u00e9naire \u00e9tait poursuivi pour avoir adress\u00e9 \u00e0 la Caisse primaire d\u2019assurance maladie (CPAM) de Gironde des ordonnances falsifi\u00e9es, au b\u00e9n\u00e9fice financier de sa pharmacie du quartier Grand Parc.<\/p>\n<p class=\"fig-paragraph\">Selon les juges, le montant du pr\u00e9judice s\u2019\u00e9l\u00e8ve \u00e0 243.000 euros. Afin de permettre l\u2019indemnisation des victimes, le tribunal a ordonn\u00e9 la saisie de plusieurs biens appartenant au pr\u00e9venu, dont son appartement situ\u00e9 \u00e0\u00a0<a href=\"https:\/\/www.lefigaro.fr\/lyon\/festival-antifa-a-villeurbanne-wauquiez-retoque-par-la-justice-la-region-va-devoir-verser-270-000-euros-20251203?msockid=258c4318a154643d05395665a0ed65f9\" target=\"_blank\" data-fig-type=\"NewsFlash\" rel=\"sponsored noopener\" data-gtm-custom-categorie=\"navigation\" data-gtm-custom-action=\"crossclick\" data-gtm-custom-label=\"Contextuel\" data-gtm-event=\"customEventSPE\" data-fig-domain=\"LEFIGARO\">Villeurbanne<\/a>, une partie de son assurance-vie ainsi que des cr\u00e9ances li\u00e9es \u00e0 son bien immobilier. Les sommes r\u00e9cup\u00e9r\u00e9es devront \u00eatre revers\u00e9es \u00e0 l\u2019Assurance maladie ainsi qu\u2019aux huit professionnels de sant\u00e9 constitu\u00e9s parties civiles.<\/p>\n<p>                                            <a class=\"fig-a11y-skip\" href=\"#fig-a11y-skip-main-inarticle\" data-module=\"a11y-skip\" data-context=\"was @visible\"><br \/>\n    Passer la publicit\u00e9<br \/>\n<\/a>            <\/p>\n<p>                                            124.000 euros de dommages et int\u00e9r\u00eats<\/p>\n<p class=\"fig-paragraph\">Le pharmacien devra verser 124.000 euros de dommages et int\u00e9r\u00eats aux victimes. La pharmacie elle-m\u00eame, poursuivie en tant que personne morale, a \u00e9t\u00e9 condamn\u00e9e \u00e0 une amende de 50.000 euros, dont 20.000 avec sursis. Elle devra \u00e9galement afficher la d\u00e9cision de justice sur sa devanture pendant un mois.<\/p>\n<p class=\"fig-paragraph\">Il a en revanche \u00e9t\u00e9 relax\u00e9 du chef de \u00abfaux\u00bb. Le tribunal n\u2019a pas dispos\u00e9 d\u2019\u00e9l\u00e9ments suffisants pour \u00e9tablir que le patron de l\u2019officine falsifiait lui-m\u00eame et de fa\u00e7on syst\u00e9matique les prescriptions m\u00e9dicales avant leur transmission \u00e0 la CPAM.<\/p>\n<p class=\"fig-paragraph\">Contact\u00e9 par Le Figaro, son avocat Fr\u00e9d\u00e9ric Biais n\u2019a pas r\u00e9pondu \u00e0 nos sollicitations. L\u2019auteur pr\u00e9sum\u00e9 des faits dispose encore de 9 jours pour faire appel.<\/p>\n","protected":false},"excerpt":{"rendered":"Le pharmacien de 58 ans a \u00e9t\u00e9 condamn\u00e9 \u00e0 deux ans de prison avec sursis au tribunal correctionnel&hellip;\n","protected":false},"author":2,"featured_media":603265,"comment_status":"","ping_status":"","sticky":false,"template":"","format":"standard","meta":{"footnotes":""},"categories":[2817],"tags":[1111,11,732,1997,1777,674,1011,27,1006,12,2219,15299,25],"class_list":{"0":"post-603264","1":"post","2":"type-post","3":"status-publish","4":"format-standard","5":"has-post-thumbnail","7":"category-bordeaux","8":"tag-actu","9":"tag-actualites","10":"tag-assurance-maladie","11":"tag-bordeaux","12":"tag-eu","13":"tag-europe","14":"tag-fr","15":"tag-france","16":"tag-fraude","17":"tag-news","18":"tag-nouvelle-aquitaine","19":"tag-pharmacie","20":"tag-republique-francaise"},"share_on_mastodon":{"url":"https:\/\/pubeurope.com\/@fr\/115730047613628658","error":""},"_links":{"self":[{"href":"https:\/\/www.europesays.com\/fr\/wp-json\/wp\/v2\/posts\/603264","targetHints":{"allow":["GET"]}}],"collection":[{"href":"https:\/\/www.europesays.com\/fr\/wp-json\/wp\/v2\/posts"}],"about":[{"href":"https:\/\/www.europesays.com\/fr\/wp-json\/wp\/v2\/types\/post"}],"author":[{"embeddable":true,"href":"https:\/\/www.europesays.com\/fr\/wp-json\/wp\/v2\/users\/2"}],"replies":[{"embeddable":true,"href":"https:\/\/www.europesays.com\/fr\/wp-json\/wp\/v2\/comments?post=603264"}],"version-history":[{"count":0,"href":"https:\/\/www.europesays.com\/fr\/wp-json\/wp\/v2\/posts\/603264\/revisions"}],"wp:featuredmedia":[{"embeddable":true,"href":"https:\/\/www.europesays.com\/fr\/wp-json\/wp\/v2\/media\/603265"}],"wp:attachment":[{"href":"https:\/\/www.europesays.com\/fr\/wp-json\/wp\/v2\/media?parent=603264"}],"wp:term":[{"taxonomy":"category","embeddable":true,"href":"https:\/\/www.europesays.com\/fr\/wp-json\/wp\/v2\/categories?post=603264"},{"taxonomy":"post_tag","embeddable":true,"href":"https:\/\/www.europesays.com\/fr\/wp-json\/wp\/v2\/tags?post=603264"}],"curies":[{"name":"wp","href":"https:\/\/api.w.org\/{rel}","templated":true}]}}