{"id":603270,"date":"2025-12-16T15:54:13","date_gmt":"2025-12-16T15:54:13","guid":{"rendered":"https:\/\/www.europesays.com\/fr\/603270\/"},"modified":"2025-12-16T15:54:13","modified_gmt":"2025-12-16T15:54:13","slug":"bon-plan-a-lille-un-gros-destockage-de-vaisselle-artisanale-fabriquee-au-portugal-a-petits-prix","status":"publish","type":"post","link":"https:\/\/www.europesays.com\/fr\/603270\/","title":{"rendered":"Bon plan \u00e0 Lille. Un gros d\u00e9stockage de vaisselle artisanale fabriqu\u00e9e au Portugal \u00e0 petits prix"},"content":{"rendered":"<p>                    Par<br \/>\n        <strong><br \/>\n            <a href=\"https:\/\/actu.fr\/auteur\/hervine-mahaud\" title=\"Consulter tous les articles de Hervine Mahaud\" target=\"_blank\" rel=\"noopener\">Hervine Mahaud<\/a><br \/>\n                    <\/strong><\/p>\n<p>        Publi\u00e9 le<\/p>\n<p>            16 d\u00e9c. 2025 \u00e0 16h42        <\/p>\n<p>Une bonne <b>id\u00e9e cadeau<\/b>, ou un <a href=\"https:\/\/actu.fr\/tag\/bon-plan-a-lille\" target=\"_blank\" rel=\"noopener\">bon plan<\/a> pour \u00e9gayer votre table pour les f\u00eates de fin d\u2019ann\u00e9e. Du mercredi 17 au dimanche 21 d\u00e9cembre 2025, une <b>vente de d\u00e9stockage<\/b> est propos\u00e9e \u00e0 <a href=\"https:\/\/actu.fr\/lille\/\" target=\"_blank\" rel=\"noopener\">Lille<\/a>. Elle permettra de s\u2019offrir \u00e0 prix doux de la <b>vaisselle artisanale fabriqu\u00e9e au Portugal<\/b>, pays reconnu pour son savoir-faire et la durabilit\u00e9 de ses produits.\u00a0<\/p>\n<p>De la vaisselle de qualit\u00e9 vendue \u00e0 petits prix lors d\u2019un grand d\u00e9stockage \u00e0 Lille<\/p>\n<p class=\" wall-content\">Pour faire le plein de vaisselle \u00e0 petits, il faudra se rendre au <a href=\"https:\/\/actu.fr\/hauts-de-france\/lille_59350\/jouets-resto-loisirs-le-centre-commercial-lillenium-annonce-plein-douvertures-pour-la-fin-dannee_63300666.html\" target=\"_blank\" rel=\"noopener\">centre commercial Lillenium<\/a>, dans une cellule commerciale situ\u00e9e au rez-de-chauss\u00e9e, en face de la boutique Foot Korner. Sur place, l\u2019enseigne Popply proposera \u00ab\u00a0une <b>vente \u00e9ph\u00e9m\u00e8re exceptionnelle<\/b>\u00a0\u00bb de vaisselle artisanale fabriqu\u00e9e au Portugal.\u00a0<\/p>\n<p class=\" wall-content\"><a href=\"https:\/\/www.instagram.com\/p\/DSR0QqJjM6B\/embed\" title=\"Ouvrir le lien sur Instagram\" target=\"_blank\" rel=\"noopener\">Visualiser le contenu sur Instagram<\/a><\/p>\n<p class=\" wall-content\">Que pourra-t-on retrouver au juste ? \u00ab\u00a0Assiettes, bols, plats\u2026 une s\u00e9lection authentique \u00e0 prix doux\u00a0\u00bb et \u00ab\u00a0des pi\u00e8ces pens\u00e9es pour sublimer votre table, du quotidien aux grandes occasions\u00a0\u00bb.\u00a0<\/p>\n<p class=\" wall-content\">Ces articles en d\u00e9stockage seront propos\u00e9s \u00e0 prix bas, de 4,50 \u20ac \u00e0 29 \u20ac. Mais attention, les stocks sont limit\u00e9s : \u00ab\u00a0premiers arriv\u00e9s, premiers servis\u00a0\u00bb, pr\u00e9viennent les organisateurs.<\/p>\n<p class=\" wall-content\">Personnalisez votre actualit\u00e9 en ajoutant vos villes et m\u00e9dias en favori avec <a href=\"https:\/\/moncompte.actu.fr\" title=\"D\u00e9couvez Mon Actu\" rel=\"nofollow noopener\" data-trk=\"{&quot;cta&quot;:{&quot;action&quot;:&quot;https:\\\/\\\/moncompte.actu.fr&quot;,&quot;category&quot;:&quot;mon compte&quot;,&quot;from&quot;:&quot;article footer&quot;,&quot;name&quot;:&quot;Mon actu&quot;,&quot;type&quot;:&quot;cta&quot;}}\" target=\"_blank\">Mon Actu<\/a>.<\/p>\n<p>                    <script async src=\"\/\/www.instagram.com\/embed.js\"><\/script><\/p>\n","protected":false},"excerpt":{"rendered":"Par Hervine Mahaud Publi\u00e9 le 16 d\u00e9c. 2025 \u00e0 16h42 Une bonne id\u00e9e cadeau, ou un bon plan&hellip;\n","protected":false},"author":2,"featured_media":603271,"comment_status":"","ping_status":"","sticky":false,"template":"","format":"standard","meta":{"footnotes":""},"categories":[2815],"tags":[1111,11,6557,1777,674,1011,27,811,1307,1652,12,25],"class_list":{"0":"post-603270","1":"post","2":"type-post","3":"status-publish","4":"format-standard","5":"has-post-thumbnail","7":"category-lille","8":"tag-actu","9":"tag-actualites","10":"tag-bon-plan-a-lille","11":"tag-eu","12":"tag-europe","13":"tag-fr","14":"tag-france","15":"tag-hauts-de-france","16":"tag-lille","17":"tag-loisirs-culture","18":"tag-news","19":"tag-republique-francaise"},"share_on_mastodon":{"url":"https:\/\/pubeurope.com\/@fr\/115730059541457527","error":""},"_links":{"self":[{"href":"https:\/\/www.europesays.com\/fr\/wp-json\/wp\/v2\/posts\/603270","targetHints":{"allow":["GET"]}}],"collection":[{"href":"https:\/\/www.europesays.com\/fr\/wp-json\/wp\/v2\/posts"}],"about":[{"href":"https:\/\/www.europesays.com\/fr\/wp-json\/wp\/v2\/types\/post"}],"author":[{"embeddable":true,"href":"https:\/\/www.europesays.com\/fr\/wp-json\/wp\/v2\/users\/2"}],"replies":[{"embeddable":true,"href":"https:\/\/www.europesays.com\/fr\/wp-json\/wp\/v2\/comments?post=603270"}],"version-history":[{"count":0,"href":"https:\/\/www.europesays.com\/fr\/wp-json\/wp\/v2\/posts\/603270\/revisions"}],"wp:featuredmedia":[{"embeddable":true,"href":"https:\/\/www.europesays.com\/fr\/wp-json\/wp\/v2\/media\/603271"}],"wp:attachment":[{"href":"https:\/\/www.europesays.com\/fr\/wp-json\/wp\/v2\/media?parent=603270"}],"wp:term":[{"taxonomy":"category","embeddable":true,"href":"https:\/\/www.europesays.com\/fr\/wp-json\/wp\/v2\/categories?post=603270"},{"taxonomy":"post_tag","embeddable":true,"href":"https:\/\/www.europesays.com\/fr\/wp-json\/wp\/v2\/tags?post=603270"}],"curies":[{"name":"wp","href":"https:\/\/api.w.org\/{rel}","templated":true}]}}