{"id":603277,"date":"2025-12-16T15:58:12","date_gmt":"2025-12-16T15:58:12","guid":{"rendered":"https:\/\/www.europesays.com\/fr\/603277\/"},"modified":"2025-12-16T15:58:12","modified_gmt":"2025-12-16T15:58:12","slug":"lyon-une-nouvelle-ligne-de-bus-pour-rejoindre-les-stations-de-ski","status":"publish","type":"post","link":"https:\/\/www.europesays.com\/fr\/603277\/","title":{"rendered":"Lyon : une nouvelle ligne de bus pour rejoindre les stations de ski"},"content":{"rendered":"<p>Une nouvelle ligne BlaBlaCar Bus va voir le jour entre Lyon et les stations de ski de La Tarentaise, en Savoie. Plus de 2.000 places seront propos\u00e9es sur l&rsquo;ensemble de la saison.<\/p>\n<p>Bonne nouvelle pour les skieurs, et notamment les skieurs lyonnais ! BlaBlaCar Bus annonce l&rsquo;ouverture d&rsquo;<b>une nouvelle ligne de bus entre Lyon et la vall\u00e9e de la Tarentaise<\/b> (Savoie).<\/p>\n<p>Cette liaison saisonni\u00e8re desservira Chamb\u00e9ry, Mo\u00fbtiers, Aime-la-Plagne et Bourg-Saint-Maurice.<\/p>\n<p>Des grandes stations de ski accessibles depuis Lyon<\/p>\n<p>Les bus de cette nouvelle ligne circuleront <b>pendant les vacances de No\u00ebl et d&rsquo;hiver<\/b>, principalement les week-ends, avec pour but de rendre accessibles plusieurs grandes stations.<\/p>\n<p>Depuis ces arr\u00eats, les voyageurs pourront rejoindre les domaines <b>des 3 Vall\u00e9es<\/b>, de <b>La Plagne<\/b>, de <b>Tignes<\/b> ou encore de <b>Val d&rsquo;Is\u00e8re<\/b> gr\u00e2ce aux r\u00e9seaux de transports locaux, comme les navettes ou les bus r\u00e9gionaux.<\/p>\n<p>Les horaires et les prix de cette nouvelle ligne de bus<\/p>\n<p>Sur l&rsquo;ensemble de la saison, <b>plus de 2.000 si\u00e8ges<\/b> seront propos\u00e9s \u00e0 la vente.<\/p>\n<p>BlaBlaCar assure que les horaires seront adapt\u00e9s \u00ab\u00a0aux habitudes des Lyonnais\u00a0\u00bb, avec d\u00e9parts le vendredi soir et des retours le dimanche notamment.<\/p>\n<p><b>P\u00e9riode des vacances de No\u00ebl (du 19\/12 au 5\/01) :<\/b> vendredi, samedi, dimanche et lundi.<\/p>\n<p><b>P\u00e9riode des vacances d&rsquo;hiver (du 7\/02 au 8\/03) :<\/b> samedi et dimanche.<\/p>\n<p>C\u00f4t\u00e9 tarifs, le trajet co\u00fbtera <b>au minimum 19,99 euros<\/b> jusqu&rsquo;\u00e0 Mo\u00fbtiers,<b>\u00a0<\/b>Aime-la-Plagne et Bourg-Saint-Maurice.<\/p>\n<p>En parall\u00e8le, BlaBlaCar pr\u00e9voit aussi de \u00ab\u00a0renforcer la liaison Lyon-Chamb\u00e9ry durant la haute saison hivernale\u00a0\u00bb, pour faire face aux pics de fr\u00e9quentation.<\/p>\n<p><img loading=\"lazy\" decoding=\"async\" src=\"https:\/\/www.europesays.com\/fr\/wp-content\/uploads\/2025\/12\/1765900692_316_img\" width=\"350\" height=\"200\" border=\"0\" title=\"De la neige en montagne\"\/><\/p>\n<p>\u25baFaits divers<\/p>\n<p style=\"font-size: 22px;\"><b>Auvergne-Rh\u00f4ne-Alpes : le saisonnier dispara\u00eet, il dormait&#8230; dans un igloo !\u00a0<\/b><\/p>\n<p>Un jeune homme a d\u00e9clench\u00e9 un important dispositif&#8230;<\/p>\n<p><\/p>\n","protected":false},"excerpt":{"rendered":"Une nouvelle ligne BlaBlaCar Bus va voir le jour entre Lyon et les stations de ski de La&hellip;\n","protected":false},"author":2,"featured_media":603278,"comment_status":"","ping_status":"","sticky":false,"template":"","format":"standard","meta":{"footnotes":""},"categories":[1889],"tags":[71559,1111,11,2430,7833,7048,12362,1777,674,1011,27,27803,71557,2428,71558,10584,12,25,4129,71304,42849,71560],"class_list":{"0":"post-603277","1":"post","2":"type-post","3":"status-publish","4":"format-standard","5":"has-post-thumbnail","7":"category-lyon","8":"tag-3-valles","9":"tag-actu","10":"tag-actualites","11":"tag-auvergne-rhone-alpes","12":"tag-blablacar","13":"tag-bus","14":"tag-chambry","15":"tag-eu","16":"tag-europe","17":"tag-fr","18":"tag-france","19":"tag-la-plagne","20":"tag-la-tarentaise","21":"tag-lyon","22":"tag-motiers","23":"tag-neige","24":"tag-news","25":"tag-republique-francaise","26":"tag-ski","27":"tag-stations-de-ski","28":"tag-tignes","29":"tag-val-disre"},"share_on_mastodon":{"url":"https:\/\/pubeurope.com\/@fr\/115730075701461037","error":""},"_links":{"self":[{"href":"https:\/\/www.europesays.com\/fr\/wp-json\/wp\/v2\/posts\/603277","targetHints":{"allow":["GET"]}}],"collection":[{"href":"https:\/\/www.europesays.com\/fr\/wp-json\/wp\/v2\/posts"}],"about":[{"href":"https:\/\/www.europesays.com\/fr\/wp-json\/wp\/v2\/types\/post"}],"author":[{"embeddable":true,"href":"https:\/\/www.europesays.com\/fr\/wp-json\/wp\/v2\/users\/2"}],"replies":[{"embeddable":true,"href":"https:\/\/www.europesays.com\/fr\/wp-json\/wp\/v2\/comments?post=603277"}],"version-history":[{"count":0,"href":"https:\/\/www.europesays.com\/fr\/wp-json\/wp\/v2\/posts\/603277\/revisions"}],"wp:featuredmedia":[{"embeddable":true,"href":"https:\/\/www.europesays.com\/fr\/wp-json\/wp\/v2\/media\/603278"}],"wp:attachment":[{"href":"https:\/\/www.europesays.com\/fr\/wp-json\/wp\/v2\/media?parent=603277"}],"wp:term":[{"taxonomy":"category","embeddable":true,"href":"https:\/\/www.europesays.com\/fr\/wp-json\/wp\/v2\/categories?post=603277"},{"taxonomy":"post_tag","embeddable":true,"href":"https:\/\/www.europesays.com\/fr\/wp-json\/wp\/v2\/tags?post=603277"}],"curies":[{"name":"wp","href":"https:\/\/api.w.org\/{rel}","templated":true}]}}